{"id":50806,"date":"2025-02-21T17:06:37","date_gmt":"2025-02-21T20:06:37","guid":{"rendered":"https:\/\/radiorevelacionfm.cl\/?p=50806"},"modified":"2025-02-21T17:13:55","modified_gmt":"2025-02-21T20:13:55","slug":"proyecto-geoparque-chelenko-avanza-con-conformacion-de-mesa-de-gobernanza","status":"publish","type":"post","link":"https:\/\/radiorevelacionfm.cl\/?p=50806","title":{"rendered":"Proyecto Geoparque Chelenko avanza con conformaci\u00f3n de mesa de gobernanza"},"content":{"rendered":"<div class=\"flex_column av_one_full  flex_column_div av-zero-column-padding first  avia-builder-el-0  el_before_av_one_full  avia-builder-el-first  \" style='border-radius:0px; '><div  class='avia-image-container  av-styling-    avia-builder-el-1  avia-builder-el-no-sibling  avia-align-center '  itemprop=\"image\" itemscope=\"itemscope\" itemtype=\"https:\/\/schema.org\/ImageObject\"  ><div class='avia-image-container-inner'><div class='avia-image-overlay-wrap'><img decoding=\"async\" class='wp-image-50807 avia-img-lazy-loading-not-50807 avia_image' src=\"https:\/\/radiorevelacionfm.cl\/wp-content\/uploads\/2025\/02\/DSC5856-1-1.jpg\" alt='' title='_DSC5856 (1) (1)' height=\"600\" width=\"900\"  itemprop=\"thumbnailUrl\" srcset=\"https:\/\/radiorevelacionfm.cl\/wp-content\/uploads\/2025\/02\/DSC5856-1-1.jpg 900w, https:\/\/radiorevelacionfm.cl\/wp-content\/uploads\/2025\/02\/DSC5856-1-1-300x200.jpg 300w, https:\/\/radiorevelacionfm.cl\/wp-content\/uploads\/2025\/02\/DSC5856-1-1-768x512.jpg 768w, https:\/\/radiorevelacionfm.cl\/wp-content\/uploads\/2025\/02\/DSC5856-1-1-705x470.jpg 705w, https:\/\/radiorevelacionfm.cl\/wp-content\/uploads\/2025\/02\/DSC5856-1-1-450x300.jpg 450w, https:\/\/radiorevelacionfm.cl\/wp-content\/uploads\/2025\/02\/DSC5856-1-1-600x400.jpg 600w\" sizes=\"(max-width: 900px) 100vw, 900px\" \/><\/div><\/div><\/div><\/div>\n<div class=\"flex_column av_one_full  flex_column_div av-zero-column-padding first  avia-builder-el-2  el_after_av_one_full  el_before_av_one_full  column-top-margin\" style='border-radius:0px; '><section class=\"av_textblock_section \"  itemscope=\"itemscope\" itemtype=\"https:\/\/schema.org\/BlogPosting\" itemprop=\"blogPost\" ><div class='avia_textblock  '   itemprop=\"text\" ><p style=\"text-align: center;\"><span style=\"font-size: 18pt;\"><strong>Proyecto Geoparque Chelenko avanza con conformaci\u00f3n de mesa de gobernanza <\/strong><\/span><\/p>\n<div id=\"gtx-trans\" style=\"position: absolute; left: -50px; top: 4.31534px;\">\n<div class=\"gtx-trans-icon\"><\/div>\n<\/div>\n<\/div><\/section><\/div><div class=\"flex_column av_one_full  flex_column_div av-zero-column-padding first  avia-builder-el-4  el_after_av_one_full  el_before_av_hr  column-top-margin\" style='border-radius:0px; '><section class=\"av_textblock_section \"  itemscope=\"itemscope\" itemtype=\"https:\/\/schema.org\/BlogPosting\" itemprop=\"blogPost\" ><div class='avia_textblock  '   itemprop=\"text\" ><p style=\"text-align: justify;\"><em>El proceso inici\u00f3 con una visita al gobernador regional, Marcelo Santana Vargas, autoridad que se\u00f1al\u00f3 el significativo alcance que puede tener esta iniciativa para Ays\u00e9n.<\/em><\/p>\n<p style=\"text-align: justify;\">El desarrollo del proyecto Geoparque Chelenko promete generar un impacto significativo en la regi\u00f3n de Ays\u00e9n. Y es que este Bien P\u00fablico de Corfo, financiado por el Gobierno Regional de Ays\u00e9n, ha iniciado su proceso de gobernanza ampliada, instancia clave que permitir\u00e1 definir objetivos estrat\u00e9gicos en beneficio de la iniciativa y las comunidades que habitan la provincia General Carrera.<\/p>\n<p style=\"text-align: justify;\">El \u00e1rea que conforma este geoparque alberga m\u00e1s de 100 geositios de inter\u00e9s cient\u00edfico y tur\u00edstico, los cuales requieren una adecuada coordinaci\u00f3n para ser puestos en valor y reconocidos como parte del patrimonio de la regi\u00f3n de Ays\u00e9n. En este contexto, fomentar el di\u00e1logo entre autoridades y la comunidad resulta fundamental para fortalecer su desarrollo.<\/p>\n<p style=\"text-align: justify;\">El trabajo de gobernanza comenz\u00f3 con la presentaci\u00f3n del proyecto ante el Gobernador Regional, quien destac\u00f3 su potencial como polo de desarrollo inminente para el territorio, en especial por su vocaci\u00f3n tur\u00edstica. En este sentido, subray\u00f3 la necesidad de una articulaci\u00f3n efectiva que involucre y d\u00e9 protagonismo a diversos actores clave.<\/p>\n<p style=\"text-align: justify;\">En relaci\u00f3n a su potencial, Santana asegur\u00f3 que \u201cen primer lugar, la maravilla que significa en t\u00e9rminos geol\u00f3gicos, geo paleontol\u00f3gicos esa provincia, una innumerable cantidad de geositios o de sitios de inter\u00e9s que pudieran ser a futuro posibles de desarrollar tur\u00edsticamente, que generen desarrollo econ\u00f3mico a esa \u00e1rea, nos parece que tenemos que seguir trabajando como regi\u00f3n y tomar las decisiones correctas para que esto pueda ver sus frutos en los pr\u00f3ximos a\u00f1os\u201d finaliza.<\/p>\n<p style=\"text-align: justify;\">As\u00ed tambi\u00e9n lo identifica Juan V\u00e1squez, Seremi de Miner\u00eda, cartera mandante de la iniciativa, quien agrega que \u201cestamos en un proceso participativo para la construcci\u00f3n de la gobernanza del futuro geoparque Chelenko. Durante estas semanas, hemos visitado diversos organismos p\u00fablicos y, en paralelo, hemos coordinado agendas con los nuevos concejos municipales de Iba\u00f1ez y Chile Chico, en la Provincia General Carrera, as\u00ed como con actores sociales del territorio. Esta ma\u00f1ana, nos reunimos con el Gobernador Regional de Ays\u00e9n y sus jefes de divisi\u00f3n, fortaleciendo la visi\u00f3n de trabajo en torno al geopatrimonio y proyectando los esfuerzos de coordinaci\u00f3n necesarios para articular distintas perspectivas, con miras a consolidar este geoparque como un bien p\u00fablico de gran valor para la regi\u00f3n, y que esperamos sea ratificado por la Unesco\u201d sentencia.<\/p>\n<p style=\"text-align: justify;\">Dado el impacto econ\u00f3mico y la visibilidad medi\u00e1tica que este proyecto podr\u00eda generar en el territorio, la conformaci\u00f3n de la gobernanza integra a actores del sector p\u00fablico, educativo y de la sociedad civil, con el prop\u00f3sito de recoger sus inquietudes y facilitar el avance de la iniciativa. En este marco, se espera que la mesa de trabajo defina estrategias alineadas con las prioridades identificadas por estos actores, quienes participar\u00e1n en reuniones programadas para febrero y marzo.<\/p>\n<p style=\"text-align: justify;\">As\u00ed lo establece Francisco Alderete, ejecutivo t\u00e9cnico de Corfo y contraparte de la iniciativa, quien asegura que \u201ceste proyecto lo que busca hoy d\u00eda es fortalecer una gobernanza que permita la sustentabilidad a largo plazo. Ya se hizo la recopilaci\u00f3n de todo el material geol\u00f3gico, todos los atractivos est\u00e1n ah\u00ed identificados y lo que nos interesa ahora es la conformaci\u00f3n de una gobernanza s\u00f3lida, articulada con actores p\u00fablicos y privados, que trascienda el tiempo de financiamiento de CORFO y que pueda fortalecerse para poder ingresar el expediente a UNESCO con todo \u00e9xito\u201d, cierra.<\/p>\n<p style=\"text-align: justify;\">Para Gustavo Saldivia, director del Museo Regional de Ays\u00e9n y entidad ejecutora de la iniciativa, el proyecto geoparque Chelenko representa una oportunidad \u00fanica para reconocer la regi\u00f3n como un territorio singular en Chile, con un vasto patrimonio que debe ser el pilar de su desarrollo futuro; agrega que \u201cqueda m\u00e1s que claro que el patrimonio que tenemos para promocionar nuestro territorio y para que nuestra gente se entusiasme m\u00e1s con el lugar donde vive, tiene un alcance que no dimensionamos, cualquier tema patrimonial que se hable de cualquier territorio de la regi\u00f3n de Ays\u00e9n es patrimonio regional y por supuesto que tambi\u00e9n nacional, y la verdad es que la jerarqu\u00eda de los atractivos que tenemos desde esa perspectiva en nuestra regi\u00f3n son indiscutiblemente de alcance internacional, y un tremendo activo que primero tiene que ser valorado por nuestra gente y por supuesto promocionado para su beneficio\u201d, asegura.<\/p>\n<p style=\"text-align: justify;\">El proyecto geoparque Chelenko es un Bien P\u00fablico Corfo, financiado por el Gobierno Regional de Ays\u00e9n, cuyo mandante es la Subsecretar\u00eda de Miner\u00eda y es ejecutado por el Servicio Nacional del Patrimonio Cultural, a trav\u00e9s del Museo Regional de Ays\u00e9n. Tiene como coejecutores a las municipalidades de Chile Chico y R\u00edo Ib\u00e1\u00f1ez, Sernageomin, la Universidad Andr\u00e9s Bello, Sernatur y la Corporaci\u00f3n Chelenko.<\/p>\n<\/div><\/section><\/div><\/p>\n<div  style='height:50px' class='hr hr-invisible   avia-builder-el-6  el_after_av_one_full  el_before_av_social_share '><span class='hr-inner ' ><span class='hr-inner-style'><\/span><\/span><\/div>\n<div  class='av-social-sharing-box  avia-builder-el-7  el_after_av_hr  el_before_av_hr  '><div class='av-share-box'><h5 class='av-share-link-description av-no-toc '>Compartir esta noticia<\/h5><ul class='av-share-box-list noLightbox'><li class='av-share-link av-social-link-facebook' ><a target=\"_blank\" aria-label=\"Compartir en Facebook\" href='https:\/\/www.facebook.com\/sharer.php?u=https:\/\/radiorevelacionfm.cl\/?p=50806&#038;t=Proyecto%20Geoparque%20Chelenko%20avanza%20con%20conformaci%C3%B3n%20de%20mesa%20de%20gobernanza' aria-hidden='false' data-av_icon='\ue8f3' data-av_iconfont='entypo-fontello' title='' data-avia-related-tooltip='Compartir en Facebook' rel=\"noopener\"><span class='avia_hidden_link_text'>Compartir en Facebook<\/span><\/a><\/li><li class='av-share-link av-social-link-twitter' ><a target=\"_blank\" aria-label=\"Compartir en Twitter\" href='https:\/\/twitter.com\/share?text=Proyecto%20Geoparque%20Chelenko%20avanza%20con%20conformaci%C3%B3n%20de%20mesa%20de%20gobernanza&#038;url=https:\/\/radiorevelacionfm.cl\/?p=50806' aria-hidden='false' data-av_icon='\ue8f1' data-av_iconfont='entypo-fontello' title='' data-avia-related-tooltip='Compartir en Twitter' rel=\"noopener\"><span class='avia_hidden_link_text'>Compartir en Twitter<\/span><\/a><\/li><li class='av-share-link av-social-link-whatsapp' ><a target=\"_blank\" aria-label=\"Compartir en Whatsapp\" href='https:\/\/api.whatsapp.com\/send?text=https:\/\/radiorevelacionfm.cl\/?p=50806' aria-hidden='false' data-av_icon='\uf232' data-av_iconfont='entypo-fontello' title='' data-avia-related-tooltip='Compartir en Whatsapp' rel=\"noopener\"><span class='avia_hidden_link_text'>Compartir en Whatsapp<\/span><\/a><\/li><li class='av-share-link av-social-link-linkedin' ><a target=\"_blank\" aria-label=\"Compartir en LinkedIn\" href='https:\/\/linkedin.com\/shareArticle?mini=true&#038;title=Proyecto%20Geoparque%20Chelenko%20avanza%20con%20conformaci%C3%B3n%20de%20mesa%20de%20gobernanza&#038;url=https:\/\/radiorevelacionfm.cl\/?p=50806' aria-hidden='false' data-av_icon='\ue8fc' data-av_iconfont='entypo-fontello' title='' data-avia-related-tooltip='Compartir en LinkedIn' rel=\"noopener\"><span class='avia_hidden_link_text'>Compartir en LinkedIn<\/span><\/a><\/li><li class='av-share-link av-social-link-mail' ><a  aria-label=\"Compartir por correo\" href='mailto:?subject=Proyecto%20Geoparque%20Chelenko%20avanza%20con%20conformaci%C3%B3n%20de%20mesa%20de%20gobernanza&#038;body=https:\/\/radiorevelacionfm.cl\/?p=50806' aria-hidden='false' data-av_icon='\ue805' data-av_iconfont='entypo-fontello' title='' data-avia-related-tooltip='Compartir por correo'><span class='avia_hidden_link_text'>Compartir por correo<\/span><\/a><\/li><\/ul><\/div><\/div>\n<div  style='height:50px' class='hr hr-invisible   avia-builder-el-8  el_after_av_social_share  el_before_av_comments_list '><span class='hr-inner ' ><span class='hr-inner-style'><\/span><\/span><\/div>\n<div  class='av-buildercomment  av-blog-meta-html-info-disabled av-blog-meta-tag-disabled  '><\/div>\n","protected":false},"excerpt":{"rendered":"","protected":false},"author":1,"featured_media":50807,"comment_status":"open","ping_status":"open","sticky":false,"template":"","format":"standard","meta":{"footnotes":""},"categories":[38],"tags":[],"class_list":["post-50806","post","type-post","status-publish","format-standard","has-post-thumbnail","hentry","category-regional"],"jetpack_featured_media_url":"https:\/\/radiorevelacionfm.cl\/wp-content\/uploads\/2025\/02\/DSC5856-1-1.jpg","_links":{"self":[{"href":"https:\/\/radiorevelacionfm.cl\/index.php?rest_route=\/wp\/v2\/posts\/50806","targetHints":{"allow":["GET"]}}],"collection":[{"href":"https:\/\/radiorevelacionfm.cl\/index.php?rest_route=\/wp\/v2\/posts"}],"about":[{"href":"https:\/\/radiorevelacionfm.cl\/index.php?rest_route=\/wp\/v2\/types\/post"}],"author":[{"embeddable":true,"href":"https:\/\/radiorevelacionfm.cl\/index.php?rest_route=\/wp\/v2\/users\/1"}],"replies":[{"embeddable":true,"href":"https:\/\/radiorevelacionfm.cl\/index.php?rest_route=%2Fwp%2Fv2%2Fcomments&post=50806"}],"version-history":[{"count":2,"href":"https:\/\/radiorevelacionfm.cl\/index.php?rest_route=\/wp\/v2\/posts\/50806\/revisions"}],"predecessor-version":[{"id":50818,"href":"https:\/\/radiorevelacionfm.cl\/index.php?rest_route=\/wp\/v2\/posts\/50806\/revisions\/50818"}],"wp:featuredmedia":[{"embeddable":true,"href":"https:\/\/radiorevelacionfm.cl\/index.php?rest_route=\/wp\/v2\/media\/50807"}],"wp:attachment":[{"href":"https:\/\/radiorevelacionfm.cl\/index.php?rest_route=%2Fwp%2Fv2%2Fmedia&parent=50806"}],"wp:term":[{"taxonomy":"category","embeddable":true,"href":"https:\/\/radiorevelacionfm.cl\/index.php?rest_route=%2Fwp%2Fv2%2Fcategories&post=50806"},{"taxonomy":"post_tag","embeddable":true,"href":"https:\/\/radiorevelacionfm.cl\/index.php?rest_route=%2Fwp%2Fv2%2Ftags&post=50806"}],"curies":[{"name":"wp","href":"https:\/\/api.w.org\/{rel}","templated":true}]}}