{"id":50803,"date":"2025-02-21T15:33:14","date_gmt":"2025-02-21T18:33:14","guid":{"rendered":"https:\/\/radiorevelacionfm.cl\/?p=50803"},"modified":"2025-02-21T15:33:14","modified_gmt":"2025-02-21T18:33:14","slug":"aquachile-impulsa-el-deporte-acuatico-en-aysen-con-exitosa-regata-de-kayak","status":"publish","type":"post","link":"https:\/\/radiorevelacionfm.cl\/?p=50803","title":{"rendered":"AquaChile impulsa el deporte acu\u00e1tico en Ays\u00e9n con exitosa regata de kayak"},"content":{"rendered":"<div class=\"flex_column av_one_full  flex_column_div av-zero-column-padding first  avia-builder-el-0  el_before_av_one_full  avia-builder-el-first  \" style='border-radius:0px; '><div  class='avia-image-container  av-styling-    avia-builder-el-1  avia-builder-el-no-sibling  avia-align-center '  itemprop=\"image\" itemscope=\"itemscope\" itemtype=\"https:\/\/schema.org\/ImageObject\"  ><div class='avia-image-container-inner'><div class='avia-image-overlay-wrap'><img decoding=\"async\" class='wp-image-50804 avia-img-lazy-loading-not-50804 avia_image' src=\"https:\/\/radiorevelacionfm.cl\/wp-content\/uploads\/2025\/02\/Regata-kayak-2-1-1.jpeg\" alt='' title='Regata kayak 2 (1) (1)' height=\"600\" width=\"797\"  itemprop=\"thumbnailUrl\" srcset=\"https:\/\/radiorevelacionfm.cl\/wp-content\/uploads\/2025\/02\/Regata-kayak-2-1-1.jpeg 797w, https:\/\/radiorevelacionfm.cl\/wp-content\/uploads\/2025\/02\/Regata-kayak-2-1-1-300x226.jpeg 300w, https:\/\/radiorevelacionfm.cl\/wp-content\/uploads\/2025\/02\/Regata-kayak-2-1-1-768x578.jpeg 768w, https:\/\/radiorevelacionfm.cl\/wp-content\/uploads\/2025\/02\/Regata-kayak-2-1-1-705x531.jpeg 705w, https:\/\/radiorevelacionfm.cl\/wp-content\/uploads\/2025\/02\/Regata-kayak-2-1-1-450x339.jpeg 450w, https:\/\/radiorevelacionfm.cl\/wp-content\/uploads\/2025\/02\/Regata-kayak-2-1-1-600x452.jpeg 600w\" sizes=\"(max-width: 797px) 100vw, 797px\" \/><\/div><\/div><\/div><\/div><div class=\"flex_column av_one_full  flex_column_div av-zero-column-padding first  avia-builder-el-2  el_after_av_one_full  el_before_av_one_full  column-top-margin\" style='border-radius:0px; '><section class=\"av_textblock_section \"  itemscope=\"itemscope\" itemtype=\"https:\/\/schema.org\/BlogPosting\" itemprop=\"blogPost\" ><div class='avia_textblock  '   itemprop=\"text\" ><p style=\"text-align: center;\"><span style=\"font-size: 18pt;\"><b><span lang=\"ES\">AquaChile impulsa el deporte acu\u00e1tico en Ays\u00e9n con exitosa regata de kayak<\/span><\/b><\/span><\/p>\n<div id=\"gtx-trans\" style=\"position: absolute; left: -50px; top: 4.31534px;\">\n<div class=\"gtx-trans-icon\"><\/div>\n<\/div>\n<\/div><\/section><\/div><div class=\"flex_column av_one_full  flex_column_div av-zero-column-padding first  avia-builder-el-4  el_after_av_one_full  el_before_av_hr  column-top-margin\" style='border-radius:0px; '><section class=\"av_textblock_section \"  itemscope=\"itemscope\" itemtype=\"https:\/\/schema.org\/BlogPosting\" itemprop=\"blogPost\" ><div class='avia_textblock  '   itemprop=\"text\" ><p style=\"text-align: justify;\"><em>El evento reuni\u00f3 a deportistas, aficionados y autoridades locales en una jornada de deporte y seguridad acu\u00e1tica. Adem\u00e1s, la actividad marc\u00f3 un hito en la colaboraci\u00f3n entre el sector p\u00fablico y privado en la regi\u00f3n de Ays\u00e9n.<\/em><\/p>\n<p style=\"text-align: justify;\">Con gran entusiasmo y una destacada participaci\u00f3n de deportistas, AquaChile llev\u00f3 a cabo la primera versi\u00f3n de la regata de kayak en Puerto Ays\u00e9n, en colaboraci\u00f3n con la Municipalidad de Puerto Ays\u00e9n, el Club N\u00e1utico y la Armada. Se trata de la primera vez que estas instituciones trabajan en conjunto para realizar un evento de este tipo, marcando un hito en la promoci\u00f3n del deporte acu\u00e1tico en la regi\u00f3n.<\/p>\n<p style=\"text-align: justify;\">La actividad, que se enmarc\u00f3 en el cierre de la temporada de turismo en Ays\u00e9n, reuni\u00f3 a deportistas de traves\u00eda, kayakistas y aficionados, quienes disfrutaron de una jornada llena de deporte y naturaleza. Adem\u00e1s, el evento incluy\u00f3 una sesi\u00f3n informativa sobre seguridad e inducci\u00f3n de salvamento acu\u00e1tico, reforzando la importancia de la prevenci\u00f3n en la pr\u00e1ctica de actividades en el agua.<\/p>\n<p style=\"text-align: justify;\">Loreta Co\u00f1ecar, encargada de turismo de la Municipalidad de Puerto Ays\u00e9n, destac\u00f3 el impacto positivo del evento y afirm\u00f3 que \u00abpara nosotros, como municipio, es fundamental generar espacios donde la comunidad pueda disfrutar y participar activamente. Esta regata no solo permiti\u00f3 acercar a los vecinos al deporte n\u00e1utico, sino que tambi\u00e9n demostr\u00f3 lo que podemos lograr cuando trabajamos en conjunto en beneficio de nuestra gente\u00bb.<\/p>\n<p style=\"text-align: justify;\">Asimismo, Paula Carrasco, Teniente Primero de la Capitan\u00eda de Puerto de Puerto Chacabuco, subray\u00f3 que \u201cesta actividad permiti\u00f3 mostrar y dimensionar lo importante que es el trabajo colaborativo entre diversas entidades para poder llevar a cabo actividades para la comunidad y que apoye a fomentar el turismo y desarrollo de Ays\u00e9n\u201d.<\/p>\n<p style=\"text-align: justify;\">Por su parte, Maribel Mancilla, miembro del equipo de comunidades de AquaChile, valor\u00f3 el trabajo colaborativo entre las organizaciones y destac\u00f3 que \u201cesta regata es un reflejo del compromiso que tenemos con la comunidad, la vida sana y la naturaleza. La colaboraci\u00f3n entre el sector p\u00fablico y privado nos permite no solo fomentar el deporte, sino tambi\u00e9n reforzar la cultura de la seguridad y el trabajo en equipo. Esperamos seguir generando este tipo de instancias colaborativas en el futuro\u00bb.<\/p>\n<p style=\"text-align: justify;\">Finalmente, el Presidente del Club N\u00e1utico de Puerto Ays\u00e9n, Juan Pablo Altamirano, coment\u00f3 que \u201cfue una actividad muy bonita, donde quienes participaron pudieron tener una inducci\u00f3n b\u00e1sica de t\u00e9cnicas de salvataje de manera individual como colectiva. Queremos agradecer a AquaChile, la municipalidad de Ays\u00e9n y la Capitan\u00eda de Puerto por el desarrollo de esta gran iniciativa que fomentan la vida al aire libre y el deporte\u201d.<\/p>\n<\/div><\/section><\/div><div  style='height:50px' class='hr hr-invisible   avia-builder-el-6  el_after_av_one_full  el_before_av_social_share '><span class='hr-inner ' ><span class='hr-inner-style'><\/span><\/span><\/div><\/p>\n<div  class='av-social-sharing-box  avia-builder-el-7  el_after_av_hr  el_before_av_hr  '><div class='av-share-box'><h5 class='av-share-link-description av-no-toc '>Compartir esta noticia<\/h5><ul class='av-share-box-list noLightbox'><li class='av-share-link av-social-link-facebook' ><a target=\"_blank\" aria-label=\"Compartir en Facebook\" href='https:\/\/www.facebook.com\/sharer.php?u=https:\/\/radiorevelacionfm.cl\/?p=50803&#038;t=AquaChile%20impulsa%20el%20deporte%20acu%C3%A1tico%20en%20Ays%C3%A9n%20con%20exitosa%20regata%20de%20kayak' aria-hidden='false' data-av_icon='\ue8f3' data-av_iconfont='entypo-fontello' title='' data-avia-related-tooltip='Compartir en Facebook' rel=\"noopener\"><span class='avia_hidden_link_text'>Compartir en Facebook<\/span><\/a><\/li><li class='av-share-link av-social-link-twitter' ><a target=\"_blank\" aria-label=\"Compartir en Twitter\" href='https:\/\/twitter.com\/share?text=AquaChile%20impulsa%20el%20deporte%20acu%C3%A1tico%20en%20Ays%C3%A9n%20con%20exitosa%20regata%20de%20kayak&#038;url=https:\/\/radiorevelacionfm.cl\/?p=50803' aria-hidden='false' data-av_icon='\ue8f1' data-av_iconfont='entypo-fontello' title='' data-avia-related-tooltip='Compartir en Twitter' rel=\"noopener\"><span class='avia_hidden_link_text'>Compartir en Twitter<\/span><\/a><\/li><li class='av-share-link av-social-link-whatsapp' ><a target=\"_blank\" aria-label=\"Compartir en Whatsapp\" href='https:\/\/api.whatsapp.com\/send?text=https:\/\/radiorevelacionfm.cl\/?p=50803' aria-hidden='false' data-av_icon='\uf232' data-av_iconfont='entypo-fontello' title='' data-avia-related-tooltip='Compartir en Whatsapp' rel=\"noopener\"><span class='avia_hidden_link_text'>Compartir en Whatsapp<\/span><\/a><\/li><li class='av-share-link av-social-link-linkedin' ><a target=\"_blank\" aria-label=\"Compartir en LinkedIn\" href='https:\/\/linkedin.com\/shareArticle?mini=true&#038;title=AquaChile%20impulsa%20el%20deporte%20acu%C3%A1tico%20en%20Ays%C3%A9n%20con%20exitosa%20regata%20de%20kayak&#038;url=https:\/\/radiorevelacionfm.cl\/?p=50803' aria-hidden='false' data-av_icon='\ue8fc' data-av_iconfont='entypo-fontello' title='' data-avia-related-tooltip='Compartir en LinkedIn' rel=\"noopener\"><span class='avia_hidden_link_text'>Compartir en LinkedIn<\/span><\/a><\/li><li class='av-share-link av-social-link-mail' ><a  aria-label=\"Compartir por correo\" href='mailto:?subject=AquaChile%20impulsa%20el%20deporte%20acu%C3%A1tico%20en%20Ays%C3%A9n%20con%20exitosa%20regata%20de%20kayak&#038;body=https:\/\/radiorevelacionfm.cl\/?p=50803' aria-hidden='false' data-av_icon='\ue805' data-av_iconfont='entypo-fontello' title='' data-avia-related-tooltip='Compartir por correo'><span class='avia_hidden_link_text'>Compartir por correo<\/span><\/a><\/li><\/ul><\/div><\/div>\n<div  style='height:50px' class='hr hr-invisible   avia-builder-el-8  el_after_av_social_share  el_before_av_comments_list '><span class='hr-inner ' ><span class='hr-inner-style'><\/span><\/span><\/div>\n<div  class='av-buildercomment  av-blog-meta-html-info-disabled av-blog-meta-tag-disabled  '><\/div>\n","protected":false},"excerpt":{"rendered":"","protected":false},"author":1,"featured_media":50804,"comment_status":"open","ping_status":"open","sticky":false,"template":"","format":"standard","meta":{"footnotes":""},"categories":[38],"tags":[],"class_list":["post-50803","post","type-post","status-publish","format-standard","has-post-thumbnail","hentry","category-regional"],"jetpack_featured_media_url":"https:\/\/radiorevelacionfm.cl\/wp-content\/uploads\/2025\/02\/Regata-kayak-2-1-1.jpeg","_links":{"self":[{"href":"https:\/\/radiorevelacionfm.cl\/index.php?rest_route=\/wp\/v2\/posts\/50803","targetHints":{"allow":["GET"]}}],"collection":[{"href":"https:\/\/radiorevelacionfm.cl\/index.php?rest_route=\/wp\/v2\/posts"}],"about":[{"href":"https:\/\/radiorevelacionfm.cl\/index.php?rest_route=\/wp\/v2\/types\/post"}],"author":[{"embeddable":true,"href":"https:\/\/radiorevelacionfm.cl\/index.php?rest_route=\/wp\/v2\/users\/1"}],"replies":[{"embeddable":true,"href":"https:\/\/radiorevelacionfm.cl\/index.php?rest_route=%2Fwp%2Fv2%2Fcomments&post=50803"}],"version-history":[{"count":1,"href":"https:\/\/radiorevelacionfm.cl\/index.php?rest_route=\/wp\/v2\/posts\/50803\/revisions"}],"predecessor-version":[{"id":50805,"href":"https:\/\/radiorevelacionfm.cl\/index.php?rest_route=\/wp\/v2\/posts\/50803\/revisions\/50805"}],"wp:featuredmedia":[{"embeddable":true,"href":"https:\/\/radiorevelacionfm.cl\/index.php?rest_route=\/wp\/v2\/media\/50804"}],"wp:attachment":[{"href":"https:\/\/radiorevelacionfm.cl\/index.php?rest_route=%2Fwp%2Fv2%2Fmedia&parent=50803"}],"wp:term":[{"taxonomy":"category","embeddable":true,"href":"https:\/\/radiorevelacionfm.cl\/index.php?rest_route=%2Fwp%2Fv2%2Fcategories&post=50803"},{"taxonomy":"post_tag","embeddable":true,"href":"https:\/\/radiorevelacionfm.cl\/index.php?rest_route=%2Fwp%2Fv2%2Ftags&post=50803"}],"curies":[{"name":"wp","href":"https:\/\/api.w.org\/{rel}","templated":true}]}}