{"id":5080,"date":"2021-06-09T17:45:27","date_gmt":"2021-06-09T20:45:27","guid":{"rendered":"https:\/\/radiorevelacionfm.cl\/?p=5080"},"modified":"2021-06-09T17:54:46","modified_gmt":"2021-06-09T20:54:46","slug":"municipalidad-de-aysen-reitera-llamado-al-autocuidado-tras-confirmar-casos-positivos-de-covid-19-entre-sus-funcionarios","status":"publish","type":"post","link":"https:\/\/radiorevelacionfm.cl\/?p=5080","title":{"rendered":"Municipalidad de Ays\u00e9n reitera llamado al autocuidado tras confirmar casos positivos de covid-19 entre sus funcionarios"},"content":{"rendered":"<div class=\"flex_column av_one_full  flex_column_div av-zero-column-padding first  avia-builder-el-0  el_before_av_one_full  avia-builder-el-first  \" style='border-radius:0px; '><div  class='avia-image-container  av-styling-    avia-builder-el-1  avia-builder-el-no-sibling  avia-align-center '  itemprop=\"image\" itemscope=\"itemscope\" itemtype=\"https:\/\/schema.org\/ImageObject\"  ><div class='avia-image-container-inner'><div class='avia-image-overlay-wrap'><img decoding=\"async\" class='wp-image-5083 avia-img-lazy-loading-not-5083 avia_image' src=\"https:\/\/radiorevelacionfm.cl\/wp-content\/uploads\/2021\/06\/Municipalidad-Aysen-1-1.jpg\" alt='' title='Municipalidad Aysen (1) (1)' height=\"590\" width=\"904\"  itemprop=\"thumbnailUrl\" srcset=\"https:\/\/radiorevelacionfm.cl\/wp-content\/uploads\/2021\/06\/Municipalidad-Aysen-1-1.jpg 904w, https:\/\/radiorevelacionfm.cl\/wp-content\/uploads\/2021\/06\/Municipalidad-Aysen-1-1-300x196.jpg 300w, https:\/\/radiorevelacionfm.cl\/wp-content\/uploads\/2021\/06\/Municipalidad-Aysen-1-1-768x501.jpg 768w, https:\/\/radiorevelacionfm.cl\/wp-content\/uploads\/2021\/06\/Municipalidad-Aysen-1-1-705x460.jpg 705w, https:\/\/radiorevelacionfm.cl\/wp-content\/uploads\/2021\/06\/Municipalidad-Aysen-1-1-600x392.jpg 600w\" sizes=\"(max-width: 904px) 100vw, 904px\" \/><\/div><\/div><\/div><\/div><div class=\"flex_column av_one_full  flex_column_div av-zero-column-padding first  avia-builder-el-2  el_after_av_one_full  el_before_av_one_full  column-top-margin\" style='border-radius:0px; '><section class=\"av_textblock_section \"  itemscope=\"itemscope\" itemtype=\"https:\/\/schema.org\/BlogPosting\" itemprop=\"blogPost\" ><div class='avia_textblock  '   itemprop=\"text\" ><p style=\"text-align: center;\"><strong><span style=\"font-size: 18pt;\">Municipalidad de Ays\u00e9n reitera llamado al autocuidado tras confirmar casos positivos de covid-19 entre sus funcionarios<\/span><\/strong><\/p>\n<div id=\"gtx-trans\" style=\"position: absolute; left: -50px; top: 4.31534px;\">\n<div class=\"gtx-trans-icon\"><\/div>\n<\/div>\n<\/div><\/section><\/div><\/p>\n<div class=\"flex_column av_one_full  flex_column_div av-zero-column-padding first  avia-builder-el-4  el_after_av_one_full  el_before_av_hr  column-top-margin\" style='border-radius:0px; '><section class=\"av_textblock_section \"  itemscope=\"itemscope\" itemtype=\"https:\/\/schema.org\/BlogPosting\" itemprop=\"blogPost\" ><div class='avia_textblock  '   itemprop=\"text\" ><p style=\"text-align: justify;\">Con motivo de mantener la continuidad del servicio, los funcionarios del municipio aysenino se encuentran realizando sus actividades laborales bajo diversos sistemas de turnos rotativos, sin embargo, el aumento exponencial de casos en la comuna sigue preocupando a las autoridades. El alcalde, Luis Mart\u00ednez Gallardo, confirm\u00f3 en horas de la ma\u00f1ana a diversos medios locales que cuatro integrantes de la casa edilicia (2 de la Direcci\u00f3n de Finanzas y 2 de la Direcci\u00f3n de Aseo, Ornato y Medio Ambiente) han sido confirmados como casos positivos a covid-19, ante lo cual, se activaron inmediatamente los protocolos establecidos para evitar repercusiones tanto en el servicio como en la comunidad que d\u00eda a d\u00eda debe asistir hasta el edificio consistorial.<\/p>\n<p style=\"text-align: justify;\">Al respecto, el edil manifest\u00f3 que \u201ctodo est\u00e1 funcionando normal, funcionamos a trav\u00e9s de turnos, la gente en algunos casos en teletrabajo, iremos tomando las medidas que debamos adoptar en la semana. La municipalidad durante todo este a\u00f1o, toda esta pandemia, no ha cerrado en ning\u00fan minuto y de tener que cerrar un departamento m\u00e1s la verdad que ah\u00ed ya se nos complica porque el municipio pierde la capacidad de trabajar administrativamente en el edificio y as\u00ed es que, tendremos que hacer todav\u00eda teletrabajo. \u00a0Pero seguimos trabajando junto a los vecinos todos los d\u00edas, he de esperar que la gente tome mayor precauci\u00f3n de tal forma que los contagios bajen y no tengamos que cerrar m\u00e1s nuestros departamentos\u201d.<\/p>\n<p style=\"text-align: justify;\">En adici\u00f3n a lo anterior, la primera autoridad de la comuna puerto, explic\u00f3 que la detecci\u00f3n de estos casos se realiz\u00f3 en base a la toma de muestras que se ha dispuesto para resguardar la seguridad de los habitantes de la comuna. Por lo que, ante el aumento en la positividad remarc\u00f3 que se encuentran habilitados canales de atenci\u00f3n remota y que los n\u00fameros de cada departamento para dudas y\/o consultas se encuentran disponible en el sitio web municipal (www.puertoaysen.cl)<\/p>\n<p style=\"text-align: justify;\">Finalmente, el l\u00edder comunal inst\u00f3 a las familias ayseninas a seguir las medidas establecidas para el autocuidado por parte de la Seremi de Salud de Ays\u00e9n, las cuales consisten principalmente en el lavado constante de manos, uso adecuado de la mascarilla, distancia f\u00edsica, ventilaci\u00f3n y responsabilidad individual.<\/p>\n<\/div><\/section><\/div>\n<div  style='height:50px' class='hr hr-invisible   avia-builder-el-6  el_after_av_one_full  el_before_av_social_share '><span class='hr-inner ' ><span class='hr-inner-style'><\/span><\/span><\/div>\n<div  class='av-social-sharing-box  avia-builder-el-7  el_after_av_hr  el_before_av_hr  '><div class='av-share-box'><h5 class='av-share-link-description av-no-toc '>Compartir esta noticia<\/h5><ul class='av-share-box-list noLightbox'><li class='av-share-link av-social-link-facebook' ><a target=\"_blank\" aria-label=\"Compartir en Facebook\" href='https:\/\/www.facebook.com\/sharer.php?u=https:\/\/radiorevelacionfm.cl\/?p=5080&#038;t=Municipalidad%20de%20Ays%C3%A9n%20reitera%20llamado%20al%20autocuidado%20tras%20confirmar%20casos%20positivos%20de%20covid-19%20entre%20sus%20funcionarios' aria-hidden='false' data-av_icon='\ue8f3' data-av_iconfont='entypo-fontello' title='' data-avia-related-tooltip='Compartir en Facebook' rel=\"noopener\"><span class='avia_hidden_link_text'>Compartir en Facebook<\/span><\/a><\/li><li class='av-share-link av-social-link-twitter' ><a target=\"_blank\" aria-label=\"Compartir en Twitter\" href='https:\/\/twitter.com\/share?text=Municipalidad%20de%20Ays%C3%A9n%20reitera%20llamado%20al%20autocuidado%20tras%20confirmar%20casos%20positivos%20de%20covid-19%20entre%20sus%20funcionarios&#038;url=https:\/\/radiorevelacionfm.cl\/?p=5080' aria-hidden='false' data-av_icon='\ue8f1' data-av_iconfont='entypo-fontello' title='' data-avia-related-tooltip='Compartir en Twitter' rel=\"noopener\"><span class='avia_hidden_link_text'>Compartir en Twitter<\/span><\/a><\/li><li class='av-share-link av-social-link-whatsapp' ><a target=\"_blank\" aria-label=\"Compartir en Whatsapp\" href='https:\/\/api.whatsapp.com\/send?text=https:\/\/radiorevelacionfm.cl\/?p=5080' aria-hidden='false' data-av_icon='\uf232' data-av_iconfont='entypo-fontello' title='' data-avia-related-tooltip='Compartir en Whatsapp' rel=\"noopener\"><span class='avia_hidden_link_text'>Compartir en Whatsapp<\/span><\/a><\/li><li class='av-share-link av-social-link-linkedin' ><a target=\"_blank\" aria-label=\"Compartir en LinkedIn\" href='https:\/\/linkedin.com\/shareArticle?mini=true&#038;title=Municipalidad%20de%20Ays%C3%A9n%20reitera%20llamado%20al%20autocuidado%20tras%20confirmar%20casos%20positivos%20de%20covid-19%20entre%20sus%20funcionarios&#038;url=https:\/\/radiorevelacionfm.cl\/?p=5080' aria-hidden='false' data-av_icon='\ue8fc' data-av_iconfont='entypo-fontello' title='' data-avia-related-tooltip='Compartir en LinkedIn' rel=\"noopener\"><span class='avia_hidden_link_text'>Compartir en LinkedIn<\/span><\/a><\/li><li class='av-share-link av-social-link-mail' ><a  aria-label=\"Compartir por correo\" href='mailto:?subject=Municipalidad%20de%20Ays%C3%A9n%20reitera%20llamado%20al%20autocuidado%20tras%20confirmar%20casos%20positivos%20de%20covid-19%20entre%20sus%20funcionarios&#038;body=https:\/\/radiorevelacionfm.cl\/?p=5080' aria-hidden='false' data-av_icon='\ue805' data-av_iconfont='entypo-fontello' title='' data-avia-related-tooltip='Compartir por correo'><span class='avia_hidden_link_text'>Compartir por correo<\/span><\/a><\/li><\/ul><\/div><\/div>\n<div  style='height:50px' class='hr hr-invisible   avia-builder-el-8  el_after_av_social_share  el_before_av_comments_list '><span class='hr-inner ' ><span class='hr-inner-style'><\/span><\/span><\/div>\n<div  class='av-buildercomment  av-blog-meta-html-info-disabled av-blog-meta-tag-disabled  '><\/div>\n","protected":false},"excerpt":{"rendered":"","protected":false},"author":1,"featured_media":5085,"comment_status":"open","ping_status":"open","sticky":false,"template":"","format":"standard","meta":{"footnotes":""},"categories":[38],"tags":[],"class_list":["post-5080","post","type-post","status-publish","format-standard","has-post-thumbnail","hentry","category-regional"],"jetpack_featured_media_url":"https:\/\/radiorevelacionfm.cl\/wp-content\/uploads\/2021\/06\/Municipalidad-Aysen1-1-1.jpg","_links":{"self":[{"href":"https:\/\/radiorevelacionfm.cl\/index.php?rest_route=\/wp\/v2\/posts\/5080","targetHints":{"allow":["GET"]}}],"collection":[{"href":"https:\/\/radiorevelacionfm.cl\/index.php?rest_route=\/wp\/v2\/posts"}],"about":[{"href":"https:\/\/radiorevelacionfm.cl\/index.php?rest_route=\/wp\/v2\/types\/post"}],"author":[{"embeddable":true,"href":"https:\/\/radiorevelacionfm.cl\/index.php?rest_route=\/wp\/v2\/users\/1"}],"replies":[{"embeddable":true,"href":"https:\/\/radiorevelacionfm.cl\/index.php?rest_route=%2Fwp%2Fv2%2Fcomments&post=5080"}],"version-history":[{"count":2,"href":"https:\/\/radiorevelacionfm.cl\/index.php?rest_route=\/wp\/v2\/posts\/5080\/revisions"}],"predecessor-version":[{"id":5084,"href":"https:\/\/radiorevelacionfm.cl\/index.php?rest_route=\/wp\/v2\/posts\/5080\/revisions\/5084"}],"wp:featuredmedia":[{"embeddable":true,"href":"https:\/\/radiorevelacionfm.cl\/index.php?rest_route=\/wp\/v2\/media\/5085"}],"wp:attachment":[{"href":"https:\/\/radiorevelacionfm.cl\/index.php?rest_route=%2Fwp%2Fv2%2Fmedia&parent=5080"}],"wp:term":[{"taxonomy":"category","embeddable":true,"href":"https:\/\/radiorevelacionfm.cl\/index.php?rest_route=%2Fwp%2Fv2%2Fcategories&post=5080"},{"taxonomy":"post_tag","embeddable":true,"href":"https:\/\/radiorevelacionfm.cl\/index.php?rest_route=%2Fwp%2Fv2%2Ftags&post=5080"}],"curies":[{"name":"wp","href":"https:\/\/api.w.org\/{rel}","templated":true}]}}