{"id":50797,"date":"2025-02-21T13:56:24","date_gmt":"2025-02-21T16:56:24","guid":{"rendered":"https:\/\/radiorevelacionfm.cl\/?p=50797"},"modified":"2025-02-21T14:46:14","modified_gmt":"2025-02-21T17:46:14","slug":"investigan-muerte-de-empresario-regional-ocurrido-al-interior-de-un-campo-ubicado-a-8-kilometros-de-nirehuao","status":"publish","type":"post","link":"https:\/\/radiorevelacionfm.cl\/?p=50797","title":{"rendered":"Investigan muerte de empresario regional ocurrido al interior de un campo ubicado a 8 kil\u00f3metros de \u00d1irehuao"},"content":{"rendered":"<div class=\"flex_column av_one_full  flex_column_div av-zero-column-padding first  avia-builder-el-0  el_before_av_one_full  avia-builder-el-first  \" style='border-radius:0px; '><div  class='avia-image-container  av-styling-    avia-builder-el-1  avia-builder-el-no-sibling  avia-align-center '  itemprop=\"image\" itemscope=\"itemscope\" itemtype=\"https:\/\/schema.org\/ImageObject\"  ><div class='avia-image-container-inner'><div class='avia-image-overlay-wrap'><img decoding=\"async\" class='wp-image-13990 avia-img-lazy-loading-not-13990 avia_image' src=\"https:\/\/radiorevelacionfm.cl\/wp-content\/uploads\/2022\/02\/pdi-ruta-1_optimized.jpg\" alt='' title='pdi-ruta-(1)_optimized' height=\"600\" width=\"1066\"  itemprop=\"thumbnailUrl\" srcset=\"https:\/\/radiorevelacionfm.cl\/wp-content\/uploads\/2022\/02\/pdi-ruta-1_optimized.jpg 1066w, https:\/\/radiorevelacionfm.cl\/wp-content\/uploads\/2022\/02\/pdi-ruta-1_optimized-300x169.jpg 300w, https:\/\/radiorevelacionfm.cl\/wp-content\/uploads\/2022\/02\/pdi-ruta-1_optimized-1030x580.jpg 1030w, https:\/\/radiorevelacionfm.cl\/wp-content\/uploads\/2022\/02\/pdi-ruta-1_optimized-768x432.jpg 768w, https:\/\/radiorevelacionfm.cl\/wp-content\/uploads\/2022\/02\/pdi-ruta-1_optimized-705x397.jpg 705w, https:\/\/radiorevelacionfm.cl\/wp-content\/uploads\/2022\/02\/pdi-ruta-1_optimized-600x338.jpg 600w\" sizes=\"(max-width: 1066px) 100vw, 1066px\" \/><\/div><\/div><\/div><\/div>\n<div class=\"flex_column av_one_full  flex_column_div av-zero-column-padding first  avia-builder-el-2  el_after_av_one_full  el_before_av_one_full  column-top-margin\" style='border-radius:0px; '><section class=\"av_textblock_section \"  itemscope=\"itemscope\" itemtype=\"https:\/\/schema.org\/BlogPosting\" itemprop=\"blogPost\" ><div class='avia_textblock  '   itemprop=\"text\" ><p style=\"text-align: center;\"><strong><span style=\"font-size: 18pt;\">Investigan muerte de empresario regional ocurrido al interior de un campo ubicado a 8 kil\u00f3metros de \u00d1irehuao<\/span><\/strong><\/p>\n<div id=\"gtx-trans\" style=\"position: absolute; left: -50px; top: 4.31534px;\">\n<div class=\"gtx-trans-icon\"><\/div>\n<\/div>\n<\/div><\/section><\/div>\n<div class=\"flex_column av_one_full  flex_column_div av-zero-column-padding first  avia-builder-el-4  el_after_av_one_full  el_before_av_hr  column-top-margin\" style='border-radius:0px; '><section class=\"av_textblock_section \"  itemscope=\"itemscope\" itemtype=\"https:\/\/schema.org\/BlogPosting\" itemprop=\"blogPost\" ><div class='avia_textblock  '   itemprop=\"text\" ><p><strong><em>Hechos sucedieron al interior de un campo ubicado a 8 kil\u00f3metros de \u00d1irehuao.<\/em><\/strong><\/p>\n<p class=\"v1MsoNormal\" style=\"text-align: justify;\"><em>\u201cLa fuerza multitareas que despleg\u00f3 la PDI ha estado trabajando desde el primer minuto, desde el hallazgo del cuerpo y naturalmente estamos trabajando varias hip\u00f3tesis\u201d, explic\u00f3 el Fiscal Regional (s), Jos\u00e9 Moris.\u00a0<\/em><\/p>\n<p class=\"v1MsoNormal\" style=\"text-align: justify;\">La Fiscal\u00eda Regional de Ays\u00e9n y un equipo multidisciplinario de la PDI, efect\u00faan diversas diligencias investigativas a fin de determinar las causas y circunstancias que rodean el fallecimiento de un conocido empresario regional de 52 a\u00f1os, ocurrido el domingo 9 de febrero en un sector rural cercano a \u00d1irehuao, donde existi\u00f3 participaci\u00f3n de terceras personas, de acuerdo a los antecedentes en poder de las autoridades.<\/p>\n<p class=\"v1MsoNormal\" style=\"text-align: justify;\">Seg\u00fan explic\u00f3 hoy el Fiscal Regional (s), Jos\u00e9 Moris, \u201cefectivamente, han existido algunos trascendidos en medios digitales y en redes sociales respecto del hallazgo de una persona fallecida el fin de semana de la semana antepasada en el sector de \u00d1irehuao. Efectivamente, desde el d\u00eda 1 se est\u00e1 trabajando con la Polic\u00eda de Investigaciones, con una fuerza multitarea dirigida por la Brigada de Homicidios regional, por el hallazgo de una persona fallecida en que existir\u00eda intervenci\u00f3n de terceras personas\u201d.<\/p>\n<p class=\"v1MsoNormal\" style=\"text-align: justify;\">En ese sentido, a\u00f1adi\u00f3 el fiscal Moris, \u201cel hecho se produjo en un predio rural cercano a m\u00e1s o menos ocho kil\u00f3metros de la Villa \u00d1irehuao, en la comuna de Coyhaique. Se trata de un empresario de la zona quien fallece producto de disparos y se produce en un sector aislado de la comuna, en un sector netamente rural, como digo, ocho kil\u00f3metros m\u00e1s o menos de la Villa \u00d1irehuao\u201d.<\/p>\n<p class=\"v1MsoNormal\" style=\"text-align: justify;\">HIP\u00d3TESIS<\/p>\n<p class=\"v1MsoNormal\" style=\"text-align: justify;\">El persecutor penal agreg\u00f3 que \u201cla fuerza multitareas que despleg\u00f3 la PDI ha estado trabajando desde el primer minuto, desde el hallazgo del cuerpo y naturalmente estamos trabajando varias hip\u00f3tesis\u201d.<\/p>\n<p class=\"v1MsoNormal\" style=\"text-align: justify;\">Respecto de las hip\u00f3tesis, el fiscal Moris precis\u00f3 que \u201cen este caso, como se\u00f1al\u00e9, estamos hablando de un fallecimiento por arma de fuego con intervenci\u00f3n de terceras personas. En torno a cu\u00e1l tipo penal estamos investigando, tenemos varias alternativas. No podemos descartar ninguna producto de la complejidad del caso\u201d.<\/p>\n<p class=\"v1MsoNormal\" style=\"text-align: justify;\">En relaci\u00f3n a detenidos o posibles involucrados, dijo que \u201cno hay detenidos. Se est\u00e1 trabajando respecto de identificar posibles sospechosos\u201d.<\/p>\n<p class=\"v1MsoNormal\" style=\"text-align: justify;\">Consultado respecto de la complejidad de este caso, Jos\u00e9 Moris manifest\u00f3 que usa este concepto \u201cproducto de los hallazgos en el sitio del suceso, producto de la forma en que fue encontrada la persona fallecida, de la lejan\u00eda del lugar y naturalmente lo complejo de encontrar medios de prueba\u201d.<\/p>\n<p class=\"v1MsoNormal\" style=\"text-align: justify;\">PDI<\/p>\n<p class=\"v1MsoNormal\" style=\"text-align: justify;\">Sobre las diligencias desarrolladas por la Polic\u00eda de Investigaciones de Chile en este caso, el prefecto inspector Javier Valenzuela Riquelme, jefe de la Regi\u00f3n Policial de Ays\u00e9n, se\u00f1al\u00f3 que \u201cdesde el primer d\u00eda la PDI, a requerimiento del Ministerio P\u00fablico, se hizo presente en el lugar del hecho, considerando la complejidad del entorno en el sitio de suceso, se opt\u00f3 por reforzar a la Brigada de Homicidios con un equipo multidisciplinario, el cual est\u00e1 compuesto por diferentes unidades de esta Regi\u00f3n Policial, apoyados por peritos de otras partes del pa\u00eds, espec\u00edficamente, del LACRIM Metropolitano y del LACRIM Temuco\u201d.<\/p>\n<p class=\"v1MsoNormal\" style=\"text-align: justify;\">En el lugar, \u201cse hizo un rastreo profundo del sitio de suceso, apoyados por elementos de apoyo a\u00e9reo y por un equipo especializado en b\u00fasqueda subacu\u00e1tica que efectu\u00f3 un rastreo del R\u00edo \u00d1irehuao\u201d, puntualiz\u00f3 el jefe de la PDI Ays\u00e9n.<\/p>\n<p class=\"v1MsoNormal\" style=\"text-align: justify;\">En cuanto a las complejidades del sitio de suceso, la m\u00e1xima autoridad policial de la regi\u00f3n indic\u00f3 que \u201cel entorno del lugar es bastante desolado, un sector plenamente rural y eso lo hace a\u00fan m\u00e1s complejo, no es un sitio de suceso urbano donde existen eventuales o potenciales testigos, c\u00e1maras de vigilancia o alg\u00fan medio que nos permita alg\u00fan hilo conductor de la investigaci\u00f3n, ac\u00e1 es bastante rural el sector, bastante solitario, desolado y por lo mismo se hace mucho m\u00e1s complejo\u201d.<\/p>\n<p class=\"v1MsoNormal\" style=\"text-align: justify;\">El jefe policial inform\u00f3 que se est\u00e1n materializando varias diligencias policiales, investigativas y peritajes, realizando todas las diligencias tendientes a esclarecer este caso, ya que se trata de una investigaci\u00f3n bastante amplia.<\/p>\n<p class=\"v1MsoNormal\" style=\"text-align: justify;\">Finalmente, el prefecto inspector Valenzuela recalc\u00f3 que \u201cno se puede descartar ninguna hip\u00f3tesis, estamos trabajando varias l\u00edneas investigativas y el ramal de alternativas es bastante amplio\u201d.<\/p>\n<\/div><\/section><\/div><div  style='height:50px' class='hr hr-invisible   avia-builder-el-6  el_after_av_one_full  el_before_av_social_share '><span class='hr-inner ' ><span class='hr-inner-style'><\/span><\/span><\/div><\/p>\n<div  class='av-social-sharing-box  avia-builder-el-7  el_after_av_hr  el_before_av_hr  '><div class='av-share-box'><h5 class='av-share-link-description av-no-toc '>Compartir esta noticia<\/h5><ul class='av-share-box-list noLightbox'><li class='av-share-link av-social-link-facebook' ><a target=\"_blank\" aria-label=\"Compartir en Facebook\" href='https:\/\/www.facebook.com\/sharer.php?u=https:\/\/radiorevelacionfm.cl\/?p=50797&#038;t=Investigan%20muerte%20de%20empresario%20regional%20ocurrido%20al%20interior%20de%20un%20campo%20ubicado%20a%208%20kil%C3%B3metros%20de%20%C3%91irehuao' aria-hidden='false' data-av_icon='\ue8f3' data-av_iconfont='entypo-fontello' title='' data-avia-related-tooltip='Compartir en Facebook' rel=\"noopener\"><span class='avia_hidden_link_text'>Compartir en Facebook<\/span><\/a><\/li><li class='av-share-link av-social-link-twitter' ><a target=\"_blank\" aria-label=\"Compartir en Twitter\" href='https:\/\/twitter.com\/share?text=Investigan%20muerte%20de%20empresario%20regional%20ocurrido%20al%20interior%20de%20un%20campo%20ubicado%20a%208%20kil%C3%B3metros%20de%20%C3%91irehuao&#038;url=https:\/\/radiorevelacionfm.cl\/?p=50797' aria-hidden='false' data-av_icon='\ue8f1' data-av_iconfont='entypo-fontello' title='' data-avia-related-tooltip='Compartir en Twitter' rel=\"noopener\"><span class='avia_hidden_link_text'>Compartir en Twitter<\/span><\/a><\/li><li class='av-share-link av-social-link-whatsapp' ><a target=\"_blank\" aria-label=\"Compartir en Whatsapp\" href='https:\/\/api.whatsapp.com\/send?text=https:\/\/radiorevelacionfm.cl\/?p=50797' aria-hidden='false' data-av_icon='\uf232' data-av_iconfont='entypo-fontello' title='' data-avia-related-tooltip='Compartir en Whatsapp' rel=\"noopener\"><span class='avia_hidden_link_text'>Compartir en Whatsapp<\/span><\/a><\/li><li class='av-share-link av-social-link-linkedin' ><a target=\"_blank\" aria-label=\"Compartir en LinkedIn\" href='https:\/\/linkedin.com\/shareArticle?mini=true&#038;title=Investigan%20muerte%20de%20empresario%20regional%20ocurrido%20al%20interior%20de%20un%20campo%20ubicado%20a%208%20kil%C3%B3metros%20de%20%C3%91irehuao&#038;url=https:\/\/radiorevelacionfm.cl\/?p=50797' aria-hidden='false' data-av_icon='\ue8fc' data-av_iconfont='entypo-fontello' title='' data-avia-related-tooltip='Compartir en LinkedIn' rel=\"noopener\"><span class='avia_hidden_link_text'>Compartir en LinkedIn<\/span><\/a><\/li><li class='av-share-link av-social-link-mail' ><a  aria-label=\"Compartir por correo\" href='mailto:?subject=Investigan%20muerte%20de%20empresario%20regional%20ocurrido%20al%20interior%20de%20un%20campo%20ubicado%20a%208%20kil%C3%B3metros%20de%20%C3%91irehuao&#038;body=https:\/\/radiorevelacionfm.cl\/?p=50797' aria-hidden='false' data-av_icon='\ue805' data-av_iconfont='entypo-fontello' title='' data-avia-related-tooltip='Compartir por correo'><span class='avia_hidden_link_text'>Compartir por correo<\/span><\/a><\/li><\/ul><\/div><\/div>\n<div  style='height:50px' class='hr hr-invisible   avia-builder-el-8  el_after_av_social_share  el_before_av_comments_list '><span class='hr-inner ' ><span class='hr-inner-style'><\/span><\/span><\/div>\n<div  class='av-buildercomment  av-blog-meta-html-info-disabled av-blog-meta-tag-disabled  '><\/div>\n","protected":false},"excerpt":{"rendered":"","protected":false},"author":1,"featured_media":13990,"comment_status":"open","ping_status":"open","sticky":false,"template":"","format":"standard","meta":{"footnotes":""},"categories":[36],"tags":[],"class_list":["post-50797","post","type-post","status-publish","format-standard","has-post-thumbnail","hentry","category-policial"],"jetpack_featured_media_url":"https:\/\/radiorevelacionfm.cl\/wp-content\/uploads\/2022\/02\/pdi-ruta-1_optimized.jpg","_links":{"self":[{"href":"https:\/\/radiorevelacionfm.cl\/index.php?rest_route=\/wp\/v2\/posts\/50797","targetHints":{"allow":["GET"]}}],"collection":[{"href":"https:\/\/radiorevelacionfm.cl\/index.php?rest_route=\/wp\/v2\/posts"}],"about":[{"href":"https:\/\/radiorevelacionfm.cl\/index.php?rest_route=\/wp\/v2\/types\/post"}],"author":[{"embeddable":true,"href":"https:\/\/radiorevelacionfm.cl\/index.php?rest_route=\/wp\/v2\/users\/1"}],"replies":[{"embeddable":true,"href":"https:\/\/radiorevelacionfm.cl\/index.php?rest_route=%2Fwp%2Fv2%2Fcomments&post=50797"}],"version-history":[{"count":2,"href":"https:\/\/radiorevelacionfm.cl\/index.php?rest_route=\/wp\/v2\/posts\/50797\/revisions"}],"predecessor-version":[{"id":50799,"href":"https:\/\/radiorevelacionfm.cl\/index.php?rest_route=\/wp\/v2\/posts\/50797\/revisions\/50799"}],"wp:featuredmedia":[{"embeddable":true,"href":"https:\/\/radiorevelacionfm.cl\/index.php?rest_route=\/wp\/v2\/media\/13990"}],"wp:attachment":[{"href":"https:\/\/radiorevelacionfm.cl\/index.php?rest_route=%2Fwp%2Fv2%2Fmedia&parent=50797"}],"wp:term":[{"taxonomy":"category","embeddable":true,"href":"https:\/\/radiorevelacionfm.cl\/index.php?rest_route=%2Fwp%2Fv2%2Fcategories&post=50797"},{"taxonomy":"post_tag","embeddable":true,"href":"https:\/\/radiorevelacionfm.cl\/index.php?rest_route=%2Fwp%2Fv2%2Ftags&post=50797"}],"curies":[{"name":"wp","href":"https:\/\/api.w.org\/{rel}","templated":true}]}}