{"id":50794,"date":"2025-02-21T14:49:31","date_gmt":"2025-02-21T17:49:31","guid":{"rendered":"https:\/\/radiorevelacionfm.cl\/?p=50794"},"modified":"2025-02-21T14:49:31","modified_gmt":"2025-02-21T17:49:31","slug":"activate-en-vacaciones-puyuhuapi-permitio-a-ninos-as-interactuar-con-la-naturaleza-y-aprender-para-la-vida","status":"publish","type":"post","link":"https:\/\/radiorevelacionfm.cl\/?p=50794","title":{"rendered":"\u201cAct\u00edvate en Vacaciones\u201d Puyuhuapi permiti\u00f3 a ni\u00f1os\/as interactuar con la naturaleza y aprender para la vida"},"content":{"rendered":"<div class=\"flex_column av_one_full  flex_column_div av-zero-column-padding first  avia-builder-el-0  el_before_av_one_full  avia-builder-el-first  \" style='border-radius:0px; '><div  class='avia-image-container  av-styling-    avia-builder-el-1  avia-builder-el-no-sibling  avia-align-center '  itemprop=\"image\" itemscope=\"itemscope\" itemtype=\"https:\/\/schema.org\/ImageObject\"  ><div class='avia-image-container-inner'><div class='avia-image-overlay-wrap'><img decoding=\"async\" class='wp-image-50795 avia-img-lazy-loading-not-50795 avia_image' src=\"https:\/\/radiorevelacionfm.cl\/wp-content\/uploads\/2025\/02\/cierre-puyuhuapi-esc-verano-12-1-1_optimized-1.jpeg\" alt='' title='cierre-puyuhuapi-esc-verano-12-(1)-(1)_optimized (1)' height=\"600\" width=\"866\"  itemprop=\"thumbnailUrl\" srcset=\"https:\/\/radiorevelacionfm.cl\/wp-content\/uploads\/2025\/02\/cierre-puyuhuapi-esc-verano-12-1-1_optimized-1.jpeg 866w, https:\/\/radiorevelacionfm.cl\/wp-content\/uploads\/2025\/02\/cierre-puyuhuapi-esc-verano-12-1-1_optimized-1-300x208.jpeg 300w, https:\/\/radiorevelacionfm.cl\/wp-content\/uploads\/2025\/02\/cierre-puyuhuapi-esc-verano-12-1-1_optimized-1-768x532.jpeg 768w, https:\/\/radiorevelacionfm.cl\/wp-content\/uploads\/2025\/02\/cierre-puyuhuapi-esc-verano-12-1-1_optimized-1-705x488.jpeg 705w, https:\/\/radiorevelacionfm.cl\/wp-content\/uploads\/2025\/02\/cierre-puyuhuapi-esc-verano-12-1-1_optimized-1-450x312.jpeg 450w, https:\/\/radiorevelacionfm.cl\/wp-content\/uploads\/2025\/02\/cierre-puyuhuapi-esc-verano-12-1-1_optimized-1-600x416.jpeg 600w\" sizes=\"(max-width: 866px) 100vw, 866px\" \/><\/div><\/div><\/div><\/div><div class=\"flex_column av_one_full  flex_column_div av-zero-column-padding first  avia-builder-el-2  el_after_av_one_full  el_before_av_one_full  column-top-margin\" style='border-radius:0px; '><section class=\"av_textblock_section \"  itemscope=\"itemscope\" itemtype=\"https:\/\/schema.org\/BlogPosting\" itemprop=\"blogPost\" ><div class='avia_textblock  '   itemprop=\"text\" ><p style=\"text-align: center;\"><strong><span style=\"font-size: 18pt;\">\u201cAct\u00edvate en Vacaciones\u201d Puyuhuapi permiti\u00f3 a ni\u00f1os\/as interactuar con la naturaleza y aprender para la vida<\/span><\/strong><\/p>\n<div id=\"gtx-trans\" style=\"position: absolute; left: -50px; top: 4.31534px;\">\n<div class=\"gtx-trans-icon\"><\/div>\n<\/div>\n<\/div><\/section><\/div><div class=\"flex_column av_one_full  flex_column_div av-zero-column-padding first  avia-builder-el-4  el_after_av_one_full  el_before_av_hr  column-top-margin\" style='border-radius:0px; '><section class=\"av_textblock_section \"  itemscope=\"itemscope\" itemtype=\"https:\/\/schema.org\/BlogPosting\" itemprop=\"blogPost\" ><div class='avia_textblock  '   itemprop=\"text\" ><p style=\"text-align: justify;\"><em><strong>Participantes, monitores y autoridades evaluaron positivamente la versi\u00f3n 2025 de este programa de JUNAEB ejecutado en la localidad por la OLN de la Municipalidad de Cisnes.<\/strong><\/em><\/p>\n<p style=\"text-align: justify;\">Durante los meses de enero y febrero se desarroll\u00f3 por primera vez en Puerto Puyuhuapi, comuna de Cisnes, el Programa \u201cAct\u00edvate en Vacaciones\u201d de la l\u00ednea de intervenci\u00f3n Escuelas Saludables para el Aprendizaje de JUNAEB.<\/p>\n<p style=\"text-align: justify;\">El proyecto fue previamente postulado, adjudicado y ejecutado por la Ilustre Municipalidad de Cisnes a trav\u00e9s de su Oficina Local de la Ni\u00f1ez, en un incansable\u00a0af\u00e1n por mejorar la oferta de servicios y actividades disponibles para los ni\u00f1os y ni\u00f1as de la localidad.<\/p>\n<p style=\"text-align: justify;\">En esta versi\u00f3n, el programa cont\u00f3 con una matr\u00edcula final de 31 ni\u00f1os y ni\u00f1as, quienes durante 4 semanas tuvieron la oportunidad de participar en diversos talleres, todos los cuales ten\u00edan como principal objetivo promover h\u00e1bitos de vida activa y saludable, a trav\u00e9s de actividades recreativas, educativas, culturales y medioambientales, contando con un ambiente protegido y seguro al interior de establecimientos educacionales p\u00fablicos del Estado.<\/p>\n<p style=\"text-align: justify;\">\u201cImportante la actividad de cierre que tuvimos en la plaza de la localidad, donde a trav\u00e9s de distintos stands la comunidad pudo conocer un poco las actividades que se estuvieron desarrollando durante el periodo. En ese contexto, agradecer finalmente el trabajo del municipio, de la Oficina Local de la Ni\u00f1ez, de las distintas monitoras y monitores que estuvieron facilitando sus conocimientos y su entrega para que las ni\u00f1as y ni\u00f1os tuvieran una oportunidad de participar en una escuela de esta de estas caracter\u00edsticas. Contento adem\u00e1s porque hay una evaluaci\u00f3n positiva del trabajo y espero que podamos seguir estando presentes con este tipo de actividades en la localidad de Puyuhuapi o en otras localidades de la comuna\u201d, se\u00f1al\u00f3 el director regional de Junaeb, Manuel Vivar.<\/p>\n<p style=\"text-align: justify;\">Por su parte, Katherine Calqu\u00edn, directora de desarrollo comunitario de la Municipalidad de Cisnes, dijo, \u201cestamos s\u00faper contentos de estar terminando en Puerto Puyuhuapi el act\u00edvate en vacaciones, donde ni\u00f1os y ni\u00f1as de la localidad, pudieron desarrollarse con un sin n\u00famero de actividades con un enfoque muy integral. Por supuesto estamos orgullosos de poder haberlo adjudicado a trav\u00e9s de la Oficina de la Local de la Ni\u00f1ez, por segunda vez, as\u00ed que, agradecemos por supuesto a este trabajo colaborativo con Junaeb\u201d.<\/p>\n<p style=\"text-align: justify;\">Javier Gallardo Aliaga, Coordinador del Programa en su versi\u00f3n 2025, resalta lo exitoso de la iniciativa desarrollada en Puyuhuapi. \u00abMuy feliz de haber concluido de manera exitosa esta jornada que implica un beneficio directo en las infancias de la localidad, en donde cada uno de ellos pudo disfrutar, como protagonista, de sus vacaciones de verano con jornadas entretenidas para su recreaci\u00f3n pero tambi\u00e9n aportando en objetivos fundamentales en su educaci\u00f3n como lo es la convivencia.<br \/>\nAgradecer por generar esta oportunidad, que contribuyen a enriquecer sus procesos de aprendizaje, siendo indispensables en contextos donde quiz\u00e1s son limitadas las instancias culturales, art\u00edsticas y recreativas\u00bb.<\/p>\n<p style=\"text-align: justify;\">El Programa Act\u00edvate en Vacaciones contempl\u00f3 durante su ejecuci\u00f3n el desarrollo de diversos talleres art\u00edsticos, culturales, medioambientales, deportivos y educativos, todos en los cuales se prioriz\u00f3\u00a0un enfoque de derechos.<\/p>\n<p style=\"text-align: justify;\">Entre las actividades que se realizaron destacan, los talleres de stop motion, pintar con tierras y plantas, educaci\u00f3n al aire libre, taller de huerto y compostaje, taller de cocina chilota\/alemana, entrenamiento ninja, bosque con lupa, senderismo, taller de kayak, avistamiento de flora y fauna nativa.<\/p>\n<p style=\"text-align: justify;\">\u201cQuer\u00eda contarles de esta bonita experiencia que realizamos con los ni\u00f1os en dos talleres, de la mezcla cultural de Puyuhuapi, Chilote, alemana. Decidimos hacer milcao, una variaci\u00f3n de la receta original para hacerla m\u00e1s saludable, rellenitos con pollo hecho al horno, as\u00ed que ah\u00ed m\u00e1s saludable que la receta original que va con chicharrones y frita. Y en el segundo taller hicimos kuchen, as\u00ed que lo pasamos muy bien\u201d, coment\u00f3 el monitor del taller de cocina, Javier Ponce.<\/p>\n<p style=\"text-align: justify;\">Mientras que, Valentina Monsalve, del taller educaci\u00f3n al aire libre, destacaba el uso de materiales encontrados en el entorno, que sirvieron para crear o complementar art\u00edculos \u00fatiles para la jornada diaria, contando tambi\u00e9n que durante las diversas actividades hab\u00eda juegos para hacer m\u00e1s din\u00e1mica la escuela de verano en Puyuhuapi.<\/p>\n<p style=\"text-align: justify;\">Un lindo trabajo tambi\u00e9n se efectu\u00f3 en el taller de huerto org\u00e1nico y compostaje que realiz\u00f3, Elizabeth Araya, donde los ni\u00f1os aprendieron sobre germinaci\u00f3n de semillas, lograron identificar diversas plantas de verduras y flores, como as\u00ed tambi\u00e9n, un valioso aprendizaje sobre plantas medicinales su uso y sus beneficios.<\/p>\n<p style=\"text-align: justify;\">Amaru Gonz\u00e1lez, fue uno de los ni\u00f1os que particip\u00f3 del programa \u201cact\u00edvate en vacaciones\u201d Puyuhuapi 2025, quien valor\u00f3 cada una de las actividades, como las que se realizaron al aire libre y cada uno de los talleres, \u201caprendimos en medio de la naturaleza, tambi\u00e9n de invernaderos, porque as\u00ed nos ense\u00f1an a plantar y aprendimos cosas nuevas y el taller de kayak igual estuvo bueno, porque vimos un ping\u00fcino y una tonina\u201d.<\/p>\n<p style=\"text-align: justify;\">Las actividades finalizaron con una Muestra Comunitaria, en la cual los ni\u00f1os y ni\u00f1as, acompa\u00f1ados de los monitores, expusieron a sus familias, amigos, autoridades y comunidad en general el resultado de su trabajo. Destacando diversos stands con exposici\u00f3n de fotograf\u00edas e implementos utilizados en el Programa, alm\u00e1cigos de diversas siembras efectuadas, una degustaci\u00f3n de pebre de mote y milcao adaptado con ingredientes saludables, as\u00ed como una serie de funciones de cine con palomitas, en las cuales los protagonistas del evento presentaron su obra de stop motion, el cortometraje \u201cEsp\u00edritu del Lugar\u201d.<\/p>\n<\/div><\/section><\/div><div  style='height:50px' class='hr hr-invisible   avia-builder-el-6  el_after_av_one_full  el_before_av_social_share '><span class='hr-inner ' ><span class='hr-inner-style'><\/span><\/span><\/div><\/p>\n<div  class='av-social-sharing-box  avia-builder-el-7  el_after_av_hr  el_before_av_hr  '><div class='av-share-box'><h5 class='av-share-link-description av-no-toc '>Compartir esta noticia<\/h5><ul class='av-share-box-list noLightbox'><li class='av-share-link av-social-link-facebook' ><a target=\"_blank\" aria-label=\"Compartir en Facebook\" href='https:\/\/www.facebook.com\/sharer.php?u=https:\/\/radiorevelacionfm.cl\/?p=50794&#038;t=%E2%80%9CAct%C3%ADvate%20en%20Vacaciones%E2%80%9D%20Puyuhuapi%20permiti%C3%B3%20a%20ni%C3%B1os%2Fas%20interactuar%20con%20la%20naturaleza%20y%20aprender%20para%20la%20vida' aria-hidden='false' data-av_icon='\ue8f3' data-av_iconfont='entypo-fontello' title='' data-avia-related-tooltip='Compartir en Facebook' rel=\"noopener\"><span class='avia_hidden_link_text'>Compartir en Facebook<\/span><\/a><\/li><li class='av-share-link av-social-link-twitter' ><a target=\"_blank\" aria-label=\"Compartir en Twitter\" href='https:\/\/twitter.com\/share?text=%E2%80%9CAct%C3%ADvate%20en%20Vacaciones%E2%80%9D%20Puyuhuapi%20permiti%C3%B3%20a%20ni%C3%B1os%2Fas%20interactuar%20con%20la%20naturaleza%20y%20aprender%20para%20la%20vida&#038;url=https:\/\/radiorevelacionfm.cl\/?p=50794' aria-hidden='false' data-av_icon='\ue8f1' data-av_iconfont='entypo-fontello' title='' data-avia-related-tooltip='Compartir en Twitter' rel=\"noopener\"><span class='avia_hidden_link_text'>Compartir en Twitter<\/span><\/a><\/li><li class='av-share-link av-social-link-whatsapp' ><a target=\"_blank\" aria-label=\"Compartir en Whatsapp\" href='https:\/\/api.whatsapp.com\/send?text=https:\/\/radiorevelacionfm.cl\/?p=50794' aria-hidden='false' data-av_icon='\uf232' data-av_iconfont='entypo-fontello' title='' data-avia-related-tooltip='Compartir en Whatsapp' rel=\"noopener\"><span class='avia_hidden_link_text'>Compartir en Whatsapp<\/span><\/a><\/li><li class='av-share-link av-social-link-linkedin' ><a target=\"_blank\" aria-label=\"Compartir en LinkedIn\" href='https:\/\/linkedin.com\/shareArticle?mini=true&#038;title=%E2%80%9CAct%C3%ADvate%20en%20Vacaciones%E2%80%9D%20Puyuhuapi%20permiti%C3%B3%20a%20ni%C3%B1os%2Fas%20interactuar%20con%20la%20naturaleza%20y%20aprender%20para%20la%20vida&#038;url=https:\/\/radiorevelacionfm.cl\/?p=50794' aria-hidden='false' data-av_icon='\ue8fc' data-av_iconfont='entypo-fontello' title='' data-avia-related-tooltip='Compartir en LinkedIn' rel=\"noopener\"><span class='avia_hidden_link_text'>Compartir en LinkedIn<\/span><\/a><\/li><li class='av-share-link av-social-link-mail' ><a  aria-label=\"Compartir por correo\" href='mailto:?subject=%E2%80%9CAct%C3%ADvate%20en%20Vacaciones%E2%80%9D%20Puyuhuapi%20permiti%C3%B3%20a%20ni%C3%B1os%2Fas%20interactuar%20con%20la%20naturaleza%20y%20aprender%20para%20la%20vida&#038;body=https:\/\/radiorevelacionfm.cl\/?p=50794' aria-hidden='false' data-av_icon='\ue805' data-av_iconfont='entypo-fontello' title='' data-avia-related-tooltip='Compartir por correo'><span class='avia_hidden_link_text'>Compartir por correo<\/span><\/a><\/li><\/ul><\/div><\/div>\n<div  style='height:50px' class='hr hr-invisible   avia-builder-el-8  el_after_av_social_share  el_before_av_comments_list '><span class='hr-inner ' ><span class='hr-inner-style'><\/span><\/span><\/div>\n<div  class='av-buildercomment  av-blog-meta-html-info-disabled av-blog-meta-tag-disabled  '><\/div>\n","protected":false},"excerpt":{"rendered":"","protected":false},"author":1,"featured_media":50795,"comment_status":"open","ping_status":"open","sticky":false,"template":"","format":"standard","meta":{"footnotes":""},"categories":[38],"tags":[],"class_list":["post-50794","post","type-post","status-publish","format-standard","has-post-thumbnail","hentry","category-regional"],"jetpack_featured_media_url":"https:\/\/radiorevelacionfm.cl\/wp-content\/uploads\/2025\/02\/cierre-puyuhuapi-esc-verano-12-1-1_optimized-1.jpeg","_links":{"self":[{"href":"https:\/\/radiorevelacionfm.cl\/index.php?rest_route=\/wp\/v2\/posts\/50794","targetHints":{"allow":["GET"]}}],"collection":[{"href":"https:\/\/radiorevelacionfm.cl\/index.php?rest_route=\/wp\/v2\/posts"}],"about":[{"href":"https:\/\/radiorevelacionfm.cl\/index.php?rest_route=\/wp\/v2\/types\/post"}],"author":[{"embeddable":true,"href":"https:\/\/radiorevelacionfm.cl\/index.php?rest_route=\/wp\/v2\/users\/1"}],"replies":[{"embeddable":true,"href":"https:\/\/radiorevelacionfm.cl\/index.php?rest_route=%2Fwp%2Fv2%2Fcomments&post=50794"}],"version-history":[{"count":1,"href":"https:\/\/radiorevelacionfm.cl\/index.php?rest_route=\/wp\/v2\/posts\/50794\/revisions"}],"predecessor-version":[{"id":50796,"href":"https:\/\/radiorevelacionfm.cl\/index.php?rest_route=\/wp\/v2\/posts\/50794\/revisions\/50796"}],"wp:featuredmedia":[{"embeddable":true,"href":"https:\/\/radiorevelacionfm.cl\/index.php?rest_route=\/wp\/v2\/media\/50795"}],"wp:attachment":[{"href":"https:\/\/radiorevelacionfm.cl\/index.php?rest_route=%2Fwp%2Fv2%2Fmedia&parent=50794"}],"wp:term":[{"taxonomy":"category","embeddable":true,"href":"https:\/\/radiorevelacionfm.cl\/index.php?rest_route=%2Fwp%2Fv2%2Fcategories&post=50794"},{"taxonomy":"post_tag","embeddable":true,"href":"https:\/\/radiorevelacionfm.cl\/index.php?rest_route=%2Fwp%2Fv2%2Ftags&post=50794"}],"curies":[{"name":"wp","href":"https:\/\/api.w.org\/{rel}","templated":true}]}}