{"id":50777,"date":"2025-02-21T10:49:54","date_gmt":"2025-02-21T13:49:54","guid":{"rendered":"https:\/\/radiorevelacionfm.cl\/?p=50777"},"modified":"2025-02-21T10:49:54","modified_gmt":"2025-02-21T13:49:54","slug":"la-importancia-de-reconocer-los-signos-de-una-paralisis-facial-periferica","status":"publish","type":"post","link":"https:\/\/radiorevelacionfm.cl\/?p=50777","title":{"rendered":"La importancia de reconocer los signos de una par\u00e1lisis facial perif\u00e9rica"},"content":{"rendered":"<div class=\"flex_column av_one_full  flex_column_div av-zero-column-padding first  avia-builder-el-0  el_before_av_one_full  avia-builder-el-first  \" style='border-radius:0px; '><div  class='avia-image-container  av-styling-    avia-builder-el-1  avia-builder-el-no-sibling  avia-align-center '  itemprop=\"image\" itemscope=\"itemscope\" itemtype=\"https:\/\/schema.org\/ImageObject\"  ><div class='avia-image-container-inner'><div class='avia-image-overlay-wrap'><img decoding=\"async\" class='wp-image-50778 avia-img-lazy-loading-not-50778 avia_image' src=\"https:\/\/radiorevelacionfm.cl\/wp-content\/uploads\/2025\/02\/adobestock_644208799-1_optimized.jpeg\" alt='' title='adobestock_644208799-(1)_optimized' height=\"600\" width=\"899\"  itemprop=\"thumbnailUrl\" srcset=\"https:\/\/radiorevelacionfm.cl\/wp-content\/uploads\/2025\/02\/adobestock_644208799-1_optimized.jpeg 899w, https:\/\/radiorevelacionfm.cl\/wp-content\/uploads\/2025\/02\/adobestock_644208799-1_optimized-300x200.jpeg 300w, https:\/\/radiorevelacionfm.cl\/wp-content\/uploads\/2025\/02\/adobestock_644208799-1_optimized-768x513.jpeg 768w, https:\/\/radiorevelacionfm.cl\/wp-content\/uploads\/2025\/02\/adobestock_644208799-1_optimized-705x471.jpeg 705w, https:\/\/radiorevelacionfm.cl\/wp-content\/uploads\/2025\/02\/adobestock_644208799-1_optimized-450x300.jpeg 450w, https:\/\/radiorevelacionfm.cl\/wp-content\/uploads\/2025\/02\/adobestock_644208799-1_optimized-600x400.jpeg 600w\" sizes=\"(max-width: 899px) 100vw, 899px\" \/><\/div><\/div><\/div><\/div><div class=\"flex_column av_one_full  flex_column_div av-zero-column-padding first  avia-builder-el-2  el_after_av_one_full  el_before_av_one_full  column-top-margin\" style='border-radius:0px; '><section class=\"av_textblock_section \"  itemscope=\"itemscope\" itemtype=\"https:\/\/schema.org\/BlogPosting\" itemprop=\"blogPost\" ><div class='avia_textblock  '   itemprop=\"text\" ><p style=\"text-align: center;\"><span style=\"font-size: 18pt;\"><b>La importancia de reconocer los signos de una par\u00e1lisis facial perif\u00e9rica<\/b><\/span><\/p>\n<div id=\"gtx-trans\" style=\"position: absolute; left: -50px; top: 4.31534px;\">\n<div class=\"gtx-trans-icon\"><\/div>\n<\/div>\n<\/div><\/section><\/div><div class=\"flex_column av_one_full  flex_column_div av-zero-column-padding first  avia-builder-el-4  el_after_av_one_full  el_before_av_hr  column-top-margin\" style='border-radius:0px; '><section class=\"av_textblock_section \"  itemscope=\"itemscope\" itemtype=\"https:\/\/schema.org\/BlogPosting\" itemprop=\"blogPost\" ><div class='avia_textblock  '   itemprop=\"text\" ><p style=\"text-align: justify;\">Existe la posibilidad que, por situaciones de estr\u00e9s, traumatismos o por causas virales, una persona podr\u00eda sufrir una par\u00e1lisis facial perif\u00e9rica, que en ocasiones puede que manifieste s\u00edntomas muy leves y el afectado no lo note a tiempo, o un compromiso mayor que perjudique el habla y la degluci\u00f3n.<\/p>\n<p style=\"text-align: justify;\">La par\u00e1lisis facial leve, es una condici\u00f3n que se caracteriza por la p\u00e9rdida de movimiento o debilidad en los m\u00fasculos de un lado de la cara. Las personas que sufren esta par\u00e1lisis suelen experimentar dificultades para sonre\u00edr, cerrar los ojos o realizar otras expresiones faciales.<\/p>\n<p style=\"text-align: justify;\">El tratamiento adecuado para la par\u00e1lisis facial es fundamental para garantizar una pronta recuperaci\u00f3n y evitar secuelas a largo plazo. En este sentido, el tratamiento fonoaudiol\u00f3gico juega un rol clave en la rehabilitaci\u00f3n de los pacientes que sufren de par\u00e1lisis facial, que se centra en la estimulaci\u00f3n de los m\u00fasculos faciales y la mejora de las funciones orales, como la m\u00edmica, el habla y la degluci\u00f3n, que en muchos casos se ven afectadas.<\/p>\n<p style=\"text-align: justify;\">Mediante los ejercicios espec\u00edficos, la rehabilitaci\u00f3n ayuda a fortalecer los m\u00fasculos de la cara, promoviendo una recuperaci\u00f3n de la simetr\u00eda facial y una mejora en el control de los movimientos faciales. Tambi\u00e9n incluye la rehabilitaci\u00f3n del habla y la degluci\u00f3n, ya que la par\u00e1lisis facial puede dificultar la articulaci\u00f3n, por lo que se dise\u00f1an ejercicios para mejorar estas habilidades y prevenir posibles complicaciones en el futuro.<\/p>\n<p style=\"text-align: justify;\">El diagn\u00f3stico temprano de la par\u00e1lisis facial es clave para evitar complicaciones y asegurar una recuperaci\u00f3n completa. Si se experimentan s\u00edntomas sugerentes de este cuadro, es fundamental buscar atenci\u00f3n m\u00e9dica de inmediato. Una intervenci\u00f3n temprana puede marcar la diferencia en la recuperaci\u00f3n y minimizar el impacto a largo plazo, precis\u00f3 Jorge Vald\u00e9s Soto, de la Escuela de Fonoaudiolog\u00eda, Universidad Andr\u00e9s Bello.<\/p>\n<\/div><\/section><\/div><div  style='height:50px' class='hr hr-invisible   avia-builder-el-6  el_after_av_one_full  el_before_av_social_share '><span class='hr-inner ' ><span class='hr-inner-style'><\/span><\/span><\/div><\/p>\n<div  class='av-social-sharing-box  avia-builder-el-7  el_after_av_hr  el_before_av_hr  '><div class='av-share-box'><h5 class='av-share-link-description av-no-toc '>Compartir esta noticia<\/h5><ul class='av-share-box-list noLightbox'><li class='av-share-link av-social-link-facebook' ><a target=\"_blank\" aria-label=\"Compartir en Facebook\" href='https:\/\/www.facebook.com\/sharer.php?u=https:\/\/radiorevelacionfm.cl\/?p=50777&#038;t=La%20importancia%20de%20reconocer%20los%20signos%20de%20una%20par%C3%A1lisis%20facial%20perif%C3%A9rica' aria-hidden='false' data-av_icon='\ue8f3' data-av_iconfont='entypo-fontello' title='' data-avia-related-tooltip='Compartir en Facebook' rel=\"noopener\"><span class='avia_hidden_link_text'>Compartir en Facebook<\/span><\/a><\/li><li class='av-share-link av-social-link-twitter' ><a target=\"_blank\" aria-label=\"Compartir en Twitter\" href='https:\/\/twitter.com\/share?text=La%20importancia%20de%20reconocer%20los%20signos%20de%20una%20par%C3%A1lisis%20facial%20perif%C3%A9rica&#038;url=https:\/\/radiorevelacionfm.cl\/?p=50777' aria-hidden='false' data-av_icon='\ue8f1' data-av_iconfont='entypo-fontello' title='' data-avia-related-tooltip='Compartir en Twitter' rel=\"noopener\"><span class='avia_hidden_link_text'>Compartir en Twitter<\/span><\/a><\/li><li class='av-share-link av-social-link-whatsapp' ><a target=\"_blank\" aria-label=\"Compartir en Whatsapp\" href='https:\/\/api.whatsapp.com\/send?text=https:\/\/radiorevelacionfm.cl\/?p=50777' aria-hidden='false' data-av_icon='\uf232' data-av_iconfont='entypo-fontello' title='' data-avia-related-tooltip='Compartir en Whatsapp' rel=\"noopener\"><span class='avia_hidden_link_text'>Compartir en Whatsapp<\/span><\/a><\/li><li class='av-share-link av-social-link-linkedin' ><a target=\"_blank\" aria-label=\"Compartir en LinkedIn\" href='https:\/\/linkedin.com\/shareArticle?mini=true&#038;title=La%20importancia%20de%20reconocer%20los%20signos%20de%20una%20par%C3%A1lisis%20facial%20perif%C3%A9rica&#038;url=https:\/\/radiorevelacionfm.cl\/?p=50777' aria-hidden='false' data-av_icon='\ue8fc' data-av_iconfont='entypo-fontello' title='' data-avia-related-tooltip='Compartir en LinkedIn' rel=\"noopener\"><span class='avia_hidden_link_text'>Compartir en LinkedIn<\/span><\/a><\/li><li class='av-share-link av-social-link-mail' ><a  aria-label=\"Compartir por correo\" href='mailto:?subject=La%20importancia%20de%20reconocer%20los%20signos%20de%20una%20par%C3%A1lisis%20facial%20perif%C3%A9rica&#038;body=https:\/\/radiorevelacionfm.cl\/?p=50777' aria-hidden='false' data-av_icon='\ue805' data-av_iconfont='entypo-fontello' title='' data-avia-related-tooltip='Compartir por correo'><span class='avia_hidden_link_text'>Compartir por correo<\/span><\/a><\/li><\/ul><\/div><\/div>\n<div  style='height:50px' class='hr hr-invisible   avia-builder-el-8  el_after_av_social_share  el_before_av_comments_list '><span class='hr-inner ' ><span class='hr-inner-style'><\/span><\/span><\/div>\n<div  class='av-buildercomment  av-blog-meta-html-info-disabled av-blog-meta-tag-disabled  '><\/div>\n","protected":false},"excerpt":{"rendered":"","protected":false},"author":1,"featured_media":50778,"comment_status":"open","ping_status":"open","sticky":false,"template":"","format":"standard","meta":{"footnotes":""},"categories":[46],"tags":[],"class_list":["post-50777","post","type-post","status-publish","format-standard","has-post-thumbnail","hentry","category-salud"],"jetpack_featured_media_url":"https:\/\/radiorevelacionfm.cl\/wp-content\/uploads\/2025\/02\/adobestock_644208799-1_optimized.jpeg","_links":{"self":[{"href":"https:\/\/radiorevelacionfm.cl\/index.php?rest_route=\/wp\/v2\/posts\/50777","targetHints":{"allow":["GET"]}}],"collection":[{"href":"https:\/\/radiorevelacionfm.cl\/index.php?rest_route=\/wp\/v2\/posts"}],"about":[{"href":"https:\/\/radiorevelacionfm.cl\/index.php?rest_route=\/wp\/v2\/types\/post"}],"author":[{"embeddable":true,"href":"https:\/\/radiorevelacionfm.cl\/index.php?rest_route=\/wp\/v2\/users\/1"}],"replies":[{"embeddable":true,"href":"https:\/\/radiorevelacionfm.cl\/index.php?rest_route=%2Fwp%2Fv2%2Fcomments&post=50777"}],"version-history":[{"count":1,"href":"https:\/\/radiorevelacionfm.cl\/index.php?rest_route=\/wp\/v2\/posts\/50777\/revisions"}],"predecessor-version":[{"id":50779,"href":"https:\/\/radiorevelacionfm.cl\/index.php?rest_route=\/wp\/v2\/posts\/50777\/revisions\/50779"}],"wp:featuredmedia":[{"embeddable":true,"href":"https:\/\/radiorevelacionfm.cl\/index.php?rest_route=\/wp\/v2\/media\/50778"}],"wp:attachment":[{"href":"https:\/\/radiorevelacionfm.cl\/index.php?rest_route=%2Fwp%2Fv2%2Fmedia&parent=50777"}],"wp:term":[{"taxonomy":"category","embeddable":true,"href":"https:\/\/radiorevelacionfm.cl\/index.php?rest_route=%2Fwp%2Fv2%2Fcategories&post=50777"},{"taxonomy":"post_tag","embeddable":true,"href":"https:\/\/radiorevelacionfm.cl\/index.php?rest_route=%2Fwp%2Fv2%2Ftags&post=50777"}],"curies":[{"name":"wp","href":"https:\/\/api.w.org\/{rel}","templated":true}]}}