{"id":50770,"date":"2025-02-20T14:49:41","date_gmt":"2025-02-20T17:49:41","guid":{"rendered":"https:\/\/radiorevelacionfm.cl\/?p=50770"},"modified":"2025-02-20T14:49:41","modified_gmt":"2025-02-20T17:49:41","slug":"bienes-nacionales-concedio-arriendos-productivos-de-inmuebles-fiscales-a-integrantes-de-familia-historica-de-sector-fronterizo-de-ohiggins","status":"publish","type":"post","link":"https:\/\/radiorevelacionfm.cl\/?p=50770","title":{"rendered":"Bienes Nacionales concedi\u00f3 Arriendos Productivos de inmuebles fiscales a integrantes de familia hist\u00f3rica de sector fronterizo de O\u00b4Higgins"},"content":{"rendered":"<div class=\"flex_column av_one_full  flex_column_div av-zero-column-padding first  avia-builder-el-0  el_before_av_one_full  avia-builder-el-first  \" style='border-radius:0px; '><div  class='avia-image-container  av-styling-    avia-builder-el-1  avia-builder-el-no-sibling  avia-align-center '  itemprop=\"image\" itemscope=\"itemscope\" itemtype=\"https:\/\/schema.org\/ImageObject\"  ><div class='avia-image-container-inner'><div class='avia-image-overlay-wrap'><img decoding=\"async\" class='wp-image-50771 avia-img-lazy-loading-not-50771 avia_image' src=\"https:\/\/radiorevelacionfm.cl\/wp-content\/uploads\/2025\/02\/img_4224-1_optimized-1.jpeg\" alt='' title='img_4224-(1)_optimized (1)' height=\"600\" width=\"800\"  itemprop=\"thumbnailUrl\" srcset=\"https:\/\/radiorevelacionfm.cl\/wp-content\/uploads\/2025\/02\/img_4224-1_optimized-1.jpeg 800w, https:\/\/radiorevelacionfm.cl\/wp-content\/uploads\/2025\/02\/img_4224-1_optimized-1-300x225.jpeg 300w, https:\/\/radiorevelacionfm.cl\/wp-content\/uploads\/2025\/02\/img_4224-1_optimized-1-768x576.jpeg 768w, https:\/\/radiorevelacionfm.cl\/wp-content\/uploads\/2025\/02\/img_4224-1_optimized-1-705x529.jpeg 705w, https:\/\/radiorevelacionfm.cl\/wp-content\/uploads\/2025\/02\/img_4224-1_optimized-1-450x338.jpeg 450w, https:\/\/radiorevelacionfm.cl\/wp-content\/uploads\/2025\/02\/img_4224-1_optimized-1-600x450.jpeg 600w\" sizes=\"(max-width: 800px) 100vw, 800px\" \/><\/div><\/div><\/div><\/div><div class=\"flex_column av_one_full  flex_column_div av-zero-column-padding first  avia-builder-el-2  el_after_av_one_full  el_before_av_one_full  column-top-margin\" style='border-radius:0px; '><section class=\"av_textblock_section \"  itemscope=\"itemscope\" itemtype=\"https:\/\/schema.org\/BlogPosting\" itemprop=\"blogPost\" ><div class='avia_textblock  '   itemprop=\"text\" ><p style=\"text-align: center;\"><span style=\"font-size: 18pt;\"><strong>Bienes Nacionales concedi\u00f3 Arriendos Productivos de inmuebles fiscales a integrantes de familia hist\u00f3rica de sector fronterizo de O\u00b4Higgins <\/strong><\/span><\/p>\n<div id=\"gtx-trans\" style=\"position: absolute; left: -50px; top: 4.31534px;\">\n<div class=\"gtx-trans-icon\"><\/div>\n<\/div>\n<\/div><\/section><\/div><div class=\"flex_column av_one_full  flex_column_div av-zero-column-padding first  avia-builder-el-4  el_after_av_one_full  el_before_av_hr  column-top-margin\" style='border-radius:0px; '><section class=\"av_textblock_section \"  itemscope=\"itemscope\" itemtype=\"https:\/\/schema.org\/BlogPosting\" itemprop=\"blogPost\" ><div class='avia_textblock  '   itemprop=\"text\" ><p style=\"text-align: justify;\">En el marco de su primera visita a la comuna m\u00e1s austral de la regi\u00f3n de Ays\u00e9n, la Seremi de Bienes Nacionales, Irina Morend Valdebenito, realiz\u00f3 la entrega oficial de sus contratos de arriendo a dos vecinos de Villa O&#8217;Higgins, quienes podr\u00e1n continuar con sus trabajos agropecuarios y de manejo forestal en el sector fronterizo de Entrada Mayer, a una hora de la localidad.<\/p>\n<p style=\"text-align: justify;\">Se trata de do\u00f1a Margarita Bustos y su hijo Cardenio Alarc\u00f3n, quienes, tras extensas conversaciones con la autoridad regional, llegaron a un acuerdo para que ambos puedan solicitar en arriendo una superficie de aproximadamente 341 hect\u00e1reas fiscales que colindan con territorio argentino.<\/p>\n<p style=\"text-align: justify;\">La Seremi Irina Morend Valdebenito agradeci\u00f3 el apoyo del alcalde de O\u00b4Higgins, Jos\u00e9 Fica, quien propici\u00f3 el di\u00e1logo con ambos pobladores para alcanzar avances concretos respecto de la petici\u00f3n presentada por ambos ante el Ministerio de Bienes Nacionales, as\u00ed mismo, la autoridad relev\u00f3 tanto a Cardenio como su madre, \u201ca nuestros arrendatarios de predios fiscales los vemos como colaboradores del Estado y especialmente la se\u00f1ora Margarita y a don Cardenio, que ellos est\u00e1n en la comuna m\u00e1s austral de la regi\u00f3n de Ays\u00e9n y fronteriza, y ellos est\u00e1n justamente en estos lugares buscando trabajar y generar actividades productivas en esta zona tan lejana\u201d, dijo la Seremi, quien adem\u00e1s cont\u00f3 que junto a su equipo jur\u00eddico y de fiscalizaci\u00f3n, viajaron a recorrer el inmueble. \u201cEl a\u00f1o pasado fuimos con ambos a recorrer el lugar, nos acompa\u00f1\u00f3 el alcalde tambi\u00e9n y parte del equipo municipal. Nos mostraron las actividades que quer\u00edan realizar, crianza de ganado y producci\u00f3n hort\u00edcola. Con ellos logramos identificar el espacio donde quer\u00edan ubicarse y la superficie que requer\u00edan para poder realizar estos trabajos. Eso nos permiti\u00f3 posteriormente lograr con ellos un acuerdo que en definitiva indicaba cu\u00e1l era el \u00e1rea que cada uno iba a utilizar. A raz\u00f3n de eso, posteriormente les entregamos a cada uno su resoluci\u00f3n de arriendo a diez a\u00f1os y justamente en esta visita a Villa O\u00b4Higgins, frente a la comunidad; esta resoluci\u00f3n les va a permitir trabajar con tranquilidad y con certeza para poder articular otros apoyos de instituciones para fortalecer sus actividades productivas\u201d, remarc\u00f3 Morend Valdebenito.<\/p>\n<p style=\"text-align: justify;\">Como contexto, Morend explic\u00f3 que el v\u00ednculo con estas tierras surge de la historia familiar de la llegada de do\u00f1a Margarita y su esposo Arturo a inicios de los a\u00f1os 90 cuando, producto de la erupci\u00f3n del Volc\u00e1n Hudson, debieron dejar sus predios en la comuna de R\u00edo Ib\u00e1\u00f1ez migrando as\u00ed hacia el extremo sur de la regi\u00f3n donde tambi\u00e9n trabajaban en tierras del rec\u00f3ndito sector Lago Alegre, precisamente, donde en el a\u00f1o 1994, la se\u00f1ora Margarita se convirti\u00f3 en la primera mujer en avistar al m\u00edtico huemul blanco, al que logr\u00f3 fotografiar.<\/p>\n<p style=\"text-align: justify;\"><u>Beneficios de Arrendar Terrenos Fiscales<\/u><\/p>\n<p style=\"text-align: justify;\">Para finalizar, es importante informar que el dar cumplimiento al proyecto por el cual se solicita en arriendo un terreno fiscal garantiza diferentes beneficios frente a otras prestaciones de instituciones del Estado. En ese sentido, los beneficiarios que trabajen en el mundo rural, pueden optar a programas de financiamiento con entidades como Indap, as\u00ed tambi\u00e9n, obtener permisos ante los diferentes municipios, certificar sus emprendimientos y otros.<\/p>\n<\/div><\/section><\/div><div  style='height:50px' class='hr hr-invisible   avia-builder-el-6  el_after_av_one_full  el_before_av_social_share '><span class='hr-inner ' ><span class='hr-inner-style'><\/span><\/span><\/div><\/p>\n<div  class='av-social-sharing-box  avia-builder-el-7  el_after_av_hr  el_before_av_hr  '><div class='av-share-box'><h5 class='av-share-link-description av-no-toc '>Compartir esta noticia<\/h5><ul class='av-share-box-list noLightbox'><li class='av-share-link av-social-link-facebook' ><a target=\"_blank\" aria-label=\"Compartir en Facebook\" href='https:\/\/www.facebook.com\/sharer.php?u=https:\/\/radiorevelacionfm.cl\/?p=50770&#038;t=Bienes%20Nacionales%20concedi%C3%B3%20Arriendos%20Productivos%20de%20inmuebles%20fiscales%20a%20integrantes%20de%20familia%20hist%C3%B3rica%20de%20sector%20fronterizo%20de%20O%C2%B4Higgins' aria-hidden='false' data-av_icon='\ue8f3' data-av_iconfont='entypo-fontello' title='' data-avia-related-tooltip='Compartir en Facebook' rel=\"noopener\"><span class='avia_hidden_link_text'>Compartir en Facebook<\/span><\/a><\/li><li class='av-share-link av-social-link-twitter' ><a target=\"_blank\" aria-label=\"Compartir en Twitter\" href='https:\/\/twitter.com\/share?text=Bienes%20Nacionales%20concedi%C3%B3%20Arriendos%20Productivos%20de%20inmuebles%20fiscales%20a%20integrantes%20de%20familia%20hist%C3%B3rica%20de%20sector%20fronterizo%20de%20O%C2%B4Higgins&#038;url=https:\/\/radiorevelacionfm.cl\/?p=50770' aria-hidden='false' data-av_icon='\ue8f1' data-av_iconfont='entypo-fontello' title='' data-avia-related-tooltip='Compartir en Twitter' rel=\"noopener\"><span class='avia_hidden_link_text'>Compartir en Twitter<\/span><\/a><\/li><li class='av-share-link av-social-link-whatsapp' ><a target=\"_blank\" aria-label=\"Compartir en Whatsapp\" href='https:\/\/api.whatsapp.com\/send?text=https:\/\/radiorevelacionfm.cl\/?p=50770' aria-hidden='false' data-av_icon='\uf232' data-av_iconfont='entypo-fontello' title='' data-avia-related-tooltip='Compartir en Whatsapp' rel=\"noopener\"><span class='avia_hidden_link_text'>Compartir en Whatsapp<\/span><\/a><\/li><li class='av-share-link av-social-link-linkedin' ><a target=\"_blank\" aria-label=\"Compartir en LinkedIn\" href='https:\/\/linkedin.com\/shareArticle?mini=true&#038;title=Bienes%20Nacionales%20concedi%C3%B3%20Arriendos%20Productivos%20de%20inmuebles%20fiscales%20a%20integrantes%20de%20familia%20hist%C3%B3rica%20de%20sector%20fronterizo%20de%20O%C2%B4Higgins&#038;url=https:\/\/radiorevelacionfm.cl\/?p=50770' aria-hidden='false' data-av_icon='\ue8fc' data-av_iconfont='entypo-fontello' title='' data-avia-related-tooltip='Compartir en LinkedIn' rel=\"noopener\"><span class='avia_hidden_link_text'>Compartir en LinkedIn<\/span><\/a><\/li><li class='av-share-link av-social-link-mail' ><a  aria-label=\"Compartir por correo\" href='mailto:?subject=Bienes%20Nacionales%20concedi%C3%B3%20Arriendos%20Productivos%20de%20inmuebles%20fiscales%20a%20integrantes%20de%20familia%20hist%C3%B3rica%20de%20sector%20fronterizo%20de%20O%C2%B4Higgins&#038;body=https:\/\/radiorevelacionfm.cl\/?p=50770' aria-hidden='false' data-av_icon='\ue805' data-av_iconfont='entypo-fontello' title='' data-avia-related-tooltip='Compartir por correo'><span class='avia_hidden_link_text'>Compartir por correo<\/span><\/a><\/li><\/ul><\/div><\/div>\n<div  style='height:50px' class='hr hr-invisible   avia-builder-el-8  el_after_av_social_share  el_before_av_comments_list '><span class='hr-inner ' ><span class='hr-inner-style'><\/span><\/span><\/div>\n<div  class='av-buildercomment  av-blog-meta-html-info-disabled av-blog-meta-tag-disabled  '><\/div>\n","protected":false},"excerpt":{"rendered":"","protected":false},"author":1,"featured_media":50771,"comment_status":"open","ping_status":"open","sticky":false,"template":"","format":"standard","meta":{"footnotes":""},"categories":[38],"tags":[],"class_list":["post-50770","post","type-post","status-publish","format-standard","has-post-thumbnail","hentry","category-regional"],"jetpack_featured_media_url":"https:\/\/radiorevelacionfm.cl\/wp-content\/uploads\/2025\/02\/img_4224-1_optimized-1.jpeg","_links":{"self":[{"href":"https:\/\/radiorevelacionfm.cl\/index.php?rest_route=\/wp\/v2\/posts\/50770","targetHints":{"allow":["GET"]}}],"collection":[{"href":"https:\/\/radiorevelacionfm.cl\/index.php?rest_route=\/wp\/v2\/posts"}],"about":[{"href":"https:\/\/radiorevelacionfm.cl\/index.php?rest_route=\/wp\/v2\/types\/post"}],"author":[{"embeddable":true,"href":"https:\/\/radiorevelacionfm.cl\/index.php?rest_route=\/wp\/v2\/users\/1"}],"replies":[{"embeddable":true,"href":"https:\/\/radiorevelacionfm.cl\/index.php?rest_route=%2Fwp%2Fv2%2Fcomments&post=50770"}],"version-history":[{"count":1,"href":"https:\/\/radiorevelacionfm.cl\/index.php?rest_route=\/wp\/v2\/posts\/50770\/revisions"}],"predecessor-version":[{"id":50772,"href":"https:\/\/radiorevelacionfm.cl\/index.php?rest_route=\/wp\/v2\/posts\/50770\/revisions\/50772"}],"wp:featuredmedia":[{"embeddable":true,"href":"https:\/\/radiorevelacionfm.cl\/index.php?rest_route=\/wp\/v2\/media\/50771"}],"wp:attachment":[{"href":"https:\/\/radiorevelacionfm.cl\/index.php?rest_route=%2Fwp%2Fv2%2Fmedia&parent=50770"}],"wp:term":[{"taxonomy":"category","embeddable":true,"href":"https:\/\/radiorevelacionfm.cl\/index.php?rest_route=%2Fwp%2Fv2%2Fcategories&post=50770"},{"taxonomy":"post_tag","embeddable":true,"href":"https:\/\/radiorevelacionfm.cl\/index.php?rest_route=%2Fwp%2Fv2%2Ftags&post=50770"}],"curies":[{"name":"wp","href":"https:\/\/api.w.org\/{rel}","templated":true}]}}