{"id":50765,"date":"2025-02-20T15:26:17","date_gmt":"2025-02-20T18:26:17","guid":{"rendered":"https:\/\/radiorevelacionfm.cl\/?p=50765"},"modified":"2025-02-20T15:26:17","modified_gmt":"2025-02-20T18:26:17","slug":"desconexion-programada-21-de-febrero-edelaysen-continua-reforzando-su-red-electrica-para-mantener-la-calidad-del-servicio-en-coyhaique","status":"publish","type":"post","link":"https:\/\/radiorevelacionfm.cl\/?p=50765","title":{"rendered":"Desconexi\u00f3n programada 21 de Febrero: Edelaysen contin\u00faa reforzando su red el\u00e9ctrica para mantener la calidad del servicio en Coyhaique"},"content":{"rendered":"<div class=\"flex_column av_one_full  flex_column_div av-zero-column-padding first  avia-builder-el-0  el_before_av_one_full  avia-builder-el-first  \" style='border-radius:0px; '><div  class='avia-image-container  av-styling-    avia-builder-el-1  avia-builder-el-no-sibling  avia-align-center '  itemprop=\"image\" itemscope=\"itemscope\" itemtype=\"https:\/\/schema.org\/ImageObject\"  ><div class='avia-image-container-inner'><div class='avia-image-overlay-wrap'><img decoding=\"async\" class='wp-image-50767 avia-img-lazy-loading-not-50767 avia_image' src=\"https:\/\/radiorevelacionfm.cl\/wp-content\/uploads\/2025\/02\/edelaysen_desconexion-programada-1_optimized.jpeg\" alt='' title='edelaysen_desconexi\u00f3n-programada-(1)_optimized' height=\"600\" width=\"1039\"  itemprop=\"thumbnailUrl\" srcset=\"https:\/\/radiorevelacionfm.cl\/wp-content\/uploads\/2025\/02\/edelaysen_desconexion-programada-1_optimized.jpeg 1039w, https:\/\/radiorevelacionfm.cl\/wp-content\/uploads\/2025\/02\/edelaysen_desconexion-programada-1_optimized-300x173.jpeg 300w, https:\/\/radiorevelacionfm.cl\/wp-content\/uploads\/2025\/02\/edelaysen_desconexion-programada-1_optimized-1030x595.jpeg 1030w, https:\/\/radiorevelacionfm.cl\/wp-content\/uploads\/2025\/02\/edelaysen_desconexion-programada-1_optimized-768x444.jpeg 768w, https:\/\/radiorevelacionfm.cl\/wp-content\/uploads\/2025\/02\/edelaysen_desconexion-programada-1_optimized-705x407.jpeg 705w, https:\/\/radiorevelacionfm.cl\/wp-content\/uploads\/2025\/02\/edelaysen_desconexion-programada-1_optimized-450x260.jpeg 450w, https:\/\/radiorevelacionfm.cl\/wp-content\/uploads\/2025\/02\/edelaysen_desconexion-programada-1_optimized-600x346.jpeg 600w\" sizes=\"(max-width: 1039px) 100vw, 1039px\" \/><\/div><\/div><\/div><\/div>\n<div class=\"flex_column av_one_full  flex_column_div av-zero-column-padding first  avia-builder-el-2  el_after_av_one_full  el_before_av_one_full  column-top-margin\" style='border-radius:0px; '><section class=\"av_textblock_section \"  itemscope=\"itemscope\" itemtype=\"https:\/\/schema.org\/BlogPosting\" itemprop=\"blogPost\" ><div class='avia_textblock  '   itemprop=\"text\" ><p style=\"text-align: center;\"><strong><span style=\"font-size: 18pt;\">Desconexi\u00f3n programada 21 de Febrero: Edelaysen contin\u00faa reforzando su red el\u00e9ctrica para mantener la calidad del servicio en Coyhaique <\/span><\/strong><\/p>\n<div id=\"gtx-trans\" style=\"position: absolute; left: -50px; top: 4.31534px;\">\n<div class=\"gtx-trans-icon\"><\/div>\n<\/div>\n<\/div><\/section><\/div><div class=\"flex_column av_one_full  flex_column_div av-zero-column-padding first  avia-builder-el-4  el_after_av_one_full  el_before_av_hr  column-top-margin\" style='border-radius:0px; '><section class=\"av_textblock_section \"  itemscope=\"itemscope\" itemtype=\"https:\/\/schema.org\/BlogPosting\" itemprop=\"blogPost\" ><div class='avia_textblock  '   itemprop=\"text\" ><ul>\n<li style=\"text-align: justify;\"><em>La el\u00e9ctrica contin\u00faa ejecutando un plan de mejoras en infraestructura con labores de ampliaci\u00f3n y modernizaci\u00f3n en la zona alta de Coyhaique urbano.<\/em><\/li>\n<\/ul>\n<p style=\"text-align: justify;\">Esta esta semana ocurri\u00f3 una interrupci\u00f3n importante en el suministro el\u00e9ctrico en Coyhaique, producto del contacto de un ave con la red de distribuci\u00f3n, en la principal l\u00ednea que trae la energ\u00eda la ciudad. Situaciones como esta nos recuerdan la importancia de seguir avanzando en planes de mantenimiento y modernizaci\u00f3n de la infraestructura el\u00e9ctrica, donde tambi\u00e9n es clave el rol de la comunidad en su comprensi\u00f3n y facilidades para realizar las labores de mantenimiento y renovaci\u00f3n de instalaciones, as\u00ed como tambi\u00e9n el despeje de la faja de seguridad de la invasi\u00f3n arb\u00f3rea.<\/p>\n<p style=\"text-align: justify;\">En este contexto, Edelaysen tiene planificados trabajos de ampliaci\u00f3n y reforzamiento en la red el\u00e9ctrica en la zona alta de Coyhaique urbano, con el fin de ampliar su capacidad y mejorar la continuidad del suministro para los vecinos del sector.<\/p>\n<p style=\"text-align: justify;\">Para la correcta ejecuci\u00f3n de estas obras, se ha programado una desconexi\u00f3n temporal del servicio, el viernes 21 de febrero entre las 09:00 y las 15:00 horas, donde se abordar\u00e1n los siguientes sectores:<\/p>\n<ul style=\"text-align: justify;\">\n<li>Pasaje Cerro Sombrero, entre Calle Victoria y Gast\u00f3n Adarme.<\/li>\n<li>Calle Victoria, entre pasaje Cerro Sombrero y pasaje Cerro Pir\u00e1mide.<\/li>\n<li>Pasaje Cerro Cordillerano, entre pasaje Cerro Pir\u00e1mide y pasaje Cerro Panguilemu.<\/li>\n<li>Pasaje Arturo Aldunate, entre calle Victoria y Gast\u00f3n Adarme.<\/li>\n<li>Pasaje Cerro Panguilemu, entre pasaje Cerro Cordillerano y Calle Gast\u00f3n Adarme.<\/li>\n<li>Calle Gast\u00f3n Adarme, entre pasaje Cerro Panguilemu y Pasaje Cerro Pir\u00e1mide.<\/li>\n<\/ul>\n<p style=\"text-align: justify;\">Desde Edelaysen se\u00f1alaron que estos trabajos forman parte del plan de mejoramiento continuo y destacaron que la Regi\u00f3n de Ays\u00e9n result\u00f3 tercera a nivel nacional en menor cantidad de horas sin suministro en el 2024, a pesar de las complejidades de nuestro clima y geograf\u00eda, lo que respalda el esfuerzo permanente por fortalecer la infraestructura el\u00e9ctrica. \u201cEstos trabajos forman parte de nuestro plan de inversiones y mejoramiento continuo para mejorar la calidad del servicio. Sabemos que una desconexi\u00f3n puede generar inconvenientes, por lo que agradecemos la colaboraci\u00f3n de los vecinos. Nuestro equipo t\u00e9cnico trabajar\u00e1 de manera eficiente para restablecer el suministro dentro del horario establecido\u201d, indic\u00f3 Manuel Subiabre ejecutivo de Edelaysen.<\/p>\n<p style=\"text-align: justify;\">Asimismo, se record\u00f3 a los clientes que, para resolver dudas o recibir informaci\u00f3n en tiempo real, pueden contactarse a trav\u00e9s de la l\u00ednea gratuita 800 600 803, en la p\u00e1gina web www.edelaysen.cl, o mediante la App de Edelaysen.<\/p>\n<\/div><\/section><\/div><div  style='height:50px' class='hr hr-invisible   avia-builder-el-6  el_after_av_one_full  el_before_av_social_share '><span class='hr-inner ' ><span class='hr-inner-style'><\/span><\/span><\/div><\/p>\n<div  class='av-social-sharing-box  avia-builder-el-7  el_after_av_hr  el_before_av_hr  '><div class='av-share-box'><h5 class='av-share-link-description av-no-toc '>Compartir esta noticia<\/h5><ul class='av-share-box-list noLightbox'><li class='av-share-link av-social-link-facebook' ><a target=\"_blank\" aria-label=\"Compartir en Facebook\" href='https:\/\/www.facebook.com\/sharer.php?u=https:\/\/radiorevelacionfm.cl\/?p=50765&#038;t=Desconexi%C3%B3n%20programada%2021%20de%20Febrero%3A%20Edelaysen%20contin%C3%BAa%20reforzando%20su%20red%20el%C3%A9ctrica%20para%20mantener%20la%20calidad%20del%20servicio%20en%20Coyhaique' aria-hidden='false' data-av_icon='\ue8f3' data-av_iconfont='entypo-fontello' title='' data-avia-related-tooltip='Compartir en Facebook' rel=\"noopener\"><span class='avia_hidden_link_text'>Compartir en Facebook<\/span><\/a><\/li><li class='av-share-link av-social-link-twitter' ><a target=\"_blank\" aria-label=\"Compartir en Twitter\" href='https:\/\/twitter.com\/share?text=Desconexi%C3%B3n%20programada%2021%20de%20Febrero%3A%20Edelaysen%20contin%C3%BAa%20reforzando%20su%20red%20el%C3%A9ctrica%20para%20mantener%20la%20calidad%20del%20servicio%20en%20Coyhaique&#038;url=https:\/\/radiorevelacionfm.cl\/?p=50765' aria-hidden='false' data-av_icon='\ue8f1' data-av_iconfont='entypo-fontello' title='' data-avia-related-tooltip='Compartir en Twitter' rel=\"noopener\"><span class='avia_hidden_link_text'>Compartir en Twitter<\/span><\/a><\/li><li class='av-share-link av-social-link-whatsapp' ><a target=\"_blank\" aria-label=\"Compartir en Whatsapp\" href='https:\/\/api.whatsapp.com\/send?text=https:\/\/radiorevelacionfm.cl\/?p=50765' aria-hidden='false' data-av_icon='\uf232' data-av_iconfont='entypo-fontello' title='' data-avia-related-tooltip='Compartir en Whatsapp' rel=\"noopener\"><span class='avia_hidden_link_text'>Compartir en Whatsapp<\/span><\/a><\/li><li class='av-share-link av-social-link-linkedin' ><a target=\"_blank\" aria-label=\"Compartir en LinkedIn\" href='https:\/\/linkedin.com\/shareArticle?mini=true&#038;title=Desconexi%C3%B3n%20programada%2021%20de%20Febrero%3A%20Edelaysen%20contin%C3%BAa%20reforzando%20su%20red%20el%C3%A9ctrica%20para%20mantener%20la%20calidad%20del%20servicio%20en%20Coyhaique&#038;url=https:\/\/radiorevelacionfm.cl\/?p=50765' aria-hidden='false' data-av_icon='\ue8fc' data-av_iconfont='entypo-fontello' title='' data-avia-related-tooltip='Compartir en LinkedIn' rel=\"noopener\"><span class='avia_hidden_link_text'>Compartir en LinkedIn<\/span><\/a><\/li><li class='av-share-link av-social-link-mail' ><a  aria-label=\"Compartir por correo\" href='mailto:?subject=Desconexi%C3%B3n%20programada%2021%20de%20Febrero%3A%20Edelaysen%20contin%C3%BAa%20reforzando%20su%20red%20el%C3%A9ctrica%20para%20mantener%20la%20calidad%20del%20servicio%20en%20Coyhaique&#038;body=https:\/\/radiorevelacionfm.cl\/?p=50765' aria-hidden='false' data-av_icon='\ue805' data-av_iconfont='entypo-fontello' title='' data-avia-related-tooltip='Compartir por correo'><span class='avia_hidden_link_text'>Compartir por correo<\/span><\/a><\/li><\/ul><\/div><\/div>\n<div  style='height:50px' class='hr hr-invisible   avia-builder-el-8  el_after_av_social_share  el_before_av_comments_list '><span class='hr-inner ' ><span class='hr-inner-style'><\/span><\/span><\/div>\n<div  class='av-buildercomment  av-blog-meta-html-info-disabled av-blog-meta-tag-disabled  '><\/div>\n","protected":false},"excerpt":{"rendered":"","protected":false},"author":1,"featured_media":50767,"comment_status":"open","ping_status":"open","sticky":false,"template":"","format":"standard","meta":{"footnotes":""},"categories":[38],"tags":[],"class_list":["post-50765","post","type-post","status-publish","format-standard","has-post-thumbnail","hentry","category-regional"],"jetpack_featured_media_url":"https:\/\/radiorevelacionfm.cl\/wp-content\/uploads\/2025\/02\/edelaysen_desconexion-programada-1_optimized.jpeg","_links":{"self":[{"href":"https:\/\/radiorevelacionfm.cl\/index.php?rest_route=\/wp\/v2\/posts\/50765","targetHints":{"allow":["GET"]}}],"collection":[{"href":"https:\/\/radiorevelacionfm.cl\/index.php?rest_route=\/wp\/v2\/posts"}],"about":[{"href":"https:\/\/radiorevelacionfm.cl\/index.php?rest_route=\/wp\/v2\/types\/post"}],"author":[{"embeddable":true,"href":"https:\/\/radiorevelacionfm.cl\/index.php?rest_route=\/wp\/v2\/users\/1"}],"replies":[{"embeddable":true,"href":"https:\/\/radiorevelacionfm.cl\/index.php?rest_route=%2Fwp%2Fv2%2Fcomments&post=50765"}],"version-history":[{"count":4,"href":"https:\/\/radiorevelacionfm.cl\/index.php?rest_route=\/wp\/v2\/posts\/50765\/revisions"}],"predecessor-version":[{"id":50776,"href":"https:\/\/radiorevelacionfm.cl\/index.php?rest_route=\/wp\/v2\/posts\/50765\/revisions\/50776"}],"wp:featuredmedia":[{"embeddable":true,"href":"https:\/\/radiorevelacionfm.cl\/index.php?rest_route=\/wp\/v2\/media\/50767"}],"wp:attachment":[{"href":"https:\/\/radiorevelacionfm.cl\/index.php?rest_route=%2Fwp%2Fv2%2Fmedia&parent=50765"}],"wp:term":[{"taxonomy":"category","embeddable":true,"href":"https:\/\/radiorevelacionfm.cl\/index.php?rest_route=%2Fwp%2Fv2%2Fcategories&post=50765"},{"taxonomy":"post_tag","embeddable":true,"href":"https:\/\/radiorevelacionfm.cl\/index.php?rest_route=%2Fwp%2Fv2%2Ftags&post=50765"}],"curies":[{"name":"wp","href":"https:\/\/api.w.org\/{rel}","templated":true}]}}