{"id":50762,"date":"2025-02-21T10:27:59","date_gmt":"2025-02-21T13:27:59","guid":{"rendered":"https:\/\/radiorevelacionfm.cl\/?p=50762"},"modified":"2025-02-21T10:27:59","modified_gmt":"2025-02-21T13:27:59","slug":"lista-unidad-socialista-en-la-patagonia-inscribimos-36-candidatos-as-para-dirigir-los-proximos-dos-anos-del-partido-socialista","status":"publish","type":"post","link":"https:\/\/radiorevelacionfm.cl\/?p=50762","title":{"rendered":"Lista Unidad Socialista en la Patagonia: \u00abInscribimos 36 candidatos\/as para dirigir los pr\u00f3ximos dos a\u00f1os del Partido Socialista\u00bb"},"content":{"rendered":"<div class=\"flex_column av_one_full  flex_column_div av-zero-column-padding first  avia-builder-el-0  el_before_av_one_full  avia-builder-el-first  \" style='border-radius:0px; '><div  class='avia-image-container  av-styling-    avia-builder-el-1  avia-builder-el-no-sibling  avia-align-center '  itemprop=\"image\" itemscope=\"itemscope\" itemtype=\"https:\/\/schema.org\/ImageObject\"  ><div class='avia-image-container-inner'><div class='avia-image-overlay-wrap'><img decoding=\"async\" class='wp-image-50763 avia-img-lazy-loading-not-50763 avia_image' src=\"https:\/\/radiorevelacionfm.cl\/wp-content\/uploads\/2025\/02\/lista-unidad-socialista-en-la-patagonia_fotogrupal-1_optimized-1.jpg\" alt='' title='lista-unidad-socialista-en-la-patagonia_fotogrupal-(1)_optimized (1)' height=\"600\" width=\"893\"  itemprop=\"thumbnailUrl\" srcset=\"https:\/\/radiorevelacionfm.cl\/wp-content\/uploads\/2025\/02\/lista-unidad-socialista-en-la-patagonia_fotogrupal-1_optimized-1.jpg 893w, https:\/\/radiorevelacionfm.cl\/wp-content\/uploads\/2025\/02\/lista-unidad-socialista-en-la-patagonia_fotogrupal-1_optimized-1-300x202.jpg 300w, https:\/\/radiorevelacionfm.cl\/wp-content\/uploads\/2025\/02\/lista-unidad-socialista-en-la-patagonia_fotogrupal-1_optimized-1-768x516.jpg 768w, https:\/\/radiorevelacionfm.cl\/wp-content\/uploads\/2025\/02\/lista-unidad-socialista-en-la-patagonia_fotogrupal-1_optimized-1-705x474.jpg 705w, https:\/\/radiorevelacionfm.cl\/wp-content\/uploads\/2025\/02\/lista-unidad-socialista-en-la-patagonia_fotogrupal-1_optimized-1-450x302.jpg 450w, https:\/\/radiorevelacionfm.cl\/wp-content\/uploads\/2025\/02\/lista-unidad-socialista-en-la-patagonia_fotogrupal-1_optimized-1-600x403.jpg 600w\" sizes=\"(max-width: 893px) 100vw, 893px\" \/><\/div><\/div><\/div><\/div><div class=\"flex_column av_one_full  flex_column_div av-zero-column-padding first  avia-builder-el-2  el_after_av_one_full  el_before_av_one_full  column-top-margin\" style='border-radius:0px; '><section class=\"av_textblock_section \"  itemscope=\"itemscope\" itemtype=\"https:\/\/schema.org\/BlogPosting\" itemprop=\"blogPost\" ><div class='avia_textblock  '   itemprop=\"text\" ><p style=\"text-align: center;\"><strong><span style=\"font-size: 18pt;\">Lista Unidad Socialista en la Patagonia: \u00abInscribimos 36 candidatos\/as para dirigir los pr\u00f3ximos dos a\u00f1os del Partido Socialista\u00bb<\/span><\/strong><\/p>\n<div id=\"gtx-trans\" style=\"position: absolute; left: -50px; top: 4.31534px;\">\n<div class=\"gtx-trans-icon\"><\/div>\n<\/div>\n<\/div><\/section><\/div><div class=\"flex_column av_one_full  flex_column_div av-zero-column-padding first  avia-builder-el-4  el_after_av_one_full  el_before_av_hr  column-top-margin\" style='border-radius:0px; '><section class=\"av_textblock_section \"  itemscope=\"itemscope\" itemtype=\"https:\/\/schema.org\/BlogPosting\" itemprop=\"blogPost\" ><div class='avia_textblock  '   itemprop=\"text\" ><p dir=\"ltr\" style=\"text-align: justify;\"><em>Este 16 de marzo, el Partido Socialista vivir\u00e1 elecciones internas para elegir su directiva, que encabezar\u00e1 los destinos de la colectividad durante los pr\u00f3ximos dos a\u00f1os.\u00a0<\/em><\/p>\n<p dir=\"ltr\" style=\"text-align: justify;\">En ese contexto, la exgobernadora regional y candidata al Comit\u00e9 Regional de su partido, Andrea Mac\u00edas Palma, se\u00f1al\u00f3: \u00abHemos conformado una lista amplia, representativa y con un compromiso firme por fortalecer el Partido Socialista en Ays\u00e9n. Creemos en un PS que trabaje en unidad, que avance en mayor descentralizaci\u00f3n y que se proyecte como un actor clave en el desarrollo social y pol\u00edtico de nuestra regi\u00f3n.\u00bb<\/p>\n<p dir=\"ltr\" style=\"text-align: justify;\">Por su parte, Marisol Mart\u00ednez, consejera regional y candidata al Comit\u00e9 Central, destac\u00f3: \u00abInscribimos 36 candidatos\/as para dirigir los pr\u00f3ximos dos a\u00f1os el Partido Socialista. Nuestro partido tiene la oportunidad de seguir construyendo una izquierda con propuestas claras y con ra\u00edces en el territorio. Queremos un PS m\u00e1s conectado con la ciudadan\u00eda, que sea un espacio de formaci\u00f3n y debate con incidencia real\u00bb.<\/p>\n<p dir=\"ltr\" style=\"text-align: justify;\">La actual Consejera Regional tuvo palabras aclarando la conformaci\u00f3n de la lista. \u00abNos ponemos a disposici\u00f3n personas con experiencia pero por cierto nuevos militantes que tienen muchas energ\u00edas y ganas de aportar al fortalecimiento del partido socialista en la regi\u00f3n de Ays\u00e9n\u00bb.<\/p>\n<p dir=\"ltr\" style=\"text-align: justify;\">La tambi\u00e9n candidata de la lista, Blanca Lemus, tuvo palabras en cuanto a las propuestas que emanan de este grupo de personas que pretende dirigir los destinos del Partido Socialista: \u00abproponemos instancias de capacitaci\u00f3n pol\u00edtica de compa\u00f1eros y compa\u00f1eras militantes, adherentes y simpatizantes que permitan el crecimiento del glorioso partido socialista en Ays\u00e9n\u00bb. Lemus tuvo tambi\u00e9n palabras para la sede partidaria se\u00f1alando. \u00abpara ello es fundamental la construcci\u00f3n de nuestra sede partidaria, la que debe ser el espacio de encuentro de las y los socialistas de la Regi\u00f3n de Ays\u00e9n\u00bb.<\/p>\n<p dir=\"ltr\" style=\"text-align: justify;\">Por \u00faltimo, el integrante de la lista, Erik Adio, tuvo palabras para el proceso electoral: \u00abEsta elecci\u00f3n es clave para proyectar el futuro del socialismo en Ays\u00e9n. Apostamos por la renovaci\u00f3n, la participaci\u00f3n activa de nuestras bases y la defensa del gobierno del Presidente Gabriel Boric y la continuidad de un proyecto progresista para Chile y nuestra regi\u00f3n.\u00bb<\/p>\n<\/div><\/section><\/div><div  style='height:50px' class='hr hr-invisible   avia-builder-el-6  el_after_av_one_full  el_before_av_social_share '><span class='hr-inner ' ><span class='hr-inner-style'><\/span><\/span><\/div><\/p>\n<div  class='av-social-sharing-box  avia-builder-el-7  el_after_av_hr  el_before_av_hr  '><div class='av-share-box'><h5 class='av-share-link-description av-no-toc '>Compartir esta noticia<\/h5><ul class='av-share-box-list noLightbox'><li class='av-share-link av-social-link-facebook' ><a target=\"_blank\" aria-label=\"Compartir en Facebook\" href='https:\/\/www.facebook.com\/sharer.php?u=https:\/\/radiorevelacionfm.cl\/?p=50762&#038;t=Lista%20Unidad%20Socialista%20en%20la%20Patagonia%3A%20%C2%ABInscribimos%2036%20candidatos%2Fas%20para%20dirigir%20los%20pr%C3%B3ximos%20dos%20a%C3%B1os%20del%20Partido%20Socialista%C2%BB' aria-hidden='false' data-av_icon='\ue8f3' data-av_iconfont='entypo-fontello' title='' data-avia-related-tooltip='Compartir en Facebook' rel=\"noopener\"><span class='avia_hidden_link_text'>Compartir en Facebook<\/span><\/a><\/li><li class='av-share-link av-social-link-twitter' ><a target=\"_blank\" aria-label=\"Compartir en Twitter\" href='https:\/\/twitter.com\/share?text=Lista%20Unidad%20Socialista%20en%20la%20Patagonia%3A%20%C2%ABInscribimos%2036%20candidatos%2Fas%20para%20dirigir%20los%20pr%C3%B3ximos%20dos%20a%C3%B1os%20del%20Partido%20Socialista%C2%BB&#038;url=https:\/\/radiorevelacionfm.cl\/?p=50762' aria-hidden='false' data-av_icon='\ue8f1' data-av_iconfont='entypo-fontello' title='' data-avia-related-tooltip='Compartir en Twitter' rel=\"noopener\"><span class='avia_hidden_link_text'>Compartir en Twitter<\/span><\/a><\/li><li class='av-share-link av-social-link-whatsapp' ><a target=\"_blank\" aria-label=\"Compartir en Whatsapp\" href='https:\/\/api.whatsapp.com\/send?text=https:\/\/radiorevelacionfm.cl\/?p=50762' aria-hidden='false' data-av_icon='\uf232' data-av_iconfont='entypo-fontello' title='' data-avia-related-tooltip='Compartir en Whatsapp' rel=\"noopener\"><span class='avia_hidden_link_text'>Compartir en Whatsapp<\/span><\/a><\/li><li class='av-share-link av-social-link-linkedin' ><a target=\"_blank\" aria-label=\"Compartir en LinkedIn\" href='https:\/\/linkedin.com\/shareArticle?mini=true&#038;title=Lista%20Unidad%20Socialista%20en%20la%20Patagonia%3A%20%C2%ABInscribimos%2036%20candidatos%2Fas%20para%20dirigir%20los%20pr%C3%B3ximos%20dos%20a%C3%B1os%20del%20Partido%20Socialista%C2%BB&#038;url=https:\/\/radiorevelacionfm.cl\/?p=50762' aria-hidden='false' data-av_icon='\ue8fc' data-av_iconfont='entypo-fontello' title='' data-avia-related-tooltip='Compartir en LinkedIn' rel=\"noopener\"><span class='avia_hidden_link_text'>Compartir en LinkedIn<\/span><\/a><\/li><li class='av-share-link av-social-link-mail' ><a  aria-label=\"Compartir por correo\" href='mailto:?subject=Lista%20Unidad%20Socialista%20en%20la%20Patagonia%3A%20%C2%ABInscribimos%2036%20candidatos%2Fas%20para%20dirigir%20los%20pr%C3%B3ximos%20dos%20a%C3%B1os%20del%20Partido%20Socialista%C2%BB&#038;body=https:\/\/radiorevelacionfm.cl\/?p=50762' aria-hidden='false' data-av_icon='\ue805' data-av_iconfont='entypo-fontello' title='' data-avia-related-tooltip='Compartir por correo'><span class='avia_hidden_link_text'>Compartir por correo<\/span><\/a><\/li><\/ul><\/div><\/div>\n<div  style='height:50px' class='hr hr-invisible   avia-builder-el-8  el_after_av_social_share  el_before_av_comments_list '><span class='hr-inner ' ><span class='hr-inner-style'><\/span><\/span><\/div>\n<div  class='av-buildercomment  av-blog-meta-html-info-disabled av-blog-meta-tag-disabled  '><\/div>\n","protected":false},"excerpt":{"rendered":"","protected":false},"author":1,"featured_media":50763,"comment_status":"open","ping_status":"open","sticky":false,"template":"","format":"standard","meta":{"footnotes":""},"categories":[35],"tags":[],"class_list":["post-50762","post","type-post","status-publish","format-standard","has-post-thumbnail","hentry","category-politica"],"jetpack_featured_media_url":"https:\/\/radiorevelacionfm.cl\/wp-content\/uploads\/2025\/02\/lista-unidad-socialista-en-la-patagonia_fotogrupal-1_optimized-1.jpg","_links":{"self":[{"href":"https:\/\/radiorevelacionfm.cl\/index.php?rest_route=\/wp\/v2\/posts\/50762","targetHints":{"allow":["GET"]}}],"collection":[{"href":"https:\/\/radiorevelacionfm.cl\/index.php?rest_route=\/wp\/v2\/posts"}],"about":[{"href":"https:\/\/radiorevelacionfm.cl\/index.php?rest_route=\/wp\/v2\/types\/post"}],"author":[{"embeddable":true,"href":"https:\/\/radiorevelacionfm.cl\/index.php?rest_route=\/wp\/v2\/users\/1"}],"replies":[{"embeddable":true,"href":"https:\/\/radiorevelacionfm.cl\/index.php?rest_route=%2Fwp%2Fv2%2Fcomments&post=50762"}],"version-history":[{"count":1,"href":"https:\/\/radiorevelacionfm.cl\/index.php?rest_route=\/wp\/v2\/posts\/50762\/revisions"}],"predecessor-version":[{"id":50764,"href":"https:\/\/radiorevelacionfm.cl\/index.php?rest_route=\/wp\/v2\/posts\/50762\/revisions\/50764"}],"wp:featuredmedia":[{"embeddable":true,"href":"https:\/\/radiorevelacionfm.cl\/index.php?rest_route=\/wp\/v2\/media\/50763"}],"wp:attachment":[{"href":"https:\/\/radiorevelacionfm.cl\/index.php?rest_route=%2Fwp%2Fv2%2Fmedia&parent=50762"}],"wp:term":[{"taxonomy":"category","embeddable":true,"href":"https:\/\/radiorevelacionfm.cl\/index.php?rest_route=%2Fwp%2Fv2%2Fcategories&post=50762"},{"taxonomy":"post_tag","embeddable":true,"href":"https:\/\/radiorevelacionfm.cl\/index.php?rest_route=%2Fwp%2Fv2%2Ftags&post=50762"}],"curies":[{"name":"wp","href":"https:\/\/api.w.org\/{rel}","templated":true}]}}