{"id":50759,"date":"2025-02-20T18:06:29","date_gmt":"2025-02-20T21:06:29","guid":{"rendered":"https:\/\/radiorevelacionfm.cl\/?p=50759"},"modified":"2025-02-20T18:06:29","modified_gmt":"2025-02-20T21:06:29","slug":"inacap-sede-coyhaique-da-un-paso-mas-hacia-la-colaboracion-en-salud","status":"publish","type":"post","link":"https:\/\/radiorevelacionfm.cl\/?p=50759","title":{"rendered":"INACAP Sede Coyhaique da un paso m\u00e1s hacia la colaboraci\u00f3n en salud"},"content":{"rendered":"<div class=\"flex_column av_one_full  flex_column_div av-zero-column-padding first  avia-builder-el-0  el_before_av_one_full  avia-builder-el-first  \" style='border-radius:0px; '><div  class='avia-image-container  av-styling-    avia-builder-el-1  avia-builder-el-no-sibling  avia-align-center '  itemprop=\"image\" itemscope=\"itemscope\" itemtype=\"https:\/\/schema.org\/ImageObject\"  ><div class='avia-image-container-inner'><div class='avia-image-overlay-wrap'><img decoding=\"async\" class='wp-image-50760 avia-img-lazy-loading-not-50760 avia_image' src=\"https:\/\/radiorevelacionfm.cl\/wp-content\/uploads\/2025\/02\/DSC04334-1-1.jpg\" alt='' title='DSC04334 (1) (1)' height=\"600\" width=\"1066\"  itemprop=\"thumbnailUrl\" srcset=\"https:\/\/radiorevelacionfm.cl\/wp-content\/uploads\/2025\/02\/DSC04334-1-1.jpg 1066w, https:\/\/radiorevelacionfm.cl\/wp-content\/uploads\/2025\/02\/DSC04334-1-1-300x169.jpg 300w, https:\/\/radiorevelacionfm.cl\/wp-content\/uploads\/2025\/02\/DSC04334-1-1-1030x580.jpg 1030w, https:\/\/radiorevelacionfm.cl\/wp-content\/uploads\/2025\/02\/DSC04334-1-1-768x432.jpg 768w, https:\/\/radiorevelacionfm.cl\/wp-content\/uploads\/2025\/02\/DSC04334-1-1-705x397.jpg 705w, https:\/\/radiorevelacionfm.cl\/wp-content\/uploads\/2025\/02\/DSC04334-1-1-450x253.jpg 450w, https:\/\/radiorevelacionfm.cl\/wp-content\/uploads\/2025\/02\/DSC04334-1-1-600x338.jpg 600w\" sizes=\"(max-width: 1066px) 100vw, 1066px\" \/><\/div><\/div><\/div><\/div><div class=\"flex_column av_one_full  flex_column_div av-zero-column-padding first  avia-builder-el-2  el_after_av_one_full  el_before_av_one_full  column-top-margin\" style='border-radius:0px; '><section class=\"av_textblock_section \"  itemscope=\"itemscope\" itemtype=\"https:\/\/schema.org\/BlogPosting\" itemprop=\"blogPost\" ><div class='avia_textblock  '   itemprop=\"text\" ><p style=\"text-align: center;\"><strong><span style=\"font-size: 18pt;\">INACAP Sede Coyhaique da un paso m\u00e1s hacia la colaboraci\u00f3n en salud<\/span><\/strong><\/p>\n<div id=\"gtx-trans\" style=\"position: absolute; left: -50px; top: 4.31534px;\">\n<div class=\"gtx-trans-icon\"><\/div>\n<\/div>\n<\/div><\/section><\/div><div class=\"flex_column av_one_full  flex_column_div av-zero-column-padding first  avia-builder-el-4  el_after_av_one_full  el_before_av_hr  column-top-margin\" style='border-radius:0px; '><section class=\"av_textblock_section \"  itemscope=\"itemscope\" itemtype=\"https:\/\/schema.org\/BlogPosting\" itemprop=\"blogPost\" ><div class='avia_textblock  '   itemprop=\"text\" ><p style=\"text-align: justify;\">Recientemente, el \u00e1rea de salud de INACAP Sede Coyhaique llev\u00f3 a cabo un encuentro con el personal del Centro Cl\u00ednico Militar Coyhaique. Este importante encuentro tuvo como objetivo intercambiar valiosa informaci\u00f3n sobre los m\u00e9todos de trabajo de ambas instituciones y fortalecer las bases de una colaboraci\u00f3n m\u00e1s estrecha en beneficio de los estudiantes y la comunidad.<\/p>\n<p style=\"text-align: justify;\">La reuni\u00f3n marca el inicio de un prometedor camino hacia un convenio de colaboraci\u00f3n entre INACAP Sede Coyhaique y el Centro Cl\u00ednico Militar Coyhaique, que promete traer m\u00faltiples beneficios. El convenio no solo potenciar\u00e1 la formaci\u00f3n de los estudiantes del \u00e1rea de salud, sino que tambi\u00e9n permitir\u00e1 mejorar la atenci\u00f3n y los servicios brindados a la comunidad que asiste al Centro Cl\u00ednico.<\/p>\n<p style=\"text-align: justify;\">Mario P\u00e9rez, director Acad\u00e9mico de INACAP Sede Coyhaique, coment\u00f3 al respecto \u00abEste primer encuentro es un paso clave para establecer una colaboraci\u00f3n m\u00e1s robusta que, sin duda, beneficiar\u00e1 tanto a nuestros estudiantes como a la comunidad local. Nos llena de satisfacci\u00f3n poder trabajar junto a una instituci\u00f3n tan relevante en el \u00e1mbito de la salud y la atenci\u00f3n m\u00e9dica.\u00bb<\/p>\n<p style=\"text-align: justify;\">Por su parte, el Teniente Coronel Mario Vald\u00e9s, Sub director del Centro Cl\u00ednico Militar Coyhaique expres\u00f3 \u00abEstamos muy contentos con esta oportunidad de colaboraci\u00f3n. Sabemos que trabajar de la mano con INACAP Sede Coyhaique permitir\u00e1 a nuestros profesionales y estudiantes crecer juntos, mejorando as\u00ed la calidad de la atenci\u00f3n en salud que ofrecemos.\u00bb<\/p>\n<p style=\"text-align: justify;\">Este encuentro inicial es solo el comienzo de una serie de iniciativas conjuntas que buscan mejorar la formaci\u00f3n profesional en el \u00e1rea de la salud y, al mismo tiempo, ofrecer un mejor servicio a la comunidad de Coyhaique. Ambas instituciones contin\u00faan trabajando para consolidar esta alianza que contribuir\u00e1 al bienestar y el desarrollo de la regi\u00f3n.<\/p>\n<p style=\"text-align: justify;\"><strong>\u00a1Juntos seguimos construyendo un mejor futuro para la salud en nuestra regi\u00f3n!<\/strong><\/p>\n<\/div><\/section><\/div><div  style='height:50px' class='hr hr-invisible   avia-builder-el-6  el_after_av_one_full  el_before_av_social_share '><span class='hr-inner ' ><span class='hr-inner-style'><\/span><\/span><\/div><\/p>\n<div  class='av-social-sharing-box  avia-builder-el-7  el_after_av_hr  el_before_av_hr  '><div class='av-share-box'><h5 class='av-share-link-description av-no-toc '>Compartir esta noticia<\/h5><ul class='av-share-box-list noLightbox'><li class='av-share-link av-social-link-facebook' ><a target=\"_blank\" aria-label=\"Compartir en Facebook\" href='https:\/\/www.facebook.com\/sharer.php?u=https:\/\/radiorevelacionfm.cl\/?p=50759&#038;t=INACAP%20Sede%20Coyhaique%20da%20un%20paso%20m%C3%A1s%20hacia%20la%20colaboraci%C3%B3n%20en%20salud' aria-hidden='false' data-av_icon='\ue8f3' data-av_iconfont='entypo-fontello' title='' data-avia-related-tooltip='Compartir en Facebook' rel=\"noopener\"><span class='avia_hidden_link_text'>Compartir en Facebook<\/span><\/a><\/li><li class='av-share-link av-social-link-twitter' ><a target=\"_blank\" aria-label=\"Compartir en Twitter\" href='https:\/\/twitter.com\/share?text=INACAP%20Sede%20Coyhaique%20da%20un%20paso%20m%C3%A1s%20hacia%20la%20colaboraci%C3%B3n%20en%20salud&#038;url=https:\/\/radiorevelacionfm.cl\/?p=50759' aria-hidden='false' data-av_icon='\ue8f1' data-av_iconfont='entypo-fontello' title='' data-avia-related-tooltip='Compartir en Twitter' rel=\"noopener\"><span class='avia_hidden_link_text'>Compartir en Twitter<\/span><\/a><\/li><li class='av-share-link av-social-link-whatsapp' ><a target=\"_blank\" aria-label=\"Compartir en Whatsapp\" href='https:\/\/api.whatsapp.com\/send?text=https:\/\/radiorevelacionfm.cl\/?p=50759' aria-hidden='false' data-av_icon='\uf232' data-av_iconfont='entypo-fontello' title='' data-avia-related-tooltip='Compartir en Whatsapp' rel=\"noopener\"><span class='avia_hidden_link_text'>Compartir en Whatsapp<\/span><\/a><\/li><li class='av-share-link av-social-link-linkedin' ><a target=\"_blank\" aria-label=\"Compartir en LinkedIn\" href='https:\/\/linkedin.com\/shareArticle?mini=true&#038;title=INACAP%20Sede%20Coyhaique%20da%20un%20paso%20m%C3%A1s%20hacia%20la%20colaboraci%C3%B3n%20en%20salud&#038;url=https:\/\/radiorevelacionfm.cl\/?p=50759' aria-hidden='false' data-av_icon='\ue8fc' data-av_iconfont='entypo-fontello' title='' data-avia-related-tooltip='Compartir en LinkedIn' rel=\"noopener\"><span class='avia_hidden_link_text'>Compartir en LinkedIn<\/span><\/a><\/li><li class='av-share-link av-social-link-mail' ><a  aria-label=\"Compartir por correo\" href='mailto:?subject=INACAP%20Sede%20Coyhaique%20da%20un%20paso%20m%C3%A1s%20hacia%20la%20colaboraci%C3%B3n%20en%20salud&#038;body=https:\/\/radiorevelacionfm.cl\/?p=50759' aria-hidden='false' data-av_icon='\ue805' data-av_iconfont='entypo-fontello' title='' data-avia-related-tooltip='Compartir por correo'><span class='avia_hidden_link_text'>Compartir por correo<\/span><\/a><\/li><\/ul><\/div><\/div>\n<div  style='height:50px' class='hr hr-invisible   avia-builder-el-8  el_after_av_social_share  el_before_av_comments_list '><span class='hr-inner ' ><span class='hr-inner-style'><\/span><\/span><\/div>\n<div  class='av-buildercomment  av-blog-meta-html-info-disabled av-blog-meta-tag-disabled  '><\/div>\n","protected":false},"excerpt":{"rendered":"","protected":false},"author":1,"featured_media":50760,"comment_status":"open","ping_status":"open","sticky":false,"template":"","format":"standard","meta":{"footnotes":""},"categories":[49],"tags":[],"class_list":["post-50759","post","type-post","status-publish","format-standard","has-post-thumbnail","hentry","category-educacion"],"jetpack_featured_media_url":"https:\/\/radiorevelacionfm.cl\/wp-content\/uploads\/2025\/02\/DSC04334-1-1.jpg","_links":{"self":[{"href":"https:\/\/radiorevelacionfm.cl\/index.php?rest_route=\/wp\/v2\/posts\/50759","targetHints":{"allow":["GET"]}}],"collection":[{"href":"https:\/\/radiorevelacionfm.cl\/index.php?rest_route=\/wp\/v2\/posts"}],"about":[{"href":"https:\/\/radiorevelacionfm.cl\/index.php?rest_route=\/wp\/v2\/types\/post"}],"author":[{"embeddable":true,"href":"https:\/\/radiorevelacionfm.cl\/index.php?rest_route=\/wp\/v2\/users\/1"}],"replies":[{"embeddable":true,"href":"https:\/\/radiorevelacionfm.cl\/index.php?rest_route=%2Fwp%2Fv2%2Fcomments&post=50759"}],"version-history":[{"count":1,"href":"https:\/\/radiorevelacionfm.cl\/index.php?rest_route=\/wp\/v2\/posts\/50759\/revisions"}],"predecessor-version":[{"id":50761,"href":"https:\/\/radiorevelacionfm.cl\/index.php?rest_route=\/wp\/v2\/posts\/50759\/revisions\/50761"}],"wp:featuredmedia":[{"embeddable":true,"href":"https:\/\/radiorevelacionfm.cl\/index.php?rest_route=\/wp\/v2\/media\/50760"}],"wp:attachment":[{"href":"https:\/\/radiorevelacionfm.cl\/index.php?rest_route=%2Fwp%2Fv2%2Fmedia&parent=50759"}],"wp:term":[{"taxonomy":"category","embeddable":true,"href":"https:\/\/radiorevelacionfm.cl\/index.php?rest_route=%2Fwp%2Fv2%2Fcategories&post=50759"},{"taxonomy":"post_tag","embeddable":true,"href":"https:\/\/radiorevelacionfm.cl\/index.php?rest_route=%2Fwp%2Fv2%2Ftags&post=50759"}],"curies":[{"name":"wp","href":"https:\/\/api.w.org\/{rel}","templated":true}]}}