{"id":50756,"date":"2025-02-20T14:27:46","date_gmt":"2025-02-20T17:27:46","guid":{"rendered":"https:\/\/radiorevelacionfm.cl\/?p=50756"},"modified":"2025-02-20T14:27:46","modified_gmt":"2025-02-20T17:27:46","slug":"rio-ibanez-productores-caprinos-son-beneficiados-con-programa-de-agricultura","status":"publish","type":"post","link":"https:\/\/radiorevelacionfm.cl\/?p=50756","title":{"rendered":"R\u00edo Ib\u00e1\u00f1ez: Productores caprinos son beneficiados con programa de Agricultura"},"content":{"rendered":"<div class=\"flex_column av_one_full  flex_column_div av-zero-column-padding first  avia-builder-el-0  el_before_av_one_full  avia-builder-el-first  \" style='border-radius:0px; '><div  class='avia-image-container  av-styling-    avia-builder-el-1  avia-builder-el-no-sibling  avia-align-center '  itemprop=\"image\" itemscope=\"itemscope\" itemtype=\"https:\/\/schema.org\/ImageObject\"  ><div class='avia-image-container-inner'><div class='avia-image-overlay-wrap'><img decoding=\"async\" class='wp-image-50757 avia-img-lazy-loading-not-50757 avia_image' src=\"https:\/\/radiorevelacionfm.cl\/wp-content\/uploads\/2025\/02\/entrega-caprino-01-1-1_optimized-1.jpeg\" alt='' title='entrega-caprino-01-(1)-(1)_optimized (1)' height=\"600\" width=\"800\"  itemprop=\"thumbnailUrl\" srcset=\"https:\/\/radiorevelacionfm.cl\/wp-content\/uploads\/2025\/02\/entrega-caprino-01-1-1_optimized-1.jpeg 800w, https:\/\/radiorevelacionfm.cl\/wp-content\/uploads\/2025\/02\/entrega-caprino-01-1-1_optimized-1-300x225.jpeg 300w, https:\/\/radiorevelacionfm.cl\/wp-content\/uploads\/2025\/02\/entrega-caprino-01-1-1_optimized-1-768x576.jpeg 768w, https:\/\/radiorevelacionfm.cl\/wp-content\/uploads\/2025\/02\/entrega-caprino-01-1-1_optimized-1-705x529.jpeg 705w, https:\/\/radiorevelacionfm.cl\/wp-content\/uploads\/2025\/02\/entrega-caprino-01-1-1_optimized-1-450x338.jpeg 450w, https:\/\/radiorevelacionfm.cl\/wp-content\/uploads\/2025\/02\/entrega-caprino-01-1-1_optimized-1-600x450.jpeg 600w\" sizes=\"(max-width: 800px) 100vw, 800px\" \/><\/div><\/div><\/div><\/div><div class=\"flex_column av_one_full  flex_column_div av-zero-column-padding first  avia-builder-el-2  el_after_av_one_full  el_before_av_one_full  column-top-margin\" style='border-radius:0px; '><section class=\"av_textblock_section \"  itemscope=\"itemscope\" itemtype=\"https:\/\/schema.org\/BlogPosting\" itemprop=\"blogPost\" ><div class='avia_textblock  '   itemprop=\"text\" ><p style=\"text-align: center;\"><span style=\"font-size: 18pt;\"><b>R\u00edo Ib\u00e1\u00f1ez: Productores caprinos son beneficiados con programa de Agricultura<\/b><\/span><\/p>\n<div id=\"gtx-trans\" style=\"position: absolute; left: -50px; top: 4.31534px;\">\n<div class=\"gtx-trans-icon\"><\/div>\n<\/div>\n<\/div><\/section><\/div><div class=\"flex_column av_one_full  flex_column_div av-zero-column-padding first  avia-builder-el-4  el_after_av_one_full  el_before_av_hr  column-top-margin\" style='border-radius:0px; '><section class=\"av_textblock_section \"  itemscope=\"itemscope\" itemtype=\"https:\/\/schema.org\/BlogPosting\" itemprop=\"blogPost\" ><div class='avia_textblock  '   itemprop=\"text\" ><p style=\"text-align: justify;\"><em>De un total de 30 usuarios beneficiados en la comuna, la mitad ya han recibido herramientas de infraestructura de trabajo y capacitaciones t\u00e9cnicas para fortalecer su rubro.<\/em><\/p>\n<p style=\"text-align: justify;\">En la agencia de \u00c1rea de INDAP de la comuna de R\u00edo Ib\u00e1\u00f1ez, el pasado mi\u00e9rcoles 12 de febrero el seremi de Agricultura de Ays\u00e9n, Eugenio Ruiz, junto a la directora de INDAP Ays\u00e9n, Yessica Lagos, y el jefe de la Divisi\u00f3n de Planificaci\u00f3n y Desarrollo Regional (DIPLADE) del Gobierno Regional de Ays\u00e9n, Omar Mu\u00f1oz, desarroll\u00f3 la entrega de materiales y herramientas a productores vinculados al Programa de Desarrollo de Inversiones (PDI) del FNDR Transferencia de Fortalecimiento Caprino.<\/p>\n<p style=\"text-align: justify;\">La iniciativa que ejecuta la Secretar\u00eda Regional de Agricultura de Ays\u00e9n con financiamiento del Gobierno Regional de Ays\u00e9n tiene el objetivo de fortalecer el emergente rubro caprino, que est\u00e1 en fase de transici\u00f3n, para propiciar su consolidaci\u00f3n. Con un plazo de ejecuci\u00f3n de 36 meses, que culmina en 2027, el programa posee una inversi\u00f3n de $1.293.643M y beneficiar\u00e1 a un total de 60 productores regionales, de los cuales la mitad pertenece a la comuna de R\u00edo Iba\u00f1ez.<\/p>\n<p style=\"text-align: justify;\">El seremi de Agricultura agreg\u00f3 que \u00abel rubro cada vez se est\u00e1 fortaleciendo m\u00e1s y eso implica que a trav\u00e9s el Ministerio de Agricultura estamos promoviendo y apoyando a productores caprinos en estas nuevas estrategias de comercializaci\u00f3n de productos. Hoy estamos culminando las entregas de material correspondiente a mangas y postes de corrales para 14 productores de la comuna de R\u00edo Ib\u00e1\u00f1ez, que es precisamente donde nace esta necesidad y requerimiento\u00bb.<\/p>\n<p style=\"text-align: justify;\">El productor beneficiado con la medida y que pertenece a la Pen\u00ednsula de Levic\u00e1n, Carlos Beyer, indic\u00f3 en la oportunidad que \u00abesta entrega de corrales nos sirve de mucho porque hicimos un cambio de rubro (&#8230;) y no s\u00e9 si yo habr\u00eda podido solventarlo solo. A la vez, esto es un golpecito de \u00e1nimo para continuar en este rubro. Antes esto lo ejecut\u00e1bamos con m\u00e1s dificultad y con lo que obten\u00edamos del mismo campo, solo madera, con una durabilidad temporal y esperamos que esto nos dure m\u00e1s funcionando\u00bb.<\/p>\n<p style=\"text-align: justify;\">Sumado a la entrega de herramientas de infraestructura que est\u00e1n fabricadas con polietileno de alta densidad, las y los productores de la localidad han recibido instancias de asesor\u00eda t\u00e9cnica por parte de la seremi de Agricultura desde el segundo semestre del 2024, las cuales se extender\u00e1n durante todo el plazo de ejecuci\u00f3n del programa.<\/p>\n<\/div><\/section><\/div><div  style='height:50px' class='hr hr-invisible   avia-builder-el-6  el_after_av_one_full  el_before_av_social_share '><span class='hr-inner ' ><span class='hr-inner-style'><\/span><\/span><\/div><\/p>\n<div  class='av-social-sharing-box  avia-builder-el-7  el_after_av_hr  el_before_av_hr  '><div class='av-share-box'><h5 class='av-share-link-description av-no-toc '>Compartir esta noticia<\/h5><ul class='av-share-box-list noLightbox'><li class='av-share-link av-social-link-facebook' ><a target=\"_blank\" aria-label=\"Compartir en Facebook\" href='https:\/\/www.facebook.com\/sharer.php?u=https:\/\/radiorevelacionfm.cl\/?p=50756&#038;t=R%C3%ADo%20Ib%C3%A1%C3%B1ez%3A%20Productores%20caprinos%20son%20beneficiados%20con%20programa%20de%20Agricultura' aria-hidden='false' data-av_icon='\ue8f3' data-av_iconfont='entypo-fontello' title='' data-avia-related-tooltip='Compartir en Facebook' rel=\"noopener\"><span class='avia_hidden_link_text'>Compartir en Facebook<\/span><\/a><\/li><li class='av-share-link av-social-link-twitter' ><a target=\"_blank\" aria-label=\"Compartir en Twitter\" href='https:\/\/twitter.com\/share?text=R%C3%ADo%20Ib%C3%A1%C3%B1ez%3A%20Productores%20caprinos%20son%20beneficiados%20con%20programa%20de%20Agricultura&#038;url=https:\/\/radiorevelacionfm.cl\/?p=50756' aria-hidden='false' data-av_icon='\ue8f1' data-av_iconfont='entypo-fontello' title='' data-avia-related-tooltip='Compartir en Twitter' rel=\"noopener\"><span class='avia_hidden_link_text'>Compartir en Twitter<\/span><\/a><\/li><li class='av-share-link av-social-link-whatsapp' ><a target=\"_blank\" aria-label=\"Compartir en Whatsapp\" href='https:\/\/api.whatsapp.com\/send?text=https:\/\/radiorevelacionfm.cl\/?p=50756' aria-hidden='false' data-av_icon='\uf232' data-av_iconfont='entypo-fontello' title='' data-avia-related-tooltip='Compartir en Whatsapp' rel=\"noopener\"><span class='avia_hidden_link_text'>Compartir en Whatsapp<\/span><\/a><\/li><li class='av-share-link av-social-link-linkedin' ><a target=\"_blank\" aria-label=\"Compartir en LinkedIn\" href='https:\/\/linkedin.com\/shareArticle?mini=true&#038;title=R%C3%ADo%20Ib%C3%A1%C3%B1ez%3A%20Productores%20caprinos%20son%20beneficiados%20con%20programa%20de%20Agricultura&#038;url=https:\/\/radiorevelacionfm.cl\/?p=50756' aria-hidden='false' data-av_icon='\ue8fc' data-av_iconfont='entypo-fontello' title='' data-avia-related-tooltip='Compartir en LinkedIn' rel=\"noopener\"><span class='avia_hidden_link_text'>Compartir en LinkedIn<\/span><\/a><\/li><li class='av-share-link av-social-link-mail' ><a  aria-label=\"Compartir por correo\" href='mailto:?subject=R%C3%ADo%20Ib%C3%A1%C3%B1ez%3A%20Productores%20caprinos%20son%20beneficiados%20con%20programa%20de%20Agricultura&#038;body=https:\/\/radiorevelacionfm.cl\/?p=50756' aria-hidden='false' data-av_icon='\ue805' data-av_iconfont='entypo-fontello' title='' data-avia-related-tooltip='Compartir por correo'><span class='avia_hidden_link_text'>Compartir por correo<\/span><\/a><\/li><\/ul><\/div><\/div>\n<div  style='height:50px' class='hr hr-invisible   avia-builder-el-8  el_after_av_social_share  el_before_av_comments_list '><span class='hr-inner ' ><span class='hr-inner-style'><\/span><\/span><\/div>\n<div  class='av-buildercomment  av-blog-meta-html-info-disabled av-blog-meta-tag-disabled  '><\/div>\n","protected":false},"excerpt":{"rendered":"","protected":false},"author":1,"featured_media":50757,"comment_status":"open","ping_status":"open","sticky":false,"template":"","format":"standard","meta":{"footnotes":""},"categories":[58],"tags":[],"class_list":["post-50756","post","type-post","status-publish","format-standard","has-post-thumbnail","hentry","category-agricultura"],"jetpack_featured_media_url":"https:\/\/radiorevelacionfm.cl\/wp-content\/uploads\/2025\/02\/entrega-caprino-01-1-1_optimized-1.jpeg","_links":{"self":[{"href":"https:\/\/radiorevelacionfm.cl\/index.php?rest_route=\/wp\/v2\/posts\/50756","targetHints":{"allow":["GET"]}}],"collection":[{"href":"https:\/\/radiorevelacionfm.cl\/index.php?rest_route=\/wp\/v2\/posts"}],"about":[{"href":"https:\/\/radiorevelacionfm.cl\/index.php?rest_route=\/wp\/v2\/types\/post"}],"author":[{"embeddable":true,"href":"https:\/\/radiorevelacionfm.cl\/index.php?rest_route=\/wp\/v2\/users\/1"}],"replies":[{"embeddable":true,"href":"https:\/\/radiorevelacionfm.cl\/index.php?rest_route=%2Fwp%2Fv2%2Fcomments&post=50756"}],"version-history":[{"count":1,"href":"https:\/\/radiorevelacionfm.cl\/index.php?rest_route=\/wp\/v2\/posts\/50756\/revisions"}],"predecessor-version":[{"id":50758,"href":"https:\/\/radiorevelacionfm.cl\/index.php?rest_route=\/wp\/v2\/posts\/50756\/revisions\/50758"}],"wp:featuredmedia":[{"embeddable":true,"href":"https:\/\/radiorevelacionfm.cl\/index.php?rest_route=\/wp\/v2\/media\/50757"}],"wp:attachment":[{"href":"https:\/\/radiorevelacionfm.cl\/index.php?rest_route=%2Fwp%2Fv2%2Fmedia&parent=50756"}],"wp:term":[{"taxonomy":"category","embeddable":true,"href":"https:\/\/radiorevelacionfm.cl\/index.php?rest_route=%2Fwp%2Fv2%2Fcategories&post=50756"},{"taxonomy":"post_tag","embeddable":true,"href":"https:\/\/radiorevelacionfm.cl\/index.php?rest_route=%2Fwp%2Fv2%2Ftags&post=50756"}],"curies":[{"name":"wp","href":"https:\/\/api.w.org\/{rel}","templated":true}]}}