{"id":50753,"date":"2025-02-20T10:00:33","date_gmt":"2025-02-20T13:00:33","guid":{"rendered":"https:\/\/radiorevelacionfm.cl\/?p=50753"},"modified":"2025-02-20T10:00:33","modified_gmt":"2025-02-20T13:00:33","slug":"mop-se-reune-con-gremios-del-sector-turistico-para-coordinar-mejoras-viales-en-la-ruta-7","status":"publish","type":"post","link":"https:\/\/radiorevelacionfm.cl\/?p=50753","title":{"rendered":"MOP se re\u00fane con gremios del sector tur\u00edstico para coordinar mejoras viales en la Ruta 7"},"content":{"rendered":"<div class=\"flex_column av_one_full  flex_column_div av-zero-column-padding first  avia-builder-el-0  el_before_av_one_full  avia-builder-el-first  \" style='border-radius:0px; '><div  class='avia-image-container  av-styling-    avia-builder-el-1  avia-builder-el-no-sibling  avia-align-center '  itemprop=\"image\" itemscope=\"itemscope\" itemtype=\"https:\/\/schema.org\/ImageObject\"  ><div class='avia-image-container-inner'><div class='avia-image-overlay-wrap'><img decoding=\"async\" class='wp-image-50754 avia-img-lazy-loading-not-50754 avia_image' src=\"https:\/\/radiorevelacionfm.cl\/wp-content\/uploads\/2025\/02\/FOTO-2-9-1-1.jpg\" alt='' title='FOTO-2 (9) (1) (1)' height=\"600\" width=\"900\"  itemprop=\"thumbnailUrl\" srcset=\"https:\/\/radiorevelacionfm.cl\/wp-content\/uploads\/2025\/02\/FOTO-2-9-1-1.jpg 900w, https:\/\/radiorevelacionfm.cl\/wp-content\/uploads\/2025\/02\/FOTO-2-9-1-1-300x200.jpg 300w, https:\/\/radiorevelacionfm.cl\/wp-content\/uploads\/2025\/02\/FOTO-2-9-1-1-768x512.jpg 768w, https:\/\/radiorevelacionfm.cl\/wp-content\/uploads\/2025\/02\/FOTO-2-9-1-1-705x470.jpg 705w, https:\/\/radiorevelacionfm.cl\/wp-content\/uploads\/2025\/02\/FOTO-2-9-1-1-450x300.jpg 450w, https:\/\/radiorevelacionfm.cl\/wp-content\/uploads\/2025\/02\/FOTO-2-9-1-1-600x400.jpg 600w\" sizes=\"(max-width: 900px) 100vw, 900px\" \/><\/div><\/div><\/div><\/div><div class=\"flex_column av_one_full  flex_column_div av-zero-column-padding first  avia-builder-el-2  el_after_av_one_full  el_before_av_one_full  column-top-margin\" style='border-radius:0px; '><section class=\"av_textblock_section \"  itemscope=\"itemscope\" itemtype=\"https:\/\/schema.org\/BlogPosting\" itemprop=\"blogPost\" ><div class='avia_textblock  '   itemprop=\"text\" ><p style=\"text-align: center;\"><strong><span style=\"font-size: 18pt;\">MOP se re\u00fane con gremios del sector tur\u00edstico para coordinar mejoras viales en la Ruta 7<\/span><\/strong><\/p>\n<div id=\"gtx-trans\" style=\"position: absolute; left: -50px; top: 4.31534px;\">\n<div class=\"gtx-trans-icon\"><\/div>\n<\/div>\n<\/div><\/section><\/div><div class=\"flex_column av_one_full  flex_column_div av-zero-column-padding first  avia-builder-el-4  el_after_av_one_full  el_before_av_hr  column-top-margin\" style='border-radius:0px; '><section class=\"av_textblock_section \"  itemscope=\"itemscope\" itemtype=\"https:\/\/schema.org\/BlogPosting\" itemprop=\"blogPost\" ><div class='avia_textblock  '   itemprop=\"text\" ><p style=\"text-align: justify;\">La Direcci\u00f3n Regional de Vialidad del Ministerio de Obras P\u00fablicas esta semana convoc\u00f3 a los gremios del sector tur\u00edstico \u00a0a una reuni\u00f3n para escuchar sus inquietudes, y posteriormente exponer los trabajos viales realizados durante esta temporada estival, as\u00ed como tambi\u00e9n informar acerca del estado de avance de las obras en licitaci\u00f3n y la programaci\u00f3n de la conservaci\u00f3n de caminos a corto, mediano y largo plazo.<\/p>\n<p style=\"text-align: justify;\">En esta instancia, en la que tambi\u00e9n participaron el Secretario Regional Ministerial de Econom\u00eda, Fomento y Turismo Felipe Rojas, el Director de Sernatur Regi\u00f3n de Ays\u00e9n, Claudio Montecinos y el Director de Conaf Regi\u00f3n de Ays\u00e9n Ronald Valenzuela, se acord\u00f3 que en marzo de este a\u00f1o se reunir\u00e1n nuevamente para coordinar conjuntamente los trabajos a desarrollar previo al inicio de la pr\u00f3xima temporada tur\u00edstica y para conocer la planificaci\u00f3n de Vialidad para abordar con obras de conservaci\u00f3n vial este invierno.<\/p>\n<p style=\"text-align: justify;\">En esta misma l\u00ednea de acci\u00f3n, el director Regional de Vialidad del MOP, Renzo Sanders Cort\u00e9s asegur\u00f3 que \u201cpr\u00f3ximamente se realizar\u00e1 una reuni\u00f3n con el sector transportista para escucharlos, y que ellos conozcan en detalle c\u00f3mo se est\u00e1 trabajando en la conservaci\u00f3n vial y adicionalmente, reforzaremos a las Empresas Contratistas que trabajan diariamente en la Conservaci\u00f3n Global de Caminos para a la brevedad y junto a ellos, sumar todos los esfuerzos que sean necesarios para mejorar el bienestar de nuestros y nuestras personas usuarias de las rutas\u201d.<\/p>\n<p style=\"text-align: justify;\">De esta forma, Renzo Sanders Cort\u00e9s expres\u00f3: \u201cTuvimos una reuni\u00f3n con los operadores tur\u00edsticos bastante provechosa, directa, franca y transparente en donde hablamos tres temas. La situaci\u00f3n y en qu\u00e9 tr\u00e1mite est\u00e1n los grandes proyectos como son la Ruta 7 que est\u00e1n m\u00e1s avanzados, como son por el lado norte los puentes Rosselot y Palena, por el centro sur el tramo de pavimentaci\u00f3n Laguna Verde- alcantarilla Cascada y la pavimentaci\u00f3n del sector Confluencia-puente Chacabuco, m\u00e1s cercano a Cochrane y se les inform\u00f3 que estos tres contratos est\u00e1n para Toma de Raz\u00f3n por parte de Contralor\u00eda como \u00faltima etapa para poder adjudicar las obras y comenzar los trabajos; un segundo punto, fue informar c\u00f3mo estamos trabajando la Conservaci\u00f3n Global de Caminos con empresas contratistas y se les detall\u00f3 cu\u00e1l ser\u00e1 la forma de trabajar hacia adelante; tambi\u00e9n, en el tramo Cerro Castillo-Puerto R\u00edo Tranquilo que son aproximadamente 80 kil\u00f3metros lo vamos a abordar con maquinaria y las empresas contratistas que atienden la Conservaci\u00f3n Global de Caminos. Adem\u00e1s, daremos continuidad al avance con suelo cemento y sello asf\u00e1ltico en la Ruta 7, as\u00ed como lo hemos estado desarrollando en varias comunas de nuestra regi\u00f3n con buen resultado; y el tercer punto fue el compromiso de aqu\u00ed a un mes m\u00e1s de hacer un an\u00e1lisis para abordar todos los caminos que no son parte de los grandes proyectos, pero que si son relevantes en el tr\u00e1nsito diario de las comunidades, con el objeto de poder abordarlos con alguna alternativa, que junto al Plan de Invierno lo vamos a informar en el mes de marzo\u201d.<\/p>\n<p style=\"text-align: justify;\">Es importante recordar, que \u201choy continuamos viviendo un proceso que comenz\u00f3 con una crisis vial que adem\u00e1s de mantener complicada la conservaci\u00f3n de la Ruta 7, paralelamente tambi\u00e9n ten\u00eda que atender varios puntos complejos en la zona de Coyhaique y de Puerto Ays\u00e9n, como eran la salida\/acceso norte de Coyhaique, la rotonda Ays\u00e9n, el camino a Lago Atravesado, Vista Hermosa y la conservaci\u00f3n del camino que conduce a nuestro Aeropuerto, pero con el trabajo y voluntad de todos y todas, hoy esa realidad ha cambiado y esos contratos se encuentran en plena ejecuci\u00f3n de obras y\/o ya han sido terminados. Adicionalmente, generamos Mesas de Conectividad que nos permitieron poder tener un di\u00e1logo directo y continuo con diversos sectores productivos y avanzar en los desaf\u00edos que en ese momento ten\u00edamos. Hoy seguimos en ese mismo accionar, porque en nuestro gobierno, queremos trabajar unidos y con el aporte de todos y todas, as\u00ed que agradecemos la participaci\u00f3n de todos los sectores en esta reuni\u00f3n que nos permitir\u00e1 dar continuidad a este trabajo\u201d, agreg\u00f3 Renzo Sanders Cort\u00e9s.<\/p>\n<p style=\"text-align: justify;\">Al finalizar, Claudio Montecinos, Director SERNATUR Regi\u00f3n de Ays\u00e9n hizo un balance de los acuerdos, se\u00f1alando que \u201csalimos muy conformes de la reuni\u00f3n que fue convocada por el Ministerio de Obras P\u00fablicas. Hab\u00edan dos situaciones particulares con los gremios y empresarios del turismo que tienen que ver con las condiciones en las que ha estado nuestra Carretera Austral y por otro lado, el cierre de uno de los senderos del Panque Nacional Queulat. Tuvimos una conversaci\u00f3n muy buena con los gremios, con el MOP y CONAF para poder abordar estas dos situaciones y particularmente desde SERNATUR quedamos muy conformes, muy dispuestos a colaborar en la coordinaci\u00f3n, en la mayor comunicaci\u00f3n y mejor planificaci\u00f3n de nuestro destino Ays\u00e9n-Patagonia en conjunto con las instituciones p\u00fablicas correspondientes y particularmente, con nuestros gremios del turismo\u201d.<\/p>\n<p style=\"text-align: justify;\">Por su parte, Rodrigo Canales, presidente de la C\u00e1mara de Comercio, Servicios, Industria y Turismo de Coyhaique AG agreg\u00f3: \u201cBastante positivo. Se echaba de menos que las entidades p\u00fablicas y los gremios pudiesen tener un di\u00e1logo franco y abierto sobre las expectativas, las realidades y los problemas que tenemos y los proyectos que se est\u00e1n ejecutando. Hicimos ver por parte de los gremios nuestra preocupaci\u00f3n por los problemas que hemos tenido en esta temporada, y esperamos y creo que entendimos que as\u00ed va a ser, el compromiso de las autoridades de anticiparse para la pr\u00f3xima temporada con respecto a las rutas, a proyectos en ejecuci\u00f3n y as\u00ed ojal\u00e1 anticiparnos a un impacto que tiene el aumento del turismo en nuestra regi\u00f3n. Creemos tambi\u00e9n que gran parte de las molestias y las contingencias tiene que ver con el aumento del turismo, pero no es menor que debemos prepararnos\u201d.<\/p>\n<p style=\"text-align: justify;\">En tanto, Jaime Guazzini, presidente de la Federaci\u00f3n de Empresas de Turismo, FEDETUR, manifest\u00f3 que cualquier instancia de coordinaci\u00f3n entre el sector p\u00fablico\u00a0 y privado, entre los gremios y los principales servicios tur\u00edsticos que tienen que ver con el desarrollo econ\u00f3mico del turismo es bienvenida. \u201cFue una reuni\u00f3n constructiva, en la que planteamos nuevamente cu\u00e1les eran los problemas de conectividad y nuestras preocupaciones a corto plazo y creemos que fue positiva. Nos quedamos m\u00e1s tranquilos respecto a que est\u00e1n tomando esto en serio, y que espero pronto vuelvan las mesas de trabajo para ver la pr\u00f3xima temporada y ya estamos encima de esta. En un mes m\u00e1s, dos meses m\u00e1s termina esta, as\u00ed que considero que fue positiva la reuni\u00f3n\u201d.<\/p>\n<\/div><\/section><\/div><div  style='height:50px' class='hr hr-invisible   avia-builder-el-6  el_after_av_one_full  el_before_av_social_share '><span class='hr-inner ' ><span class='hr-inner-style'><\/span><\/span><\/div><\/p>\n<div  class='av-social-sharing-box  avia-builder-el-7  el_after_av_hr  el_before_av_hr  '><div class='av-share-box'><h5 class='av-share-link-description av-no-toc '>Compartir esta noticia<\/h5><ul class='av-share-box-list noLightbox'><li class='av-share-link av-social-link-facebook' ><a target=\"_blank\" aria-label=\"Compartir en Facebook\" href='https:\/\/www.facebook.com\/sharer.php?u=https:\/\/radiorevelacionfm.cl\/?p=50753&#038;t=MOP%20se%20re%C3%BAne%20con%20gremios%20del%20sector%20tur%C3%ADstico%20para%20coordinar%20mejoras%20viales%20en%20la%20Ruta%207' aria-hidden='false' data-av_icon='\ue8f3' data-av_iconfont='entypo-fontello' title='' data-avia-related-tooltip='Compartir en Facebook' rel=\"noopener\"><span class='avia_hidden_link_text'>Compartir en Facebook<\/span><\/a><\/li><li class='av-share-link av-social-link-twitter' ><a target=\"_blank\" aria-label=\"Compartir en Twitter\" href='https:\/\/twitter.com\/share?text=MOP%20se%20re%C3%BAne%20con%20gremios%20del%20sector%20tur%C3%ADstico%20para%20coordinar%20mejoras%20viales%20en%20la%20Ruta%207&#038;url=https:\/\/radiorevelacionfm.cl\/?p=50753' aria-hidden='false' data-av_icon='\ue8f1' data-av_iconfont='entypo-fontello' title='' data-avia-related-tooltip='Compartir en Twitter' rel=\"noopener\"><span class='avia_hidden_link_text'>Compartir en Twitter<\/span><\/a><\/li><li class='av-share-link av-social-link-whatsapp' ><a target=\"_blank\" aria-label=\"Compartir en Whatsapp\" href='https:\/\/api.whatsapp.com\/send?text=https:\/\/radiorevelacionfm.cl\/?p=50753' aria-hidden='false' data-av_icon='\uf232' data-av_iconfont='entypo-fontello' title='' data-avia-related-tooltip='Compartir en Whatsapp' rel=\"noopener\"><span class='avia_hidden_link_text'>Compartir en Whatsapp<\/span><\/a><\/li><li class='av-share-link av-social-link-linkedin' ><a target=\"_blank\" aria-label=\"Compartir en LinkedIn\" href='https:\/\/linkedin.com\/shareArticle?mini=true&#038;title=MOP%20se%20re%C3%BAne%20con%20gremios%20del%20sector%20tur%C3%ADstico%20para%20coordinar%20mejoras%20viales%20en%20la%20Ruta%207&#038;url=https:\/\/radiorevelacionfm.cl\/?p=50753' aria-hidden='false' data-av_icon='\ue8fc' data-av_iconfont='entypo-fontello' title='' data-avia-related-tooltip='Compartir en LinkedIn' rel=\"noopener\"><span class='avia_hidden_link_text'>Compartir en LinkedIn<\/span><\/a><\/li><li class='av-share-link av-social-link-mail' ><a  aria-label=\"Compartir por correo\" href='mailto:?subject=MOP%20se%20re%C3%BAne%20con%20gremios%20del%20sector%20tur%C3%ADstico%20para%20coordinar%20mejoras%20viales%20en%20la%20Ruta%207&#038;body=https:\/\/radiorevelacionfm.cl\/?p=50753' aria-hidden='false' data-av_icon='\ue805' data-av_iconfont='entypo-fontello' title='' data-avia-related-tooltip='Compartir por correo'><span class='avia_hidden_link_text'>Compartir por correo<\/span><\/a><\/li><\/ul><\/div><\/div>\n<div  style='height:50px' class='hr hr-invisible   avia-builder-el-8  el_after_av_social_share  el_before_av_comments_list '><span class='hr-inner ' ><span class='hr-inner-style'><\/span><\/span><\/div>\n<div  class='av-buildercomment  av-blog-meta-html-info-disabled av-blog-meta-tag-disabled  '><\/div>\n","protected":false},"excerpt":{"rendered":"","protected":false},"author":1,"featured_media":50754,"comment_status":"open","ping_status":"open","sticky":false,"template":"","format":"standard","meta":{"footnotes":""},"categories":[38],"tags":[],"class_list":["post-50753","post","type-post","status-publish","format-standard","has-post-thumbnail","hentry","category-regional"],"jetpack_featured_media_url":"https:\/\/radiorevelacionfm.cl\/wp-content\/uploads\/2025\/02\/FOTO-2-9-1-1.jpg","_links":{"self":[{"href":"https:\/\/radiorevelacionfm.cl\/index.php?rest_route=\/wp\/v2\/posts\/50753","targetHints":{"allow":["GET"]}}],"collection":[{"href":"https:\/\/radiorevelacionfm.cl\/index.php?rest_route=\/wp\/v2\/posts"}],"about":[{"href":"https:\/\/radiorevelacionfm.cl\/index.php?rest_route=\/wp\/v2\/types\/post"}],"author":[{"embeddable":true,"href":"https:\/\/radiorevelacionfm.cl\/index.php?rest_route=\/wp\/v2\/users\/1"}],"replies":[{"embeddable":true,"href":"https:\/\/radiorevelacionfm.cl\/index.php?rest_route=%2Fwp%2Fv2%2Fcomments&post=50753"}],"version-history":[{"count":1,"href":"https:\/\/radiorevelacionfm.cl\/index.php?rest_route=\/wp\/v2\/posts\/50753\/revisions"}],"predecessor-version":[{"id":50755,"href":"https:\/\/radiorevelacionfm.cl\/index.php?rest_route=\/wp\/v2\/posts\/50753\/revisions\/50755"}],"wp:featuredmedia":[{"embeddable":true,"href":"https:\/\/radiorevelacionfm.cl\/index.php?rest_route=\/wp\/v2\/media\/50754"}],"wp:attachment":[{"href":"https:\/\/radiorevelacionfm.cl\/index.php?rest_route=%2Fwp%2Fv2%2Fmedia&parent=50753"}],"wp:term":[{"taxonomy":"category","embeddable":true,"href":"https:\/\/radiorevelacionfm.cl\/index.php?rest_route=%2Fwp%2Fv2%2Fcategories&post=50753"},{"taxonomy":"post_tag","embeddable":true,"href":"https:\/\/radiorevelacionfm.cl\/index.php?rest_route=%2Fwp%2Fv2%2Ftags&post=50753"}],"curies":[{"name":"wp","href":"https:\/\/api.w.org\/{rel}","templated":true}]}}