{"id":50750,"date":"2025-02-20T09:48:35","date_gmt":"2025-02-20T12:48:35","guid":{"rendered":"https:\/\/radiorevelacionfm.cl\/?p=50750"},"modified":"2025-02-20T09:48:35","modified_gmt":"2025-02-20T12:48:35","slug":"aysen-se-prepara-para-recibir-la-corrida-familiar-de-verano-supera-tu-marca","status":"publish","type":"post","link":"https:\/\/radiorevelacionfm.cl\/?p=50750","title":{"rendered":"Ays\u00e9n se prepara para recibir la Corrida Familiar de Verano \u00abSupera tu marca\u00bb"},"content":{"rendered":"<div class=\"flex_column av_one_full  flex_column_div av-zero-column-padding first  avia-builder-el-0  el_before_av_one_full  avia-builder-el-first  \" style='border-radius:0px; '><div  class='avia-image-container  av-styling-    avia-builder-el-1  avia-builder-el-no-sibling  avia-align-center '  itemprop=\"image\" itemscope=\"itemscope\" itemtype=\"https:\/\/schema.org\/ImageObject\"  ><div class='avia-image-container-inner'><div class='avia-image-overlay-wrap'><img decoding=\"async\" class='wp-image-50751 avia-img-lazy-loading-not-50751 avia_image' src=\"https:\/\/radiorevelacionfm.cl\/wp-content\/uploads\/2025\/02\/corrida1-1-1.jpg\" alt='' title='corrida1 (1) (1)' height=\"600\" width=\"800\"  itemprop=\"thumbnailUrl\" srcset=\"https:\/\/radiorevelacionfm.cl\/wp-content\/uploads\/2025\/02\/corrida1-1-1.jpg 800w, https:\/\/radiorevelacionfm.cl\/wp-content\/uploads\/2025\/02\/corrida1-1-1-300x225.jpg 300w, https:\/\/radiorevelacionfm.cl\/wp-content\/uploads\/2025\/02\/corrida1-1-1-768x576.jpg 768w, https:\/\/radiorevelacionfm.cl\/wp-content\/uploads\/2025\/02\/corrida1-1-1-705x529.jpg 705w, https:\/\/radiorevelacionfm.cl\/wp-content\/uploads\/2025\/02\/corrida1-1-1-450x338.jpg 450w, https:\/\/radiorevelacionfm.cl\/wp-content\/uploads\/2025\/02\/corrida1-1-1-600x450.jpg 600w\" sizes=\"(max-width: 800px) 100vw, 800px\" \/><\/div><\/div><\/div><\/div><div class=\"flex_column av_one_full  flex_column_div av-zero-column-padding first  avia-builder-el-2  el_after_av_one_full  el_before_av_one_full  column-top-margin\" style='border-radius:0px; '><section class=\"av_textblock_section \"  itemscope=\"itemscope\" itemtype=\"https:\/\/schema.org\/BlogPosting\" itemprop=\"blogPost\" ><div class='avia_textblock  '   itemprop=\"text\" ><p style=\"text-align: center;\"><strong><span style=\"font-size: 18pt;\">Ays\u00e9n se prepara para recibir la Corrida Familiar de Verano \u00abSupera tu marca\u00bb<\/span><\/strong><\/p>\n<div id=\"gtx-trans\" style=\"position: absolute; left: -50px; top: 4.31534px;\">\n<div class=\"gtx-trans-icon\"><\/div>\n<\/div>\n<\/div><\/section><\/div><div class=\"flex_column av_one_full  flex_column_div av-zero-column-padding first  avia-builder-el-4  el_after_av_one_full  el_before_av_hr  column-top-margin\" style='border-radius:0px; '><section class=\"av_textblock_section \"  itemscope=\"itemscope\" itemtype=\"https:\/\/schema.org\/BlogPosting\" itemprop=\"blogPost\" ><div class='avia_textblock  '   itemprop=\"text\" ><p style=\"text-align: justify;\">El\u00a0domingo 23 de febrero, se vivir\u00e1 una jornada llena de energ\u00eda y deporte con la realizaci\u00f3n de la corrida y rodat\u00f3n familiar\u00a0\u00abSupera tu marca\u00bb, una iniciativa del Ministerio del Deporte y el Instituto Nacional de Deportes (IND)\u00a0que busca promover la actividad f\u00edsica y los h\u00e1bitos saludables en toda la comunidad.<\/p>\n<p style=\"text-align: justify;\">El evento se llevar\u00e1 a cabo en\u00a0la Plaza del Pionero en la comuna de Coyhaique, y contar\u00e1\u00a0con circuitos deportivos, juegos inflables y zona kids, m\u00fasica, stand de bicicletas, baile entretenido y entrenamiento funcional\u00a0previo al inicio de la corrida y rodada familiar.\u00a0Ni\u00f1os, j\u00f3venes, adultos y adultos mayores est\u00e1n invitados a participar de esta experiencia gratuita\u00a0que busca incentivar el bienestar f\u00edsico y mental de los habitantes de nuestra regi\u00f3n.<\/p>\n<p style=\"text-align: justify;\">El\u00a0Director Nacional del IND, Israel Castro\u00a0afirm\u00f3 que \u00abnuestra idea es que toda la familia\u00a0 aysenina pueda sumarse a esta gran jornada deportiva. Es una oportunidad para compartir, disfrutar del aire libre y superar nuestras propias marcas en un ambiente seguro y entretenido\u00bb.<\/p>\n<p style=\"text-align: justify;\">\u00abPorque sabemos que el deporte no solo es salud, es tambi\u00e9n encuentro, inclusi\u00f3n y una herramienta poderosa para construir el Chile que so\u00f1amos, como Gobierno del Presidente Boric, seguimos comprometidos con incentivar una cultura del movimiento.\u00a0 Por eso \u00abSupera Tu Marca\u00bb es una invitaci\u00f3n para descubrir nuestra mejor versi\u00f3n, ya sea, participando de los eventos deportivos familiares a lo largo de todo Chile o de las clases dirigidas y consejos de vida saludable publicados en la p\u00e1gina\u00a0<a href=\"http:\/\/www.ind.cl\/\">www.ind.cl<\/a>. Invitamos a toda las personas a superar su marca este verano\u00bb, se\u00f1al\u00f3\u00a0Mar\u00eda Eugenia Dur\u00e1n Jara, Seremi del Deporte\u00a0de esta regi\u00f3n.<\/p>\n<p style=\"text-align: justify;\"><strong>Cupos disponibles<\/strong><\/p>\n<p style=\"text-align: justify;\">La inscripci\u00f3n\u00a0para este evento es completamente gratuita y puede realizarse a trav\u00e9s del sitio web oficial del IND,\u00a0<a href=\"http:\/\/www.ind.cl\/\">www.ind.cl<\/a>, ya que a\u00fan hay cupos disponibles para que seas parte de esta fiesta del deporte.<\/p>\n<\/div><\/section><\/div><div  style='height:50px' class='hr hr-invisible   avia-builder-el-6  el_after_av_one_full  el_before_av_social_share '><span class='hr-inner ' ><span class='hr-inner-style'><\/span><\/span><\/div><\/p>\n<div  class='av-social-sharing-box  avia-builder-el-7  el_after_av_hr  el_before_av_hr  '><div class='av-share-box'><h5 class='av-share-link-description av-no-toc '>Compartir esta noticia<\/h5><ul class='av-share-box-list noLightbox'><li class='av-share-link av-social-link-facebook' ><a target=\"_blank\" aria-label=\"Compartir en Facebook\" href='https:\/\/www.facebook.com\/sharer.php?u=https:\/\/radiorevelacionfm.cl\/?p=50750&#038;t=Ays%C3%A9n%20se%20prepara%20para%20recibir%20la%20Corrida%20Familiar%20de%20Verano%20%C2%ABSupera%20tu%20marca%C2%BB' aria-hidden='false' data-av_icon='\ue8f3' data-av_iconfont='entypo-fontello' title='' data-avia-related-tooltip='Compartir en Facebook' rel=\"noopener\"><span class='avia_hidden_link_text'>Compartir en Facebook<\/span><\/a><\/li><li class='av-share-link av-social-link-twitter' ><a target=\"_blank\" aria-label=\"Compartir en Twitter\" href='https:\/\/twitter.com\/share?text=Ays%C3%A9n%20se%20prepara%20para%20recibir%20la%20Corrida%20Familiar%20de%20Verano%20%C2%ABSupera%20tu%20marca%C2%BB&#038;url=https:\/\/radiorevelacionfm.cl\/?p=50750' aria-hidden='false' data-av_icon='\ue8f1' data-av_iconfont='entypo-fontello' title='' data-avia-related-tooltip='Compartir en Twitter' rel=\"noopener\"><span class='avia_hidden_link_text'>Compartir en Twitter<\/span><\/a><\/li><li class='av-share-link av-social-link-whatsapp' ><a target=\"_blank\" aria-label=\"Compartir en Whatsapp\" href='https:\/\/api.whatsapp.com\/send?text=https:\/\/radiorevelacionfm.cl\/?p=50750' aria-hidden='false' data-av_icon='\uf232' data-av_iconfont='entypo-fontello' title='' data-avia-related-tooltip='Compartir en Whatsapp' rel=\"noopener\"><span class='avia_hidden_link_text'>Compartir en Whatsapp<\/span><\/a><\/li><li class='av-share-link av-social-link-linkedin' ><a target=\"_blank\" aria-label=\"Compartir en LinkedIn\" href='https:\/\/linkedin.com\/shareArticle?mini=true&#038;title=Ays%C3%A9n%20se%20prepara%20para%20recibir%20la%20Corrida%20Familiar%20de%20Verano%20%C2%ABSupera%20tu%20marca%C2%BB&#038;url=https:\/\/radiorevelacionfm.cl\/?p=50750' aria-hidden='false' data-av_icon='\ue8fc' data-av_iconfont='entypo-fontello' title='' data-avia-related-tooltip='Compartir en LinkedIn' rel=\"noopener\"><span class='avia_hidden_link_text'>Compartir en LinkedIn<\/span><\/a><\/li><li class='av-share-link av-social-link-mail' ><a  aria-label=\"Compartir por correo\" href='mailto:?subject=Ays%C3%A9n%20se%20prepara%20para%20recibir%20la%20Corrida%20Familiar%20de%20Verano%20%C2%ABSupera%20tu%20marca%C2%BB&#038;body=https:\/\/radiorevelacionfm.cl\/?p=50750' aria-hidden='false' data-av_icon='\ue805' data-av_iconfont='entypo-fontello' title='' data-avia-related-tooltip='Compartir por correo'><span class='avia_hidden_link_text'>Compartir por correo<\/span><\/a><\/li><\/ul><\/div><\/div>\n<div  style='height:50px' class='hr hr-invisible   avia-builder-el-8  el_after_av_social_share  el_before_av_comments_list '><span class='hr-inner ' ><span class='hr-inner-style'><\/span><\/span><\/div>\n<div  class='av-buildercomment  av-blog-meta-html-info-disabled av-blog-meta-tag-disabled  '><\/div>\n","protected":false},"excerpt":{"rendered":"","protected":false},"author":1,"featured_media":50751,"comment_status":"open","ping_status":"open","sticky":false,"template":"","format":"standard","meta":{"footnotes":""},"categories":[40],"tags":[],"class_list":["post-50750","post","type-post","status-publish","format-standard","has-post-thumbnail","hentry","category-deportes"],"jetpack_featured_media_url":"https:\/\/radiorevelacionfm.cl\/wp-content\/uploads\/2025\/02\/corrida1-1-1.jpg","_links":{"self":[{"href":"https:\/\/radiorevelacionfm.cl\/index.php?rest_route=\/wp\/v2\/posts\/50750","targetHints":{"allow":["GET"]}}],"collection":[{"href":"https:\/\/radiorevelacionfm.cl\/index.php?rest_route=\/wp\/v2\/posts"}],"about":[{"href":"https:\/\/radiorevelacionfm.cl\/index.php?rest_route=\/wp\/v2\/types\/post"}],"author":[{"embeddable":true,"href":"https:\/\/radiorevelacionfm.cl\/index.php?rest_route=\/wp\/v2\/users\/1"}],"replies":[{"embeddable":true,"href":"https:\/\/radiorevelacionfm.cl\/index.php?rest_route=%2Fwp%2Fv2%2Fcomments&post=50750"}],"version-history":[{"count":1,"href":"https:\/\/radiorevelacionfm.cl\/index.php?rest_route=\/wp\/v2\/posts\/50750\/revisions"}],"predecessor-version":[{"id":50752,"href":"https:\/\/radiorevelacionfm.cl\/index.php?rest_route=\/wp\/v2\/posts\/50750\/revisions\/50752"}],"wp:featuredmedia":[{"embeddable":true,"href":"https:\/\/radiorevelacionfm.cl\/index.php?rest_route=\/wp\/v2\/media\/50751"}],"wp:attachment":[{"href":"https:\/\/radiorevelacionfm.cl\/index.php?rest_route=%2Fwp%2Fv2%2Fmedia&parent=50750"}],"wp:term":[{"taxonomy":"category","embeddable":true,"href":"https:\/\/radiorevelacionfm.cl\/index.php?rest_route=%2Fwp%2Fv2%2Fcategories&post=50750"},{"taxonomy":"post_tag","embeddable":true,"href":"https:\/\/radiorevelacionfm.cl\/index.php?rest_route=%2Fwp%2Fv2%2Ftags&post=50750"}],"curies":[{"name":"wp","href":"https:\/\/api.w.org\/{rel}","templated":true}]}}