{"id":50747,"date":"2025-02-19T20:50:39","date_gmt":"2025-02-19T23:50:39","guid":{"rendered":"https:\/\/radiorevelacionfm.cl\/?p=50747"},"modified":"2025-02-19T20:56:51","modified_gmt":"2025-02-19T23:56:51","slug":"declaran-alerta-preventiva-por-evento-meteorologico-que-afectara-a-la-region","status":"publish","type":"post","link":"https:\/\/radiorevelacionfm.cl\/?p=50747","title":{"rendered":"Declaran Alerta Preventiva por sistema frontal que afectar\u00e1 a la regi\u00f3n"},"content":{"rendered":"<div class=\"flex_column av_one_full  flex_column_div av-zero-column-padding first  avia-builder-el-0  el_before_av_one_full  avia-builder-el-first  \" style='border-radius:0px; '><div  class='avia-image-container  av-styling-    avia-builder-el-1  avia-builder-el-no-sibling  avia-align-center '  itemprop=\"image\" itemscope=\"itemscope\" itemtype=\"https:\/\/schema.org\/ImageObject\"  ><div class='avia-image-container-inner'><div class='avia-image-overlay-wrap'><img decoding=\"async\" class='wp-image-41474 avia-img-lazy-loading-not-41474 avia_image' src=\"https:\/\/radiorevelacionfm.cl\/wp-content\/uploads\/2024\/04\/lluvias2-1-1.jpg\" alt='' title='lluvias2 (1) (1)' height=\"600\" width=\"800\"  itemprop=\"thumbnailUrl\" srcset=\"https:\/\/radiorevelacionfm.cl\/wp-content\/uploads\/2024\/04\/lluvias2-1-1.jpg 800w, https:\/\/radiorevelacionfm.cl\/wp-content\/uploads\/2024\/04\/lluvias2-1-1-300x225.jpg 300w, https:\/\/radiorevelacionfm.cl\/wp-content\/uploads\/2024\/04\/lluvias2-1-1-768x576.jpg 768w, https:\/\/radiorevelacionfm.cl\/wp-content\/uploads\/2024\/04\/lluvias2-1-1-705x529.jpg 705w, https:\/\/radiorevelacionfm.cl\/wp-content\/uploads\/2024\/04\/lluvias2-1-1-450x338.jpg 450w, https:\/\/radiorevelacionfm.cl\/wp-content\/uploads\/2024\/04\/lluvias2-1-1-600x450.jpg 600w\" sizes=\"(max-width: 800px) 100vw, 800px\" \/><\/div><\/div><\/div><\/div>\n<div class=\"flex_column av_one_full  flex_column_div av-zero-column-padding first  avia-builder-el-2  el_after_av_one_full  el_before_av_one_full  column-top-margin\" style='border-radius:0px; '><section class=\"av_textblock_section \"  itemscope=\"itemscope\" itemtype=\"https:\/\/schema.org\/BlogPosting\" itemprop=\"blogPost\" ><div class='avia_textblock  '   itemprop=\"text\" ><p style=\"text-align: center;\"><strong><span style=\"font-size: 18pt;\">Declaran Alerta Preventiva por sistema frontal que afectar\u00e1 a la regi\u00f3n<\/span><\/strong><\/p>\n<div id=\"gtx-trans\" style=\"position: absolute; left: -50px; top: 4.31534px;\">\n<div class=\"gtx-trans-icon\"><\/div>\n<\/div>\n<\/div><\/section><\/div><div class=\"flex_column av_one_full  flex_column_div av-zero-column-padding first  avia-builder-el-4  el_after_av_one_full  el_before_av_hr  column-top-margin\" style='border-radius:0px; '><section class=\"av_textblock_section \"  itemscope=\"itemscope\" itemtype=\"https:\/\/schema.org\/BlogPosting\" itemprop=\"blogPost\" ><div class='avia_textblock  '   itemprop=\"text\" ><p style=\"text-align: justify;\">De acuerdo con la informaci\u00f3n proporcionada por la Direcci\u00f3n Meteorol\u00f3gica de Chile a trav\u00e9s de su Alerta Meteorol\u00f3gica AA18\/2025, emitida el mi\u00e9rcoles 19 de febrero de 2025, en el cual se indica Precipitaciones Moderadas a Fuertes en corto periodo de tiempo en zonas de las regiones de Los Lagos y Ays\u00e9n, desde la tarde del viernes 21 hasta la noche del s\u00e1bado 22 de febrero de 2025 que afectar\u00e1 a la Regi\u00f3n de Ays\u00e9n en la zona Cordillera Austral Norte, debido a una condici\u00f3n sin\u00f3ptica de sistema frontal.<\/p>\n<p style=\"text-align: justify;\">Por otro lado, el Aviso Meteorol\u00f3gico A54-1\/2025 emitido el mi\u00e9rcoles 19 de febrero del 2025, en el que se indica Precipitaciones Normales a Moderadas en zonas de las regiones de Los Lagos y Ays\u00e9n, desde la madrugada del jueves 20 hasta la madrugada del domingo 23 de febrero de 2025 y que afectar\u00e1 a la Regi\u00f3n de Ays\u00e9n en la zona Cordillera Austral Norte, debido a una condici\u00f3n sin\u00f3ptica de sistema frontal.<\/p>\n<p style=\"text-align: justify;\">En consideraci\u00f3n a estos antecedentes meteorol\u00f3gicos, el Servicio Nacional de Prevenci\u00f3n y Respuesta ante Desastres (SENAPRED) Regi\u00f3n de Ays\u00e9n, DECLARA Alerta Verde Temprana Preventiva para la Regi\u00f3n de Ays\u00e9n por Evento Meteorol\u00f3gico, vigente a contar de hoy y hasta que las condiciones meteorol\u00f3gicas as\u00ed lo ameriten.<\/p>\n<p style=\"text-align: justify;\">En relaci\u00f3n con las precipitaciones se debe tener especial resguardo, por acumulaci\u00f3n de agua en sectores bajos, posibles aumentos de caudal de los cursos de agua con potencial desborde, por lo que se deber\u00e1 monitorear estado de r\u00edos y caminos. Adem\u00e1s, se deber\u00e1 mantener monitoreo de los cursos de agua y quebradas que se pudieran activar o generar arrastre de sedimento con las precipitaciones.<\/p>\n<\/div><\/section><\/div><\/p>\n<div  style='height:50px' class='hr hr-invisible   avia-builder-el-6  el_after_av_one_full  el_before_av_social_share '><span class='hr-inner ' ><span class='hr-inner-style'><\/span><\/span><\/div>\n<div  class='av-social-sharing-box  avia-builder-el-7  el_after_av_hr  el_before_av_hr  '><div class='av-share-box'><h5 class='av-share-link-description av-no-toc '>Compartir esta noticia<\/h5><ul class='av-share-box-list noLightbox'><li class='av-share-link av-social-link-facebook' ><a target=\"_blank\" aria-label=\"Compartir en Facebook\" href='https:\/\/www.facebook.com\/sharer.php?u=https:\/\/radiorevelacionfm.cl\/?p=50747&#038;t=Declaran%20Alerta%20Preventiva%20por%20sistema%20frontal%20que%20afectar%C3%A1%20a%20la%20regi%C3%B3n' aria-hidden='false' data-av_icon='\ue8f3' data-av_iconfont='entypo-fontello' title='' data-avia-related-tooltip='Compartir en Facebook' rel=\"noopener\"><span class='avia_hidden_link_text'>Compartir en Facebook<\/span><\/a><\/li><li class='av-share-link av-social-link-twitter' ><a target=\"_blank\" aria-label=\"Compartir en Twitter\" href='https:\/\/twitter.com\/share?text=Declaran%20Alerta%20Preventiva%20por%20sistema%20frontal%20que%20afectar%C3%A1%20a%20la%20regi%C3%B3n&#038;url=https:\/\/radiorevelacionfm.cl\/?p=50747' aria-hidden='false' data-av_icon='\ue8f1' data-av_iconfont='entypo-fontello' title='' data-avia-related-tooltip='Compartir en Twitter' rel=\"noopener\"><span class='avia_hidden_link_text'>Compartir en Twitter<\/span><\/a><\/li><li class='av-share-link av-social-link-whatsapp' ><a target=\"_blank\" aria-label=\"Compartir en Whatsapp\" href='https:\/\/api.whatsapp.com\/send?text=https:\/\/radiorevelacionfm.cl\/?p=50747' aria-hidden='false' data-av_icon='\uf232' data-av_iconfont='entypo-fontello' title='' data-avia-related-tooltip='Compartir en Whatsapp' rel=\"noopener\"><span class='avia_hidden_link_text'>Compartir en Whatsapp<\/span><\/a><\/li><li class='av-share-link av-social-link-linkedin' ><a target=\"_blank\" aria-label=\"Compartir en LinkedIn\" href='https:\/\/linkedin.com\/shareArticle?mini=true&#038;title=Declaran%20Alerta%20Preventiva%20por%20sistema%20frontal%20que%20afectar%C3%A1%20a%20la%20regi%C3%B3n&#038;url=https:\/\/radiorevelacionfm.cl\/?p=50747' aria-hidden='false' data-av_icon='\ue8fc' data-av_iconfont='entypo-fontello' title='' data-avia-related-tooltip='Compartir en LinkedIn' rel=\"noopener\"><span class='avia_hidden_link_text'>Compartir en LinkedIn<\/span><\/a><\/li><li class='av-share-link av-social-link-mail' ><a  aria-label=\"Compartir por correo\" href='mailto:?subject=Declaran%20Alerta%20Preventiva%20por%20sistema%20frontal%20que%20afectar%C3%A1%20a%20la%20regi%C3%B3n&#038;body=https:\/\/radiorevelacionfm.cl\/?p=50747' aria-hidden='false' data-av_icon='\ue805' data-av_iconfont='entypo-fontello' title='' data-avia-related-tooltip='Compartir por correo'><span class='avia_hidden_link_text'>Compartir por correo<\/span><\/a><\/li><\/ul><\/div><\/div>\n<div  style='height:50px' class='hr hr-invisible   avia-builder-el-8  el_after_av_social_share  el_before_av_comments_list '><span class='hr-inner ' ><span class='hr-inner-style'><\/span><\/span><\/div>\n<div  class='av-buildercomment  av-blog-meta-html-info-disabled av-blog-meta-tag-disabled  '><\/div>\n","protected":false},"excerpt":{"rendered":"","protected":false},"author":1,"featured_media":41474,"comment_status":"open","ping_status":"open","sticky":false,"template":"","format":"standard","meta":{"footnotes":""},"categories":[38],"tags":[],"class_list":["post-50747","post","type-post","status-publish","format-standard","has-post-thumbnail","hentry","category-regional"],"jetpack_featured_media_url":"https:\/\/radiorevelacionfm.cl\/wp-content\/uploads\/2024\/04\/lluvias2-1-1.jpg","_links":{"self":[{"href":"https:\/\/radiorevelacionfm.cl\/index.php?rest_route=\/wp\/v2\/posts\/50747","targetHints":{"allow":["GET"]}}],"collection":[{"href":"https:\/\/radiorevelacionfm.cl\/index.php?rest_route=\/wp\/v2\/posts"}],"about":[{"href":"https:\/\/radiorevelacionfm.cl\/index.php?rest_route=\/wp\/v2\/types\/post"}],"author":[{"embeddable":true,"href":"https:\/\/radiorevelacionfm.cl\/index.php?rest_route=\/wp\/v2\/users\/1"}],"replies":[{"embeddable":true,"href":"https:\/\/radiorevelacionfm.cl\/index.php?rest_route=%2Fwp%2Fv2%2Fcomments&post=50747"}],"version-history":[{"count":2,"href":"https:\/\/radiorevelacionfm.cl\/index.php?rest_route=\/wp\/v2\/posts\/50747\/revisions"}],"predecessor-version":[{"id":50749,"href":"https:\/\/radiorevelacionfm.cl\/index.php?rest_route=\/wp\/v2\/posts\/50747\/revisions\/50749"}],"wp:featuredmedia":[{"embeddable":true,"href":"https:\/\/radiorevelacionfm.cl\/index.php?rest_route=\/wp\/v2\/media\/41474"}],"wp:attachment":[{"href":"https:\/\/radiorevelacionfm.cl\/index.php?rest_route=%2Fwp%2Fv2%2Fmedia&parent=50747"}],"wp:term":[{"taxonomy":"category","embeddable":true,"href":"https:\/\/radiorevelacionfm.cl\/index.php?rest_route=%2Fwp%2Fv2%2Fcategories&post=50747"},{"taxonomy":"post_tag","embeddable":true,"href":"https:\/\/radiorevelacionfm.cl\/index.php?rest_route=%2Fwp%2Fv2%2Ftags&post=50747"}],"curies":[{"name":"wp","href":"https:\/\/api.w.org\/{rel}","templated":true}]}}