{"id":50743,"date":"2025-02-22T13:22:24","date_gmt":"2025-02-22T16:22:24","guid":{"rendered":"https:\/\/radiorevelacionfm.cl\/?p=50743"},"modified":"2025-02-22T13:22:24","modified_gmt":"2025-02-22T16:22:24","slug":"puerto-aysen-57-familias-del-comite-amuyen-3-recibieron-sus-certificados-de-subsidio","status":"publish","type":"post","link":"https:\/\/radiorevelacionfm.cl\/?p=50743","title":{"rendered":"Puerto Ays\u00e9n: 57 familias del comit\u00e9 Amuyen 3 recibieron sus certificados de subsidio"},"content":{"rendered":"<div class=\"flex_column av_one_full  flex_column_div av-zero-column-padding first  avia-builder-el-0  el_before_av_one_full  avia-builder-el-first  \" style='border-radius:0px; '><div  class='avia-image-container  av-styling-    avia-builder-el-1  avia-builder-el-no-sibling  avia-align-center '  itemprop=\"image\" itemscope=\"itemscope\" itemtype=\"https:\/\/schema.org\/ImageObject\"  ><div class='avia-image-container-inner'><div class='avia-image-overlay-wrap'><img decoding=\"async\" class='wp-image-50744 avia-img-lazy-loading-not-50744 avia_image' src=\"https:\/\/radiorevelacionfm.cl\/wp-content\/uploads\/2025\/02\/foto-seremi-paulina-ruz-amuyen-3-1_optimized.jpeg\" alt='' title='foto-seremi-paulina-ruz-amuyen-3-(1)_optimized' height=\"895\" width=\"801\"  itemprop=\"thumbnailUrl\" srcset=\"https:\/\/radiorevelacionfm.cl\/wp-content\/uploads\/2025\/02\/foto-seremi-paulina-ruz-amuyen-3-1_optimized.jpeg 801w, https:\/\/radiorevelacionfm.cl\/wp-content\/uploads\/2025\/02\/foto-seremi-paulina-ruz-amuyen-3-1_optimized-268x300.jpeg 268w, https:\/\/radiorevelacionfm.cl\/wp-content\/uploads\/2025\/02\/foto-seremi-paulina-ruz-amuyen-3-1_optimized-768x858.jpeg 768w, https:\/\/radiorevelacionfm.cl\/wp-content\/uploads\/2025\/02\/foto-seremi-paulina-ruz-amuyen-3-1_optimized-631x705.jpeg 631w, https:\/\/radiorevelacionfm.cl\/wp-content\/uploads\/2025\/02\/foto-seremi-paulina-ruz-amuyen-3-1_optimized-450x503.jpeg 450w, https:\/\/radiorevelacionfm.cl\/wp-content\/uploads\/2025\/02\/foto-seremi-paulina-ruz-amuyen-3-1_optimized-600x670.jpeg 600w\" sizes=\"(max-width: 801px) 100vw, 801px\" \/><\/div><\/div><\/div><\/div>\n<div class=\"flex_column av_one_full  flex_column_div av-zero-column-padding first  avia-builder-el-2  el_after_av_one_full  el_before_av_one_full  column-top-margin\" style='border-radius:0px; '><section class=\"av_textblock_section \"  itemscope=\"itemscope\" itemtype=\"https:\/\/schema.org\/BlogPosting\" itemprop=\"blogPost\" ><div class='avia_textblock  '   itemprop=\"text\" ><p style=\"text-align: center;\"><strong><span style=\"font-size: 18pt;\">Puerto Ays\u00e9n: 57 familias del comit\u00e9 Amuyen 3 recibieron sus certificados de subsidio<\/span><\/strong><\/p>\n<div id=\"gtx-trans\" style=\"position: absolute; left: -50px; top: 4.31534px;\">\n<div class=\"gtx-trans-icon\"><\/div>\n<\/div>\n<\/div><\/section><\/div><div class=\"flex_column av_one_full  flex_column_div av-zero-column-padding first  avia-builder-el-4  el_after_av_one_full  el_before_av_hr  column-top-margin\" style='border-radius:0px; '><section class=\"av_textblock_section \"  itemscope=\"itemscope\" itemtype=\"https:\/\/schema.org\/BlogPosting\" itemprop=\"blogPost\" ><div class='avia_textblock  '   itemprop=\"text\" ><p style=\"text-align: justify;\">En una emotiva ceremonia realizada en la sede Los Pescadores de Puerto Ays\u00e9n, 57 familias del comit\u00e9 Amuyen 3 recibieron sus certificados de subsidio habitacional, un paso fundamental en su camino hacia la casa propia.<\/p>\n<p style=\"text-align: justify;\">Esta entrega se enmarca en el Fondo Solidario de Elecci\u00f3n de Vivienda (FSEV) del Minvu, bajo la modalidad de Construcci\u00f3n en Nuevos Terrenos (CNT), y forma parte del Plan de Emergencia Habitacional impulsado por el Gobierno.<\/p>\n<p style=\"text-align: justify;\">La Seremi de Vivienda y Urbanismo, Paulina Ruz Delf\u00edn, destac\u00f3 la importancia de este avance, \u201cs\u00e9 que el derecho a la vivienda no tiene colores pol\u00edticos, porque es un derecho de todos. Pero lo que s\u00ed quiero se\u00f1alar es que como gobierno hemos tenido un compromiso muy grande con ustedes. Este comit\u00e9 comenz\u00f3 solo con una entidad patrocinante, sin terreno ni financiamiento, y hoy estamos aqu\u00ed gracias a la gesti\u00f3n realizada. Vamos a entregar sus certificados de subsidio, pero tambi\u00e9n vamos a iniciar las obras y yo espero tener el privilegio de entregarles sus viviendas\u201d.<\/p>\n<p style=\"text-align: justify;\">Desde el comit\u00e9 Amuyen 3, la tesorera Milena D\u00edaz expres\u00f3 su satisfacci\u00f3n con este logro. \u201cEstamos muy contentos de haber logrado el objetivo que nos planteamos, que es obtener nuestros subsidios habitacionales en un corto plazo. Pero todo esto tampoco lo hicimos solos, siempre estuvimos en compa\u00f1\u00eda de nuestra Seremi, Paulina Ruz, y otras autoridades que nos estuvieron apoyando\u201d.<\/p>\n<p style=\"text-align: justify;\">La Entidad Patrocinante del proyecto, DALCO, y la empresa constructora L y D, ser\u00e1n las encargadas de materializar estas viviendas. Este es un paso m\u00e1s dentro del compromiso del Minvu con la regi\u00f3n, donde la meta del Plan de Emergencia Habitacional es entregar 1.293 viviendas en cuatro a\u00f1os, alcanzando actualmente un 90,3% de avance.<\/p>\n<\/div><\/section><\/div><div  style='height:50px' class='hr hr-invisible   avia-builder-el-6  el_after_av_one_full  el_before_av_social_share '><span class='hr-inner ' ><span class='hr-inner-style'><\/span><\/span><\/div><\/p>\n<div  class='av-social-sharing-box  avia-builder-el-7  el_after_av_hr  el_before_av_hr  '><div class='av-share-box'><h5 class='av-share-link-description av-no-toc '>Compartir esta noticia<\/h5><ul class='av-share-box-list noLightbox'><li class='av-share-link av-social-link-facebook' ><a target=\"_blank\" aria-label=\"Compartir en Facebook\" href='https:\/\/www.facebook.com\/sharer.php?u=https:\/\/radiorevelacionfm.cl\/?p=50743&#038;t=Puerto%20Ays%C3%A9n%3A%2057%20familias%20del%20comit%C3%A9%20Amuyen%203%20recibieron%20sus%20certificados%20de%20subsidio' aria-hidden='false' data-av_icon='\ue8f3' data-av_iconfont='entypo-fontello' title='' data-avia-related-tooltip='Compartir en Facebook' rel=\"noopener\"><span class='avia_hidden_link_text'>Compartir en Facebook<\/span><\/a><\/li><li class='av-share-link av-social-link-twitter' ><a target=\"_blank\" aria-label=\"Compartir en Twitter\" href='https:\/\/twitter.com\/share?text=Puerto%20Ays%C3%A9n%3A%2057%20familias%20del%20comit%C3%A9%20Amuyen%203%20recibieron%20sus%20certificados%20de%20subsidio&#038;url=https:\/\/radiorevelacionfm.cl\/?p=50743' aria-hidden='false' data-av_icon='\ue8f1' data-av_iconfont='entypo-fontello' title='' data-avia-related-tooltip='Compartir en Twitter' rel=\"noopener\"><span class='avia_hidden_link_text'>Compartir en Twitter<\/span><\/a><\/li><li class='av-share-link av-social-link-whatsapp' ><a target=\"_blank\" aria-label=\"Compartir en Whatsapp\" href='https:\/\/api.whatsapp.com\/send?text=https:\/\/radiorevelacionfm.cl\/?p=50743' aria-hidden='false' data-av_icon='\uf232' data-av_iconfont='entypo-fontello' title='' data-avia-related-tooltip='Compartir en Whatsapp' rel=\"noopener\"><span class='avia_hidden_link_text'>Compartir en Whatsapp<\/span><\/a><\/li><li class='av-share-link av-social-link-linkedin' ><a target=\"_blank\" aria-label=\"Compartir en LinkedIn\" href='https:\/\/linkedin.com\/shareArticle?mini=true&#038;title=Puerto%20Ays%C3%A9n%3A%2057%20familias%20del%20comit%C3%A9%20Amuyen%203%20recibieron%20sus%20certificados%20de%20subsidio&#038;url=https:\/\/radiorevelacionfm.cl\/?p=50743' aria-hidden='false' data-av_icon='\ue8fc' data-av_iconfont='entypo-fontello' title='' data-avia-related-tooltip='Compartir en LinkedIn' rel=\"noopener\"><span class='avia_hidden_link_text'>Compartir en LinkedIn<\/span><\/a><\/li><li class='av-share-link av-social-link-mail' ><a  aria-label=\"Compartir por correo\" href='mailto:?subject=Puerto%20Ays%C3%A9n%3A%2057%20familias%20del%20comit%C3%A9%20Amuyen%203%20recibieron%20sus%20certificados%20de%20subsidio&#038;body=https:\/\/radiorevelacionfm.cl\/?p=50743' aria-hidden='false' data-av_icon='\ue805' data-av_iconfont='entypo-fontello' title='' data-avia-related-tooltip='Compartir por correo'><span class='avia_hidden_link_text'>Compartir por correo<\/span><\/a><\/li><\/ul><\/div><\/div>\n<div  style='height:50px' class='hr hr-invisible   avia-builder-el-8  el_after_av_social_share  el_before_av_comments_list '><span class='hr-inner ' ><span class='hr-inner-style'><\/span><\/span><\/div>\n<div  class='av-buildercomment  av-blog-meta-html-info-disabled av-blog-meta-tag-disabled  '><\/div>\n","protected":false},"excerpt":{"rendered":"","protected":false},"author":1,"featured_media":50744,"comment_status":"open","ping_status":"open","sticky":false,"template":"","format":"standard","meta":{"footnotes":""},"categories":[57],"tags":[],"class_list":["post-50743","post","type-post","status-publish","format-standard","has-post-thumbnail","hentry","category-vivienda"],"jetpack_featured_media_url":"https:\/\/radiorevelacionfm.cl\/wp-content\/uploads\/2025\/02\/foto-seremi-paulina-ruz-amuyen-3-1_optimized.jpeg","_links":{"self":[{"href":"https:\/\/radiorevelacionfm.cl\/index.php?rest_route=\/wp\/v2\/posts\/50743","targetHints":{"allow":["GET"]}}],"collection":[{"href":"https:\/\/radiorevelacionfm.cl\/index.php?rest_route=\/wp\/v2\/posts"}],"about":[{"href":"https:\/\/radiorevelacionfm.cl\/index.php?rest_route=\/wp\/v2\/types\/post"}],"author":[{"embeddable":true,"href":"https:\/\/radiorevelacionfm.cl\/index.php?rest_route=\/wp\/v2\/users\/1"}],"replies":[{"embeddable":true,"href":"https:\/\/radiorevelacionfm.cl\/index.php?rest_route=%2Fwp%2Fv2%2Fcomments&post=50743"}],"version-history":[{"count":2,"href":"https:\/\/radiorevelacionfm.cl\/index.php?rest_route=\/wp\/v2\/posts\/50743\/revisions"}],"predecessor-version":[{"id":50827,"href":"https:\/\/radiorevelacionfm.cl\/index.php?rest_route=\/wp\/v2\/posts\/50743\/revisions\/50827"}],"wp:featuredmedia":[{"embeddable":true,"href":"https:\/\/radiorevelacionfm.cl\/index.php?rest_route=\/wp\/v2\/media\/50744"}],"wp:attachment":[{"href":"https:\/\/radiorevelacionfm.cl\/index.php?rest_route=%2Fwp%2Fv2%2Fmedia&parent=50743"}],"wp:term":[{"taxonomy":"category","embeddable":true,"href":"https:\/\/radiorevelacionfm.cl\/index.php?rest_route=%2Fwp%2Fv2%2Fcategories&post=50743"},{"taxonomy":"post_tag","embeddable":true,"href":"https:\/\/radiorevelacionfm.cl\/index.php?rest_route=%2Fwp%2Fv2%2Ftags&post=50743"}],"curies":[{"name":"wp","href":"https:\/\/api.w.org\/{rel}","templated":true}]}}