{"id":50740,"date":"2025-02-19T20:36:53","date_gmt":"2025-02-19T23:36:53","guid":{"rendered":"https:\/\/radiorevelacionfm.cl\/?p=50740"},"modified":"2025-02-19T20:36:53","modified_gmt":"2025-02-19T23:36:53","slug":"semana-juntina-cerrara-junto-al-grupo-los-potros-del-sur-y-cichando-pa-no-aflojar","status":"publish","type":"post","link":"https:\/\/radiorevelacionfm.cl\/?p=50740","title":{"rendered":"Semana Juntina cerrar\u00e1 junto al grupo Los Potros del Sur y Cichando Pa&#8217; No Aflojar"},"content":{"rendered":"<div class=\"flex_column av_one_full  flex_column_div av-zero-column-padding first  avia-builder-el-0  el_before_av_one_full  avia-builder-el-first  \" style='border-radius:0px; '><div  class='avia-image-container  av-styling-    avia-builder-el-1  avia-builder-el-no-sibling  avia-align-center '  itemprop=\"image\" itemscope=\"itemscope\" itemtype=\"https:\/\/schema.org\/ImageObject\"  ><div class='avia-image-container-inner'><div class='avia-image-overlay-wrap'><img decoding=\"async\" class='wp-image-50741 avia-img-lazy-loading-not-50741 avia_image' src=\"https:\/\/radiorevelacionfm.cl\/wp-content\/uploads\/2025\/02\/29-3-1_optimized-1.jpg\" alt='' title='29-(3)-(1)_optimized (1)' height=\"600\" width=\"909\"  itemprop=\"thumbnailUrl\" srcset=\"https:\/\/radiorevelacionfm.cl\/wp-content\/uploads\/2025\/02\/29-3-1_optimized-1.jpg 909w, https:\/\/radiorevelacionfm.cl\/wp-content\/uploads\/2025\/02\/29-3-1_optimized-1-300x198.jpg 300w, https:\/\/radiorevelacionfm.cl\/wp-content\/uploads\/2025\/02\/29-3-1_optimized-1-768x507.jpg 768w, https:\/\/radiorevelacionfm.cl\/wp-content\/uploads\/2025\/02\/29-3-1_optimized-1-705x465.jpg 705w, https:\/\/radiorevelacionfm.cl\/wp-content\/uploads\/2025\/02\/29-3-1_optimized-1-450x297.jpg 450w, https:\/\/radiorevelacionfm.cl\/wp-content\/uploads\/2025\/02\/29-3-1_optimized-1-600x396.jpg 600w\" sizes=\"(max-width: 909px) 100vw, 909px\" \/><\/div><\/div><\/div><\/div><div class=\"flex_column av_one_full  flex_column_div av-zero-column-padding first  avia-builder-el-2  el_after_av_one_full  el_before_av_one_full  column-top-margin\" style='border-radius:0px; '><section class=\"av_textblock_section \"  itemscope=\"itemscope\" itemtype=\"https:\/\/schema.org\/BlogPosting\" itemprop=\"blogPost\" ><div class='avia_textblock  '   itemprop=\"text\" ><p style=\"text-align: center;\"><strong><span style=\"font-size: 18pt;\">Semana Juntina cerrar\u00e1 junto al grupo Los Potros del Sur y Cichando Pa&#8217; No Aflojar<\/span><\/strong><\/p>\n<div id=\"gtx-trans\" style=\"position: absolute; left: -50px; top: 4.31534px;\">\n<div class=\"gtx-trans-icon\"><\/div>\n<\/div>\n<\/div><\/section><\/div><div class=\"flex_column av_one_full  flex_column_div av-zero-column-padding first  avia-builder-el-4  el_after_av_one_full  el_before_av_hr  column-top-margin\" style='border-radius:0px; '><section class=\"av_textblock_section \"  itemscope=\"itemscope\" itemtype=\"https:\/\/schema.org\/BlogPosting\" itemprop=\"blogPost\" ><div class='avia_textblock  '   itemprop=\"text\" ><p style=\"text-align: justify;\">La celebraci\u00f3n del 62\u00ba aniversario de La Junta tendr\u00e1 su cierre con una fiesta espectacular que reunir\u00e1 a los mejores exponentes de la m\u00fasica popular y regional. El s\u00e1bado 22, el grupo nacional\u00a0<em>Los Potros del Sur<\/em>\u00a0y el grupo regional\u00a0<em>Cinchando Pa&#8217; No Aflojar<\/em>\u00a0ser\u00e1n los encargados de poner el broche de oro a la Semana Juntina, con una noche de m\u00fasica en vivo, baile y diversi\u00f3n que se extender\u00e1 hasta altas horas de la madrugada.<\/p>\n<p style=\"text-align: justify;\">La Junta se encuentra en la comuna de Cisnes, entrada norte a la regi\u00f3n de Ays\u00e9n. Desde Coyhaique a localidad son 270 kil\u00f3metros aproximadamente, un trayecto que toma alrededor de cinco horas, donde puedes llegar en bus, veh\u00edculo particular u otros medios v\u00eda terrestre por la Carretera Austral.<\/p>\n<p style=\"text-align: justify;\">Este evento se realizar\u00e1 en el marco de los festejos por el 62\u00ba aniversario de La Junta, un hito que ser\u00e1 celebrado con todo el entusiasmo de la comunidad.\u00a0<em>Los Potros del Sur<\/em>, uno de los grupos m\u00e1s emblem\u00e1ticos de la m\u00fasica ranchera nacional, deleitar\u00e1n a los asistentes con su caracter\u00edstico estilo lleno de energ\u00eda y ritmos contagiosos, mientras que\u00a0<em>Cinchando Pa&#8217; No Aflojar<\/em>\u00a0pondr\u00e1 su sello regional para hacer bailar a todos con su repertorio tradicional.<\/p>\n<p style=\"text-align: justify;\">La fiesta de larga duraci\u00f3n promete ser una experiencia \u00fanica para los habitantes de La Junta y todos los visitantes, quienes podr\u00e1n disfrutar de una jornada llena de m\u00fasica y alegr\u00eda, en un ambiente festivo preparado para la ocasi\u00f3n. Los dos grupos har\u00e1n una fusi\u00f3n perfecta de sus talentos para ofrecer una noche inolvidable, celebrando lo mejor del ritmo nacional y regional.<\/p>\n<p style=\"text-align: justify;\">El evento comenzar\u00e1 a las 21:00 horas y se llevar\u00e1 a cabo en el gimnasio de la localidad, un espacio preparado para recibir a un gran n\u00famero de asistentes. Las entradas y toda la informaci\u00f3n estar\u00e1n disponibles en @semanajuntina<\/p>\n<p style=\"text-align: justify;\">Este evento ser\u00e1 el cierre ideal para una semana llena de actividades culturales y recreativas, dejando una huella imborrable en los corazones de los asistentes.<\/p>\n<\/div><\/section><\/div><div  style='height:50px' class='hr hr-invisible   avia-builder-el-6  el_after_av_one_full  el_before_av_social_share '><span class='hr-inner ' ><span class='hr-inner-style'><\/span><\/span><\/div><\/p>\n<div  class='av-social-sharing-box  avia-builder-el-7  el_after_av_hr  el_before_av_hr  '><div class='av-share-box'><h5 class='av-share-link-description av-no-toc '>Compartir esta noticia<\/h5><ul class='av-share-box-list noLightbox'><li class='av-share-link av-social-link-facebook' ><a target=\"_blank\" aria-label=\"Compartir en Facebook\" href='https:\/\/www.facebook.com\/sharer.php?u=https:\/\/radiorevelacionfm.cl\/?p=50740&#038;t=Semana%20Juntina%20cerrar%C3%A1%20junto%20al%20grupo%20Los%20Potros%20del%20Sur%20y%20Cichando%20Pa%E2%80%99%20No%20Aflojar' aria-hidden='false' data-av_icon='\ue8f3' data-av_iconfont='entypo-fontello' title='' data-avia-related-tooltip='Compartir en Facebook' rel=\"noopener\"><span class='avia_hidden_link_text'>Compartir en Facebook<\/span><\/a><\/li><li class='av-share-link av-social-link-twitter' ><a target=\"_blank\" aria-label=\"Compartir en Twitter\" href='https:\/\/twitter.com\/share?text=Semana%20Juntina%20cerrar%C3%A1%20junto%20al%20grupo%20Los%20Potros%20del%20Sur%20y%20Cichando%20Pa%E2%80%99%20No%20Aflojar&#038;url=https:\/\/radiorevelacionfm.cl\/?p=50740' aria-hidden='false' data-av_icon='\ue8f1' data-av_iconfont='entypo-fontello' title='' data-avia-related-tooltip='Compartir en Twitter' rel=\"noopener\"><span class='avia_hidden_link_text'>Compartir en Twitter<\/span><\/a><\/li><li class='av-share-link av-social-link-whatsapp' ><a target=\"_blank\" aria-label=\"Compartir en Whatsapp\" href='https:\/\/api.whatsapp.com\/send?text=https:\/\/radiorevelacionfm.cl\/?p=50740' aria-hidden='false' data-av_icon='\uf232' data-av_iconfont='entypo-fontello' title='' data-avia-related-tooltip='Compartir en Whatsapp' rel=\"noopener\"><span class='avia_hidden_link_text'>Compartir en Whatsapp<\/span><\/a><\/li><li class='av-share-link av-social-link-linkedin' ><a target=\"_blank\" aria-label=\"Compartir en LinkedIn\" href='https:\/\/linkedin.com\/shareArticle?mini=true&#038;title=Semana%20Juntina%20cerrar%C3%A1%20junto%20al%20grupo%20Los%20Potros%20del%20Sur%20y%20Cichando%20Pa%E2%80%99%20No%20Aflojar&#038;url=https:\/\/radiorevelacionfm.cl\/?p=50740' aria-hidden='false' data-av_icon='\ue8fc' data-av_iconfont='entypo-fontello' title='' data-avia-related-tooltip='Compartir en LinkedIn' rel=\"noopener\"><span class='avia_hidden_link_text'>Compartir en LinkedIn<\/span><\/a><\/li><li class='av-share-link av-social-link-mail' ><a  aria-label=\"Compartir por correo\" href='mailto:?subject=Semana%20Juntina%20cerrar%C3%A1%20junto%20al%20grupo%20Los%20Potros%20del%20Sur%20y%20Cichando%20Pa%E2%80%99%20No%20Aflojar&#038;body=https:\/\/radiorevelacionfm.cl\/?p=50740' aria-hidden='false' data-av_icon='\ue805' data-av_iconfont='entypo-fontello' title='' data-avia-related-tooltip='Compartir por correo'><span class='avia_hidden_link_text'>Compartir por correo<\/span><\/a><\/li><\/ul><\/div><\/div>\n<div  style='height:50px' class='hr hr-invisible   avia-builder-el-8  el_after_av_social_share  el_before_av_comments_list '><span class='hr-inner ' ><span class='hr-inner-style'><\/span><\/span><\/div>\n<div  class='av-buildercomment  av-blog-meta-html-info-disabled av-blog-meta-tag-disabled  '><\/div>\n","protected":false},"excerpt":{"rendered":"","protected":false},"author":1,"featured_media":50741,"comment_status":"open","ping_status":"open","sticky":false,"template":"","format":"standard","meta":{"footnotes":""},"categories":[38],"tags":[],"class_list":["post-50740","post","type-post","status-publish","format-standard","has-post-thumbnail","hentry","category-regional"],"jetpack_featured_media_url":"https:\/\/radiorevelacionfm.cl\/wp-content\/uploads\/2025\/02\/29-3-1_optimized-1.jpg","_links":{"self":[{"href":"https:\/\/radiorevelacionfm.cl\/index.php?rest_route=\/wp\/v2\/posts\/50740","targetHints":{"allow":["GET"]}}],"collection":[{"href":"https:\/\/radiorevelacionfm.cl\/index.php?rest_route=\/wp\/v2\/posts"}],"about":[{"href":"https:\/\/radiorevelacionfm.cl\/index.php?rest_route=\/wp\/v2\/types\/post"}],"author":[{"embeddable":true,"href":"https:\/\/radiorevelacionfm.cl\/index.php?rest_route=\/wp\/v2\/users\/1"}],"replies":[{"embeddable":true,"href":"https:\/\/radiorevelacionfm.cl\/index.php?rest_route=%2Fwp%2Fv2%2Fcomments&post=50740"}],"version-history":[{"count":1,"href":"https:\/\/radiorevelacionfm.cl\/index.php?rest_route=\/wp\/v2\/posts\/50740\/revisions"}],"predecessor-version":[{"id":50742,"href":"https:\/\/radiorevelacionfm.cl\/index.php?rest_route=\/wp\/v2\/posts\/50740\/revisions\/50742"}],"wp:featuredmedia":[{"embeddable":true,"href":"https:\/\/radiorevelacionfm.cl\/index.php?rest_route=\/wp\/v2\/media\/50741"}],"wp:attachment":[{"href":"https:\/\/radiorevelacionfm.cl\/index.php?rest_route=%2Fwp%2Fv2%2Fmedia&parent=50740"}],"wp:term":[{"taxonomy":"category","embeddable":true,"href":"https:\/\/radiorevelacionfm.cl\/index.php?rest_route=%2Fwp%2Fv2%2Fcategories&post=50740"},{"taxonomy":"post_tag","embeddable":true,"href":"https:\/\/radiorevelacionfm.cl\/index.php?rest_route=%2Fwp%2Fv2%2Ftags&post=50740"}],"curies":[{"name":"wp","href":"https:\/\/api.w.org\/{rel}","templated":true}]}}