{"id":50736,"date":"2025-02-19T17:08:34","date_gmt":"2025-02-19T20:08:34","guid":{"rendered":"https:\/\/radiorevelacionfm.cl\/?p=50736"},"modified":"2025-02-19T17:16:25","modified_gmt":"2025-02-19T20:16:25","slug":"homicidio-en-villa-ortega-fiscalia-y-pdi-coordinan-diligencias-investigativas","status":"publish","type":"post","link":"https:\/\/radiorevelacionfm.cl\/?p=50736","title":{"rendered":"Homicidio en Villa Ortega: Fiscal\u00eda y PDI coordinan diligencias investigativas"},"content":{"rendered":"<div class=\"flex_column av_one_full  flex_column_div av-zero-column-padding first  avia-builder-el-0  el_before_av_one_full  avia-builder-el-first  \" style='border-radius:0px; '><div  class='avia-image-container  av-styling-    avia-builder-el-1  avia-builder-el-no-sibling  avia-align-center '  itemprop=\"image\" itemscope=\"itemscope\" itemtype=\"https:\/\/schema.org\/ImageObject\"  ><div class='avia-image-container-inner'><div class='avia-image-overlay-wrap'><img decoding=\"async\" class='wp-image-50738 avia-img-lazy-loading-not-50738 avia_image' src=\"https:\/\/radiorevelacionfm.cl\/wp-content\/uploads\/2025\/02\/Audiencia1-1-1.jpg\" alt='' title='Audiencia1 (1) (1)' height=\"600\" width=\"904\"  itemprop=\"thumbnailUrl\" srcset=\"https:\/\/radiorevelacionfm.cl\/wp-content\/uploads\/2025\/02\/Audiencia1-1-1.jpg 904w, https:\/\/radiorevelacionfm.cl\/wp-content\/uploads\/2025\/02\/Audiencia1-1-1-300x199.jpg 300w, https:\/\/radiorevelacionfm.cl\/wp-content\/uploads\/2025\/02\/Audiencia1-1-1-768x510.jpg 768w, https:\/\/radiorevelacionfm.cl\/wp-content\/uploads\/2025\/02\/Audiencia1-1-1-705x468.jpg 705w, https:\/\/radiorevelacionfm.cl\/wp-content\/uploads\/2025\/02\/Audiencia1-1-1-450x299.jpg 450w, https:\/\/radiorevelacionfm.cl\/wp-content\/uploads\/2025\/02\/Audiencia1-1-1-600x398.jpg 600w\" sizes=\"(max-width: 904px) 100vw, 904px\" \/><\/div><\/div><\/div><\/div><div class=\"flex_column av_one_full  flex_column_div av-zero-column-padding first  avia-builder-el-2  el_after_av_one_full  el_before_av_one_full  column-top-margin\" style='border-radius:0px; '><section class=\"av_textblock_section \"  itemscope=\"itemscope\" itemtype=\"https:\/\/schema.org\/BlogPosting\" itemprop=\"blogPost\" ><div class='avia_textblock  '   itemprop=\"text\" ><p style=\"text-align: center;\"><span style=\"font-size: 18pt;\"><b>Homicidio en Villa Ortega: Fiscal\u00eda y PDI coordinan diligencias investigativas<\/b><\/span><\/p>\n<div id=\"gtx-trans\" style=\"position: absolute; left: -50px; top: 4.31534px;\">\n<div class=\"gtx-trans-icon\"><\/div>\n<\/div>\n<\/div><\/section><\/div><\/p>\n<div class=\"flex_column av_one_full  flex_column_div av-zero-column-padding first  avia-builder-el-4  el_after_av_one_full  el_before_av_hr  column-top-margin\" style='border-radius:0px; '><section class=\"av_textblock_section \"  itemscope=\"itemscope\" itemtype=\"https:\/\/schema.org\/BlogPosting\" itemprop=\"blogPost\" ><div class='avia_textblock  '   itemprop=\"text\" ><p style=\"font-weight: 400; text-align: justify;\"><em>Hechos ocurrieron esta madrugada. Imputado de 55 a\u00f1os, habr\u00eda utilizado un arma cortopunzante para cometer los delitos en contra de las dos v\u00edctimas, una de las cuales falleci\u00f3.\u00a0<\/em><\/p>\n<p style=\"font-weight: 400; text-align: justify;\">La Fiscal\u00eda Local de Coyhaique, la Brigada de Homicidios y el Laboratorio de Criminal\u00edstica de la PDI desarrollan diversas diligencias investigativas destinadas a esclarecer las causas y circunstancias de un homicidio consumado de una v\u00edctima de 23 a\u00f1os y otro homicidio frustrado de un hombre de 31 a\u00f1os, ocurrido esta madrugada en Villa Ortega, 32 km al norte de Coyhaique.<\/p>\n<p style=\"font-weight: 400; text-align: justify;\">De acuerdo a la informaci\u00f3n preliminar, el imputado de 55 a\u00f1os, habr\u00eda utilizado un arma cortopunzante para cometer los delitos en contra de las dos v\u00edctimas.<\/p>\n<p style=\"font-weight: 400; text-align: justify;\">\u201cLa Fiscal\u00eda Local de Coyhaique est\u00e1 siguiendo una investigaci\u00f3n por un delito de homicidio consumado y un delito de homicidio frustrado que afectaron a dos personas, adultos varones, en la localidad de Villa Ortega\u201d, explic\u00f3 tras la audiencia de control de la detenci\u00f3n efectuada en el Juzgado de Garant\u00eda, el fiscal adjunto subrogante, Sebasti\u00e1n Vild\u00f3sola.<\/p>\n<p style=\"font-weight: 400; text-align: justify;\">\u201cEs una investigaci\u00f3n donde mantenemos un imputado identificado, cuya audiencia de control de detenci\u00f3n se acaba de realizar, ampli\u00e1ndose la detenci\u00f3n de este hasta el viernes pr\u00f3ximo a las 12:00 horas\u201d, a\u00f1adi\u00f3 el fiscal. En dicha ocasi\u00f3n se le comunicar\u00e1n los cargos al imputado.<\/p>\n<p style=\"font-weight: 400; text-align: justify;\">\u201cSe est\u00e1n desarrollando diligencias a cargo de la Brigada de Homicidios y del Servicio M\u00e9dico Legal para la autopsia de rigor y en m\u00e9rito de dichas diligencias, podremos formalizar a la persona que ya est\u00e1 individualizada como autor de estos hechos\u201d, finaliz\u00f3 Vild\u00f3sola tras la audiencia donde tambi\u00e9n concurri\u00f3 el abogado asistente Jos\u00e9 Patricio Rivas.<\/p>\n<p style=\"font-weight: 400; text-align: justify;\">PDI<\/p>\n<p style=\"font-weight: 400; text-align: justify;\">Sobre la concurrencia solicitada por el Ministerio P\u00fablico, el subcomisario Maximiliano Crot Moreau, jefe subrogante de la Brigada de Homicidios Coyhaique, se\u00f1al\u00f3 que \u201cel procedimiento investigativo guarda relaci\u00f3n con el homicidio y homicidio frustrado con arma cortante de dos sujetos de sexo masculino de 23 y 31 a\u00f1os de edad, hecho que ocurri\u00f3 hoy en horas de la madrugada en el sector de Villa Ortega\u201d.<\/p>\n<p style=\"font-weight: 400; text-align: justify;\">En cuanto a las diligencias investigativas desarrolladas por la unidad especializada, \u201cse logr\u00f3 efectuar el trabajo de sitio de suceso, en especial el reconocimiento externo policial del cad\u00e1ver, en el cual se observ\u00f3 diversas lesiones cortantes y se otorg\u00f3 una causa probable de muerte correspondiente a un shock hipovol\u00e9mico. Asimismo, se estableci\u00f3 que hay una v\u00edctima en el Hospital Regional de esta ciudad, la cual se mantiene en riesgo vital y est\u00e1 recibiendo las atenciones m\u00e9dicas correspondientes\u201d, puntualiz\u00f3 el subcomisario Crot.<\/p>\n<p style=\"font-weight: 400; text-align: justify;\">El oficial policial inform\u00f3 que \u201cconforme a las declaraciones de testigos, inspecci\u00f3n ocular del sitio de suceso y empadronamiento, se logr\u00f3 establecer que el fallecido concurri\u00f3 junto a la v\u00edctima hasta un bar que se encuentran en dicha localidad y cuyos due\u00f1os son conocidos de \u00e9stos, donde comenzaron a consumir alcohol hasta horas de la madrugada, oportunidad en que el imputado, premunido con un arma cortante, comenz\u00f3 a agredirlos en diversas partes del cuerpo\u201d.<\/p>\n<p style=\"font-weight: 400; text-align: justify;\">La PDI contin\u00faa realizando diligencias investigativas en torno a este homicidio, principalmente, \u201cdeclaraci\u00f3n de la v\u00edctima que se encuentra internada en el Hospital Regional de Coyhaique y revisi\u00f3n de tel\u00e9fonos celulares a fin de obtener alg\u00fan antecedente importante conforme a esta causa\u201d, finaliz\u00f3 el jefe subrogante de la Brigada de Homicidios Coyhaique.<\/p>\n<\/div><\/section><\/div>\n<div  style='height:50px' class='hr hr-invisible   avia-builder-el-6  el_after_av_one_full  el_before_av_social_share '><span class='hr-inner ' ><span class='hr-inner-style'><\/span><\/span><\/div>\n<div  class='av-social-sharing-box  avia-builder-el-7  el_after_av_hr  el_before_av_hr  '><div class='av-share-box'><h5 class='av-share-link-description av-no-toc '>Compartir esta noticia<\/h5><ul class='av-share-box-list noLightbox'><li class='av-share-link av-social-link-facebook' ><a target=\"_blank\" aria-label=\"Compartir en Facebook\" href='https:\/\/www.facebook.com\/sharer.php?u=https:\/\/radiorevelacionfm.cl\/?p=50736&#038;t=Homicidio%20en%20Villa%20Ortega%3A%20Fiscal%C3%ADa%20y%20PDI%20coordinan%20diligencias%20investigativas' aria-hidden='false' data-av_icon='\ue8f3' data-av_iconfont='entypo-fontello' title='' data-avia-related-tooltip='Compartir en Facebook' rel=\"noopener\"><span class='avia_hidden_link_text'>Compartir en Facebook<\/span><\/a><\/li><li class='av-share-link av-social-link-twitter' ><a target=\"_blank\" aria-label=\"Compartir en Twitter\" href='https:\/\/twitter.com\/share?text=Homicidio%20en%20Villa%20Ortega%3A%20Fiscal%C3%ADa%20y%20PDI%20coordinan%20diligencias%20investigativas&#038;url=https:\/\/radiorevelacionfm.cl\/?p=50736' aria-hidden='false' data-av_icon='\ue8f1' data-av_iconfont='entypo-fontello' title='' data-avia-related-tooltip='Compartir en Twitter' rel=\"noopener\"><span class='avia_hidden_link_text'>Compartir en Twitter<\/span><\/a><\/li><li class='av-share-link av-social-link-whatsapp' ><a target=\"_blank\" aria-label=\"Compartir en Whatsapp\" href='https:\/\/api.whatsapp.com\/send?text=https:\/\/radiorevelacionfm.cl\/?p=50736' aria-hidden='false' data-av_icon='\uf232' data-av_iconfont='entypo-fontello' title='' data-avia-related-tooltip='Compartir en Whatsapp' rel=\"noopener\"><span class='avia_hidden_link_text'>Compartir en Whatsapp<\/span><\/a><\/li><li class='av-share-link av-social-link-linkedin' ><a target=\"_blank\" aria-label=\"Compartir en LinkedIn\" href='https:\/\/linkedin.com\/shareArticle?mini=true&#038;title=Homicidio%20en%20Villa%20Ortega%3A%20Fiscal%C3%ADa%20y%20PDI%20coordinan%20diligencias%20investigativas&#038;url=https:\/\/radiorevelacionfm.cl\/?p=50736' aria-hidden='false' data-av_icon='\ue8fc' data-av_iconfont='entypo-fontello' title='' data-avia-related-tooltip='Compartir en LinkedIn' rel=\"noopener\"><span class='avia_hidden_link_text'>Compartir en LinkedIn<\/span><\/a><\/li><li class='av-share-link av-social-link-mail' ><a  aria-label=\"Compartir por correo\" href='mailto:?subject=Homicidio%20en%20Villa%20Ortega%3A%20Fiscal%C3%ADa%20y%20PDI%20coordinan%20diligencias%20investigativas&#038;body=https:\/\/radiorevelacionfm.cl\/?p=50736' aria-hidden='false' data-av_icon='\ue805' data-av_iconfont='entypo-fontello' title='' data-avia-related-tooltip='Compartir por correo'><span class='avia_hidden_link_text'>Compartir por correo<\/span><\/a><\/li><\/ul><\/div><\/div>\n<div  style='height:50px' class='hr hr-invisible   avia-builder-el-8  el_after_av_social_share  el_before_av_comments_list '><span class='hr-inner ' ><span class='hr-inner-style'><\/span><\/span><\/div>\n<div  class='av-buildercomment  av-blog-meta-html-info-disabled av-blog-meta-tag-disabled  '><\/div>\n","protected":false},"excerpt":{"rendered":"","protected":false},"author":1,"featured_media":50738,"comment_status":"open","ping_status":"open","sticky":false,"template":"","format":"standard","meta":{"footnotes":""},"categories":[36],"tags":[],"class_list":["post-50736","post","type-post","status-publish","format-standard","has-post-thumbnail","hentry","category-policial"],"jetpack_featured_media_url":"https:\/\/radiorevelacionfm.cl\/wp-content\/uploads\/2025\/02\/Audiencia1-1-1.jpg","_links":{"self":[{"href":"https:\/\/radiorevelacionfm.cl\/index.php?rest_route=\/wp\/v2\/posts\/50736","targetHints":{"allow":["GET"]}}],"collection":[{"href":"https:\/\/radiorevelacionfm.cl\/index.php?rest_route=\/wp\/v2\/posts"}],"about":[{"href":"https:\/\/radiorevelacionfm.cl\/index.php?rest_route=\/wp\/v2\/types\/post"}],"author":[{"embeddable":true,"href":"https:\/\/radiorevelacionfm.cl\/index.php?rest_route=\/wp\/v2\/users\/1"}],"replies":[{"embeddable":true,"href":"https:\/\/radiorevelacionfm.cl\/index.php?rest_route=%2Fwp%2Fv2%2Fcomments&post=50736"}],"version-history":[{"count":2,"href":"https:\/\/radiorevelacionfm.cl\/index.php?rest_route=\/wp\/v2\/posts\/50736\/revisions"}],"predecessor-version":[{"id":50739,"href":"https:\/\/radiorevelacionfm.cl\/index.php?rest_route=\/wp\/v2\/posts\/50736\/revisions\/50739"}],"wp:featuredmedia":[{"embeddable":true,"href":"https:\/\/radiorevelacionfm.cl\/index.php?rest_route=\/wp\/v2\/media\/50738"}],"wp:attachment":[{"href":"https:\/\/radiorevelacionfm.cl\/index.php?rest_route=%2Fwp%2Fv2%2Fmedia&parent=50736"}],"wp:term":[{"taxonomy":"category","embeddable":true,"href":"https:\/\/radiorevelacionfm.cl\/index.php?rest_route=%2Fwp%2Fv2%2Fcategories&post=50736"},{"taxonomy":"post_tag","embeddable":true,"href":"https:\/\/radiorevelacionfm.cl\/index.php?rest_route=%2Fwp%2Fv2%2Ftags&post=50736"}],"curies":[{"name":"wp","href":"https:\/\/api.w.org\/{rel}","templated":true}]}}