{"id":50733,"date":"2025-02-19T17:57:30","date_gmt":"2025-02-19T20:57:30","guid":{"rendered":"https:\/\/radiorevelacionfm.cl\/?p=50733"},"modified":"2025-02-19T17:57:30","modified_gmt":"2025-02-19T20:57:30","slug":"islas-huichas-lanza-calendario-de-actividades-para-festejar-su-aniversario-n-83","status":"publish","type":"post","link":"https:\/\/radiorevelacionfm.cl\/?p=50733","title":{"rendered":"Islas Huichas lanza calendario de actividades para festejar su Aniversario N\u00b0 83"},"content":{"rendered":"<div class=\"flex_column av_one_full  flex_column_div av-zero-column-padding first  avia-builder-el-0  el_before_av_one_full  avia-builder-el-first  \" style='border-radius:0px; '><div  class='avia-image-container  av-styling-    avia-builder-el-1  avia-builder-el-no-sibling  avia-align-center '  itemprop=\"image\" itemscope=\"itemscope\" itemtype=\"https:\/\/schema.org\/ImageObject\"  ><div class='avia-image-container-inner'><div class='avia-image-overlay-wrap'><img decoding=\"async\" class='wp-image-50734 avia-img-lazy-loading-not-50734 avia_image' src=\"https:\/\/radiorevelacionfm.cl\/wp-content\/uploads\/2025\/02\/Color-Dance-2-1-1.jpg\" alt='' title='Color Dance (2) (1) (1)' height=\"600\" width=\"800\"  itemprop=\"thumbnailUrl\" srcset=\"https:\/\/radiorevelacionfm.cl\/wp-content\/uploads\/2025\/02\/Color-Dance-2-1-1.jpg 800w, https:\/\/radiorevelacionfm.cl\/wp-content\/uploads\/2025\/02\/Color-Dance-2-1-1-300x225.jpg 300w, https:\/\/radiorevelacionfm.cl\/wp-content\/uploads\/2025\/02\/Color-Dance-2-1-1-768x576.jpg 768w, https:\/\/radiorevelacionfm.cl\/wp-content\/uploads\/2025\/02\/Color-Dance-2-1-1-705x529.jpg 705w, https:\/\/radiorevelacionfm.cl\/wp-content\/uploads\/2025\/02\/Color-Dance-2-1-1-450x338.jpg 450w, https:\/\/radiorevelacionfm.cl\/wp-content\/uploads\/2025\/02\/Color-Dance-2-1-1-600x450.jpg 600w\" sizes=\"(max-width: 800px) 100vw, 800px\" \/><\/div><\/div><\/div><\/div><div class=\"flex_column av_one_full  flex_column_div av-zero-column-padding first  avia-builder-el-2  el_after_av_one_full  el_before_av_one_full  column-top-margin\" style='border-radius:0px; '><section class=\"av_textblock_section \"  itemscope=\"itemscope\" itemtype=\"https:\/\/schema.org\/BlogPosting\" itemprop=\"blogPost\" ><div class='avia_textblock  '   itemprop=\"text\" ><p style=\"text-align: center;\"><strong><span style=\"font-size: 18pt;\">Islas Huichas lanza calendario de actividades para festejar su Aniversario N\u00b0 83<\/span><\/strong><\/p>\n<div id=\"gtx-trans\" style=\"position: absolute; left: -50px; top: 4.31534px;\">\n<div class=\"gtx-trans-icon\"><\/div>\n<\/div>\n<\/div><\/section><\/div><div class=\"flex_column av_one_full  flex_column_div av-zero-column-padding first  avia-builder-el-4  el_after_av_one_full  el_before_av_hr  column-top-margin\" style='border-radius:0px; '><section class=\"av_textblock_section \"  itemscope=\"itemscope\" itemtype=\"https:\/\/schema.org\/BlogPosting\" itemprop=\"blogPost\" ><div class='avia_textblock  '   itemprop=\"text\" ><p style=\"text-align: justify;\"><i><span style=\"font-weight: 400;\">Una parrilla con dos semanas de actividades dirigidas para toda la familia, elecci\u00f3n de reinas, deportes, talleres, espacios para ni\u00f1os y m\u00e1s; todo para un cumplea\u00f1os inolvidable para la isla m\u00e1s importante del territorio de la comuna de Ays\u00e9n.<\/span><\/i><\/p>\n<p style=\"text-align: justify;\"><span style=\"font-weight: 400;\">Desde el mi\u00e9rcoles 19 de febrero hasta el domingo 2 de marzo Isla Las Huichas estar\u00e1 de fiesta e invitan a todos los turistas a que puedan venir a participar a las actividades planeadas para disfrutar el 83 aniversario de las localidades de Puerto Aguirre, Estero Copa y Caleta Andrade.<\/span><\/p>\n<p style=\"text-align: justify;\"><span style=\"font-weight: 400;\">La encargada de Cultura de la Ilustre Municipalidad de Ays\u00e9n, Edith Villarroel, explica cu\u00e1les son los cambios con respecto a a\u00f1os anteriores, \u201cquisimos llevar a cabo una propuesta distinta, pero que tambi\u00e9n mantenga la pertinencia y la identidad con el territorio. La idea es que pudi\u00e9ramos cohesionar lo que se viene haciendo y tambi\u00e9n lo nuevo que es parte de la propuesta que nosotros como municipalidad estamos desarrollando. Desde este punto de vista, el objetivo de este programa, es que la comunidad se deje sorprender, venga a disfrutar y celebre la fiesta del aniversario de Isla Las Huichas\u201d.<\/span><\/p>\n<p style=\"text-align: justify;\"><span style=\"font-weight: 400;\">Una de las competiciones que siempre es una constante en los aniversarios, es la \u201cReina de Isla Las Huichas\u201d, una serie de desaf\u00edos para las candidatas, donde tendr\u00e1n que demostrar a las participantes su confianza en s\u00ed misma, adem\u00e1s de sus habilidades para conseguir la uni\u00f3n con la comunidad, en definitiva, mostrar los valores de la mujer isle\u00f1a.\u00a0<\/span><\/p>\n<p style=\"text-align: justify;\"><span style=\"font-weight: 400;\">Diego Fuentes, Delegado Municipal, explica el enfoque de la presente administraci\u00f3n con respecto al aniversario, \u201cla intenci\u00f3n del alcalde Luis Mart\u00ednez es tratar de equiparar las condiciones con respecto a los otros eventos multitudinarios que se dan en nuestra comuna. No debemos olvidar y obviar tampoco de que en la competici\u00f3n de las candidatas a Reina tienen premios exactos en comparaci\u00f3n a lo que fue el aniversario de Puerto Ays\u00e9n, entonces, a mi parecer eso es una expresi\u00f3n bien clara de la voluntad de poder equiparar las condiciones\u201d.<\/span><\/p>\n<p style=\"text-align: justify;\"><span style=\"font-weight: 400;\">Entre los eventos del aniversario destacan el Campeonato de F\u00fatbol en el Estadio Gabriel Leal el fin de semana del 22 y 23 de febrero. Jorge Villegas, el Director de la Corporaci\u00f3n del Deporte y Recreaci\u00f3n coment\u00f3 sobre el formato de este torneo, \u201cpara este a\u00f1o se realizar\u00e1 un cuadrangular en modalidad \u201ccopa carranza\u201d, en este caso, se va a jugar con los cuatro equipos en la isla que son F\u00e9nix, Escuela, Naval y Halcones; que van a jugar las semifinales el d\u00eda s\u00e1bado y las finales el domingo. El campeonato tiene como objetivo promover nuevamente el f\u00fatbol y la utilizaci\u00f3n del estadio de la isla, pero al mismo tiempo, retomar las actividades masivas y que conlleva, en este caso, la uni\u00f3n de toda la isla en el Gabriel Leal\u201d.<\/span><\/p>\n<p style=\"text-align: justify;\"><span style=\"font-weight: 400;\">Adem\u00e1s del balompi\u00e9, la Corporaci\u00f3n organizar\u00e1 una tarde de deportes, en el cual se planean ejercicios y juegos para todas las edades el 27 de febrero en el Gimnasio Demetrio C\u00e1rdenas. Igualmente planificaron el anteriormente exitoso Color Dance en la plaza de Caleta Andrade para el viernes 28.\u00a0<\/span><\/p>\n<p style=\"text-align: justify;\"><span style=\"font-weight: 400;\">Tambi\u00e9n vuelven de a\u00f1os anteriores, tradiciones como las \u201cNaves Engalanadas\u201d competencia donde los vecinos adornan sus embarcaciones con alguna tem\u00e1tica y recorren las costas de la isla, este a\u00f1o los premios son de 500 mil pesos para el primero, 300 mil para el segundo y 200 mil para el tercero.\u00a0<\/span><\/p>\n<p style=\"text-align: justify;\"><span style=\"font-weight: 400;\">Aunque hay conceptos nuevos, como los es la actividad \u201cPiratas del Litoral\u201d una serie de entretenciones para ni\u00f1os en el Parque Urbano La Poza el martes 25, donde destacan la b\u00fasqueda del tesoro, el reconocimiento de la flora y fauna del lugar y la presentaci\u00f3n de talentos de los j\u00f3venes huichanos.\u00a0<\/span><\/p>\n<p style=\"text-align: justify;\"><span style=\"font-weight: 400;\">Para finalizar este 83 cumplea\u00f1os de Isla Las Huichas, el Programa de Transferencia del Fomento Productivo de Ays\u00e9n gracias al financiamiento del Gobierno Regional, program\u00f3 la \u201cFeria Expo Aniversario\u201d con actividades durante toda la jornada en las tres localidades insulares los d\u00edas s\u00e1bado 1 y domingo 2 de febrero.<\/span><\/p>\n<p style=\"text-align: justify;\"><span style=\"font-weight: 400;\">Algunas de las actividades pueden tener modificaciones debido a las condiciones clim\u00e1ticas, por lo cual se estar\u00e1 avisando con antelaci\u00f3n. La idea de la organizaci\u00f3n es poder disfrutar lo m\u00e1s posible de los eventos planificados, por lo que esperan contar con el apoyo de toda la comunidad de la isla.<\/span><\/p>\n<\/div><\/section><\/div><div  style='height:50px' class='hr hr-invisible   avia-builder-el-6  el_after_av_one_full  el_before_av_social_share '><span class='hr-inner ' ><span class='hr-inner-style'><\/span><\/span><\/div><\/p>\n<div  class='av-social-sharing-box  avia-builder-el-7  el_after_av_hr  el_before_av_hr  '><div class='av-share-box'><h5 class='av-share-link-description av-no-toc '>Compartir esta noticia<\/h5><ul class='av-share-box-list noLightbox'><li class='av-share-link av-social-link-facebook' ><a target=\"_blank\" aria-label=\"Compartir en Facebook\" href='https:\/\/www.facebook.com\/sharer.php?u=https:\/\/radiorevelacionfm.cl\/?p=50733&#038;t=Islas%20Huichas%20lanza%20calendario%20de%20actividades%20para%20festejar%20su%20Aniversario%20N%C2%B0%2083' aria-hidden='false' data-av_icon='\ue8f3' data-av_iconfont='entypo-fontello' title='' data-avia-related-tooltip='Compartir en Facebook' rel=\"noopener\"><span class='avia_hidden_link_text'>Compartir en Facebook<\/span><\/a><\/li><li class='av-share-link av-social-link-twitter' ><a target=\"_blank\" aria-label=\"Compartir en Twitter\" href='https:\/\/twitter.com\/share?text=Islas%20Huichas%20lanza%20calendario%20de%20actividades%20para%20festejar%20su%20Aniversario%20N%C2%B0%2083&#038;url=https:\/\/radiorevelacionfm.cl\/?p=50733' aria-hidden='false' data-av_icon='\ue8f1' data-av_iconfont='entypo-fontello' title='' data-avia-related-tooltip='Compartir en Twitter' rel=\"noopener\"><span class='avia_hidden_link_text'>Compartir en Twitter<\/span><\/a><\/li><li class='av-share-link av-social-link-whatsapp' ><a target=\"_blank\" aria-label=\"Compartir en Whatsapp\" href='https:\/\/api.whatsapp.com\/send?text=https:\/\/radiorevelacionfm.cl\/?p=50733' aria-hidden='false' data-av_icon='\uf232' data-av_iconfont='entypo-fontello' title='' data-avia-related-tooltip='Compartir en Whatsapp' rel=\"noopener\"><span class='avia_hidden_link_text'>Compartir en Whatsapp<\/span><\/a><\/li><li class='av-share-link av-social-link-linkedin' ><a target=\"_blank\" aria-label=\"Compartir en LinkedIn\" href='https:\/\/linkedin.com\/shareArticle?mini=true&#038;title=Islas%20Huichas%20lanza%20calendario%20de%20actividades%20para%20festejar%20su%20Aniversario%20N%C2%B0%2083&#038;url=https:\/\/radiorevelacionfm.cl\/?p=50733' aria-hidden='false' data-av_icon='\ue8fc' data-av_iconfont='entypo-fontello' title='' data-avia-related-tooltip='Compartir en LinkedIn' rel=\"noopener\"><span class='avia_hidden_link_text'>Compartir en LinkedIn<\/span><\/a><\/li><li class='av-share-link av-social-link-mail' ><a  aria-label=\"Compartir por correo\" href='mailto:?subject=Islas%20Huichas%20lanza%20calendario%20de%20actividades%20para%20festejar%20su%20Aniversario%20N%C2%B0%2083&#038;body=https:\/\/radiorevelacionfm.cl\/?p=50733' aria-hidden='false' data-av_icon='\ue805' data-av_iconfont='entypo-fontello' title='' data-avia-related-tooltip='Compartir por correo'><span class='avia_hidden_link_text'>Compartir por correo<\/span><\/a><\/li><\/ul><\/div><\/div>\n<div  style='height:50px' class='hr hr-invisible   avia-builder-el-8  el_after_av_social_share  el_before_av_comments_list '><span class='hr-inner ' ><span class='hr-inner-style'><\/span><\/span><\/div>\n<div  class='av-buildercomment  av-blog-meta-html-info-disabled av-blog-meta-tag-disabled  '><\/div>\n","protected":false},"excerpt":{"rendered":"","protected":false},"author":1,"featured_media":50734,"comment_status":"open","ping_status":"open","sticky":false,"template":"","format":"standard","meta":{"footnotes":""},"categories":[38],"tags":[],"class_list":["post-50733","post","type-post","status-publish","format-standard","has-post-thumbnail","hentry","category-regional"],"jetpack_featured_media_url":"https:\/\/radiorevelacionfm.cl\/wp-content\/uploads\/2025\/02\/Color-Dance-2-1-1.jpg","_links":{"self":[{"href":"https:\/\/radiorevelacionfm.cl\/index.php?rest_route=\/wp\/v2\/posts\/50733","targetHints":{"allow":["GET"]}}],"collection":[{"href":"https:\/\/radiorevelacionfm.cl\/index.php?rest_route=\/wp\/v2\/posts"}],"about":[{"href":"https:\/\/radiorevelacionfm.cl\/index.php?rest_route=\/wp\/v2\/types\/post"}],"author":[{"embeddable":true,"href":"https:\/\/radiorevelacionfm.cl\/index.php?rest_route=\/wp\/v2\/users\/1"}],"replies":[{"embeddable":true,"href":"https:\/\/radiorevelacionfm.cl\/index.php?rest_route=%2Fwp%2Fv2%2Fcomments&post=50733"}],"version-history":[{"count":1,"href":"https:\/\/radiorevelacionfm.cl\/index.php?rest_route=\/wp\/v2\/posts\/50733\/revisions"}],"predecessor-version":[{"id":50735,"href":"https:\/\/radiorevelacionfm.cl\/index.php?rest_route=\/wp\/v2\/posts\/50733\/revisions\/50735"}],"wp:featuredmedia":[{"embeddable":true,"href":"https:\/\/radiorevelacionfm.cl\/index.php?rest_route=\/wp\/v2\/media\/50734"}],"wp:attachment":[{"href":"https:\/\/radiorevelacionfm.cl\/index.php?rest_route=%2Fwp%2Fv2%2Fmedia&parent=50733"}],"wp:term":[{"taxonomy":"category","embeddable":true,"href":"https:\/\/radiorevelacionfm.cl\/index.php?rest_route=%2Fwp%2Fv2%2Fcategories&post=50733"},{"taxonomy":"post_tag","embeddable":true,"href":"https:\/\/radiorevelacionfm.cl\/index.php?rest_route=%2Fwp%2Fv2%2Ftags&post=50733"}],"curies":[{"name":"wp","href":"https:\/\/api.w.org\/{rel}","templated":true}]}}