{"id":50730,"date":"2025-02-20T10:19:49","date_gmt":"2025-02-20T13:19:49","guid":{"rendered":"https:\/\/radiorevelacionfm.cl\/?p=50730"},"modified":"2025-02-20T10:19:49","modified_gmt":"2025-02-20T13:19:49","slug":"cinco-especialistas-se-suman-al-hospital-regional-coyhaique-este-2025","status":"publish","type":"post","link":"https:\/\/radiorevelacionfm.cl\/?p=50730","title":{"rendered":"Cinco especialistas se suman al Hospital Regional Coyhaique este 2025"},"content":{"rendered":"<div class=\"flex_column av_one_full  flex_column_div av-zero-column-padding first  avia-builder-el-0  el_before_av_one_full  avia-builder-el-first  \" style='border-radius:0px; '><div  class='avia-image-container  av-styling-    avia-builder-el-1  avia-builder-el-no-sibling  avia-align-center '  itemprop=\"image\" itemscope=\"itemscope\" itemtype=\"https:\/\/schema.org\/ImageObject\"  ><div class='avia-image-container-inner'><div class='avia-image-overlay-wrap'><img decoding=\"async\" class='wp-image-50731 avia-img-lazy-loading-not-50731 avia_image' src=\"https:\/\/radiorevelacionfm.cl\/wp-content\/uploads\/2025\/02\/especialistas-2025-2-1_optimized.jpg\" alt='' title='especialistas-2025-(2)-(1)_optimized' height=\"600\" width=\"1067\"  itemprop=\"thumbnailUrl\" srcset=\"https:\/\/radiorevelacionfm.cl\/wp-content\/uploads\/2025\/02\/especialistas-2025-2-1_optimized.jpg 1067w, https:\/\/radiorevelacionfm.cl\/wp-content\/uploads\/2025\/02\/especialistas-2025-2-1_optimized-300x169.jpg 300w, https:\/\/radiorevelacionfm.cl\/wp-content\/uploads\/2025\/02\/especialistas-2025-2-1_optimized-1030x579.jpg 1030w, https:\/\/radiorevelacionfm.cl\/wp-content\/uploads\/2025\/02\/especialistas-2025-2-1_optimized-768x432.jpg 768w, https:\/\/radiorevelacionfm.cl\/wp-content\/uploads\/2025\/02\/especialistas-2025-2-1_optimized-705x396.jpg 705w, https:\/\/radiorevelacionfm.cl\/wp-content\/uploads\/2025\/02\/especialistas-2025-2-1_optimized-450x253.jpg 450w, https:\/\/radiorevelacionfm.cl\/wp-content\/uploads\/2025\/02\/especialistas-2025-2-1_optimized-600x337.jpg 600w\" sizes=\"(max-width: 1067px) 100vw, 1067px\" \/><\/div><\/div><\/div><\/div><div class=\"flex_column av_one_full  flex_column_div av-zero-column-padding first  avia-builder-el-2  el_after_av_one_full  el_before_av_one_full  column-top-margin\" style='border-radius:0px; '><section class=\"av_textblock_section \"  itemscope=\"itemscope\" itemtype=\"https:\/\/schema.org\/BlogPosting\" itemprop=\"blogPost\" ><div class='avia_textblock  '   itemprop=\"text\" ><p style=\"text-align: center;\"><span style=\"font-size: 18pt;\"><strong>Cinco especialistas se suman al Hospital Regional Coyhaique este 2025<\/strong><\/span><\/p>\n<div id=\"gtx-trans\" style=\"position: absolute; left: -50px; top: 4.31534px;\">\n<div class=\"gtx-trans-icon\"><\/div>\n<\/div>\n<\/div><\/section><\/div><div class=\"flex_column av_one_full  flex_column_div av-zero-column-padding first  avia-builder-el-4  el_after_av_one_full  el_before_av_hr  column-top-margin\" style='border-radius:0px; '><section class=\"av_textblock_section \"  itemscope=\"itemscope\" itemtype=\"https:\/\/schema.org\/BlogPosting\" itemprop=\"blogPost\" ><div class='avia_textblock  '   itemprop=\"text\" ><p style=\"text-align: justify;\"><em>Dentro de los profesionales que se integrar\u00e1n para cumplir su <\/em>Periodo Asistencial Obligatorio (PAO), destaca la llegada de un coloproct\u00f3logo y un subespecialista en ginecolog\u00eda oncol\u00f3gica, fortaleciendo \u00e1reas que van en directa relaci\u00f3n con las patolog\u00edas m\u00e1s frecuentes en la regi\u00f3n de Ays\u00e9n.<\/p>\n<p style=\"text-align: justify;\">A mediados del 2025, el Hospital Regional Coyhaique (HRC) dar\u00e1 la bienvenida a un nuevo grupo de m\u00e9dicos especialistas que se integrar\u00e1n a la instituci\u00f3n para cumplir su Periodo Asistencial Obligatorio (PAO),\u00a0programa ministerial que consiste en la devoluci\u00f3n de la beca de especialidad trabajando en hospitales o consultorios el doble del tiempo que dura su especializaci\u00f3n, en el mismo servicio de salud que entreg\u00f3 la beca o en otro recinto p\u00fablico del pa\u00eds, previa autorizaci\u00f3n de \u00e9ste.<\/p>\n<p style=\"text-align: justify;\">En total, se incorporar\u00e1n 5 profesionales mediante esta modalidad, correspondientes a la especialidades y subespecialidades de Cirug\u00eda de Cabeza, Cuello y Pl\u00e1stica Maxilofacial, Ginecolog\u00eda Oncol\u00f3gica, Coloproctolog\u00eda, Medicina de Urgencias y oftalmolog\u00eda, representando un importante avance en la consolidaci\u00f3n de la resolutividad del Hospital Regional Coyhaique y de la red asistencial de la regi\u00f3n de Ays\u00e9n.<\/p>\n<p style=\"text-align: justify;\">\u201cComo todos los a\u00f1os, estamos inmersos en la llegada de nuevos especialistas que est\u00e1n enviados de acuerdo a las necesidades que tiene cada uno de los servicios de salud y en particular los hospitales de la regi\u00f3n. Como Hospital Regional Coyhaique, estamos a un nivel de subespecialistas, que han sido seleccionados para ir a formarse en especialidades con las que no contamos, carecemos o somos deficitarios\u201d, se\u00f1al\u00f3 el subdirector m\u00e9dico del HRC, Dr. Pedro Pablo Pinto.<\/p>\n<p style=\"text-align: justify;\">El Dr. Pinto destac\u00f3 que si bien este a\u00f1o no es un gran n\u00famero de especialistas el que se integrar\u00e1 al HRC, s\u00ed son profesionales cuyas especialidades est\u00e1n absolutamente en l\u00ednea con las necesidades de la poblaci\u00f3n local, sobre todo considerado el alto n\u00famero de pacientes con c\u00e1ncer en la regi\u00f3n, principal causa de muerte en los habitantes del territorio.<\/p>\n<p style=\"text-align: justify;\">\u201cSon colegas que vienen como devoluci\u00f3n de su formaci\u00f3n, una serie de especialistas muy necesarios para la regi\u00f3n. Todo aquello es un beneficio enorme, pues nos permite dar satisfacci\u00f3n a las distintas demandas en estas especialidades de nuestra poblaci\u00f3n\u201d, precis\u00f3 el subdirector m\u00e9dico del HRC.<\/p>\n<p style=\"text-align: justify;\">Respecto del fortalecimiento de especialidades en la red asistencial aysenina, el Dr. Rodrigo Verdugo, subdirector de Gesti\u00f3n Asistencial del Servicio de Salud Ays\u00e9n, destac\u00f3 que en total ser\u00e1n 15 los profesionales que reforzar\u00e1n las atenciones en los hospitales de Coyhaique y Puerto Ays\u00e9n.<\/p>\n<p style=\"text-align: justify;\">\u201cEn total son 115 m\u00e9dicos especialistas que han llegado a la regi\u00f3n desde el a\u00f1o 2018 en adelante, y esperamos que sigan llegando m\u00e1s. Adem\u00e1s, al menos tenemos asegurado 27 cupos para los pr\u00f3ximos 2 a\u00f1os y esperamos tener nuevos subespecialistas. Esto se suma a las propias contrataciones que hagamos como Servicio de Salud de m\u00e1s especialistas para todos los habitantes de nuestra regi\u00f3n\u201d, indic\u00f3 el Dr. Rodrigo Verdugo.<\/p>\n<p style=\"text-align: justify;\"><strong>ESPECIALIDADES<\/strong><\/p>\n<p style=\"text-align: justify;\">Sin duda, la atenci\u00f3n de Urgencia es una de las m\u00e1s demandadas en el principal centro asistencial de la regi\u00f3n, donde anualmente son atendidas alrededor de 55 mil personas. Es por eso que este a\u00f1o llegar\u00e1 un nuevo m\u00e9dico especialista en medicina de Urgencia, completando as\u00ed una dotaci\u00f3n de 5 especialistas en el \u00e1rea.<\/p>\n<p style=\"text-align: justify;\">A principios del segundo semestre de 2025, se espera la llegada de un coloproct\u00f3logo, especialidad in\u00e9dita en el HRC y que ser\u00e1 muy beneficiosa considerando que puede ser un gran aporte en el apoyo diagn\u00f3stico y terap\u00e9utico para los pacientes con sospecha o confirmaci\u00f3n de c\u00e1ncer colorrectal.<\/p>\n<p style=\"text-align: justify;\">Por otro lado, la ginecolog\u00eda oncol\u00f3gica es una especialidad con la que actualmente el HRC no cuenta y que brindar\u00e1 atenciones a las mujeres diagnosticadas con c\u00e1ncer cervicouterino, garantizando atenciones especializadas y personalizadas que pueden marcar la diferencia en la vida de muchas pacientes, considerando siempre que la detecci\u00f3n temprana y el tratamiento adecuado son determinantes en la evoluci\u00f3n de la enfermedad.<\/p>\n<p style=\"text-align: justify;\">En esta misma l\u00ednea, para el \u00faltimo trimestre de 2025 se integrar\u00e1 un cirujano especialista en Cirug\u00eda de Cabeza, Cuello y Pl\u00e1stica Maxilofacial. Durante d\u00e9cadas, el HRC s\u00f3lo ha contado con un subespecialista en la materia, por lo que la llegada de este profesional permitir\u00e1 conformar un equipo m\u00e1s amplio, mejorando el an\u00e1lisis de casos cl\u00ednicos y la detecci\u00f3n temprana de las patolog\u00edas asociadas a esta especialidad quir\u00fargica.<\/p>\n<p style=\"text-align: justify;\">Tambi\u00e9n a mediados de este a\u00f1o se integrar\u00e1 un nuevo oftalm\u00f3logo, quien ejercer\u00e1 funciones en Coyhaique y Puerto Ays\u00e9n. Actualmente, oftalmolog\u00eda concentra una de las mayores listas de espera en lo que respecta a consultas de especialidad, por lo que la llegada de un nuevo especialista en el \u00e1rea permitir\u00e1 avanzar en la atenci\u00f3n de cientos de pacientes de la regi\u00f3n.<\/p>\n<p style=\"text-align: justify;\">Adem\u00e1s, en febrero de este a\u00f1o se integr\u00f3 al staff del HRC el m\u00e9dico internista Miguel \u00c1ngel Durante, que ejercer\u00e1 funciones en el policl\u00ednico de cardiolog\u00eda, avanzando as\u00ed en la resoluci\u00f3n de la especialidad, equipo que este a\u00f1o debiese ser tambi\u00e9n complementado por un cardi\u00f3logo.<\/p>\n<\/div><\/section><\/div><div  style='height:50px' class='hr hr-invisible   avia-builder-el-6  el_after_av_one_full  el_before_av_social_share '><span class='hr-inner ' ><span class='hr-inner-style'><\/span><\/span><\/div><\/p>\n<div  class='av-social-sharing-box  avia-builder-el-7  el_after_av_hr  el_before_av_hr  '><div class='av-share-box'><h5 class='av-share-link-description av-no-toc '>Compartir esta noticia<\/h5><ul class='av-share-box-list noLightbox'><li class='av-share-link av-social-link-facebook' ><a target=\"_blank\" aria-label=\"Compartir en Facebook\" href='https:\/\/www.facebook.com\/sharer.php?u=https:\/\/radiorevelacionfm.cl\/?p=50730&#038;t=Cinco%20especialistas%20se%20suman%20al%20Hospital%20Regional%20Coyhaique%20este%202025' aria-hidden='false' data-av_icon='\ue8f3' data-av_iconfont='entypo-fontello' title='' data-avia-related-tooltip='Compartir en Facebook' rel=\"noopener\"><span class='avia_hidden_link_text'>Compartir en Facebook<\/span><\/a><\/li><li class='av-share-link av-social-link-twitter' ><a target=\"_blank\" aria-label=\"Compartir en Twitter\" href='https:\/\/twitter.com\/share?text=Cinco%20especialistas%20se%20suman%20al%20Hospital%20Regional%20Coyhaique%20este%202025&#038;url=https:\/\/radiorevelacionfm.cl\/?p=50730' aria-hidden='false' data-av_icon='\ue8f1' data-av_iconfont='entypo-fontello' title='' data-avia-related-tooltip='Compartir en Twitter' rel=\"noopener\"><span class='avia_hidden_link_text'>Compartir en Twitter<\/span><\/a><\/li><li class='av-share-link av-social-link-whatsapp' ><a target=\"_blank\" aria-label=\"Compartir en Whatsapp\" href='https:\/\/api.whatsapp.com\/send?text=https:\/\/radiorevelacionfm.cl\/?p=50730' aria-hidden='false' data-av_icon='\uf232' data-av_iconfont='entypo-fontello' title='' data-avia-related-tooltip='Compartir en Whatsapp' rel=\"noopener\"><span class='avia_hidden_link_text'>Compartir en Whatsapp<\/span><\/a><\/li><li class='av-share-link av-social-link-linkedin' ><a target=\"_blank\" aria-label=\"Compartir en LinkedIn\" href='https:\/\/linkedin.com\/shareArticle?mini=true&#038;title=Cinco%20especialistas%20se%20suman%20al%20Hospital%20Regional%20Coyhaique%20este%202025&#038;url=https:\/\/radiorevelacionfm.cl\/?p=50730' aria-hidden='false' data-av_icon='\ue8fc' data-av_iconfont='entypo-fontello' title='' data-avia-related-tooltip='Compartir en LinkedIn' rel=\"noopener\"><span class='avia_hidden_link_text'>Compartir en LinkedIn<\/span><\/a><\/li><li class='av-share-link av-social-link-mail' ><a  aria-label=\"Compartir por correo\" href='mailto:?subject=Cinco%20especialistas%20se%20suman%20al%20Hospital%20Regional%20Coyhaique%20este%202025&#038;body=https:\/\/radiorevelacionfm.cl\/?p=50730' aria-hidden='false' data-av_icon='\ue805' data-av_iconfont='entypo-fontello' title='' data-avia-related-tooltip='Compartir por correo'><span class='avia_hidden_link_text'>Compartir por correo<\/span><\/a><\/li><\/ul><\/div><\/div>\n<div  style='height:50px' class='hr hr-invisible   avia-builder-el-8  el_after_av_social_share  el_before_av_comments_list '><span class='hr-inner ' ><span class='hr-inner-style'><\/span><\/span><\/div>\n<div  class='av-buildercomment  av-blog-meta-html-info-disabled av-blog-meta-tag-disabled  '><\/div>\n","protected":false},"excerpt":{"rendered":"","protected":false},"author":1,"featured_media":50731,"comment_status":"open","ping_status":"open","sticky":false,"template":"","format":"standard","meta":{"footnotes":""},"categories":[46],"tags":[],"class_list":["post-50730","post","type-post","status-publish","format-standard","has-post-thumbnail","hentry","category-salud"],"jetpack_featured_media_url":"https:\/\/radiorevelacionfm.cl\/wp-content\/uploads\/2025\/02\/especialistas-2025-2-1_optimized.jpg","_links":{"self":[{"href":"https:\/\/radiorevelacionfm.cl\/index.php?rest_route=\/wp\/v2\/posts\/50730","targetHints":{"allow":["GET"]}}],"collection":[{"href":"https:\/\/radiorevelacionfm.cl\/index.php?rest_route=\/wp\/v2\/posts"}],"about":[{"href":"https:\/\/radiorevelacionfm.cl\/index.php?rest_route=\/wp\/v2\/types\/post"}],"author":[{"embeddable":true,"href":"https:\/\/radiorevelacionfm.cl\/index.php?rest_route=\/wp\/v2\/users\/1"}],"replies":[{"embeddable":true,"href":"https:\/\/radiorevelacionfm.cl\/index.php?rest_route=%2Fwp%2Fv2%2Fcomments&post=50730"}],"version-history":[{"count":1,"href":"https:\/\/radiorevelacionfm.cl\/index.php?rest_route=\/wp\/v2\/posts\/50730\/revisions"}],"predecessor-version":[{"id":50732,"href":"https:\/\/radiorevelacionfm.cl\/index.php?rest_route=\/wp\/v2\/posts\/50730\/revisions\/50732"}],"wp:featuredmedia":[{"embeddable":true,"href":"https:\/\/radiorevelacionfm.cl\/index.php?rest_route=\/wp\/v2\/media\/50731"}],"wp:attachment":[{"href":"https:\/\/radiorevelacionfm.cl\/index.php?rest_route=%2Fwp%2Fv2%2Fmedia&parent=50730"}],"wp:term":[{"taxonomy":"category","embeddable":true,"href":"https:\/\/radiorevelacionfm.cl\/index.php?rest_route=%2Fwp%2Fv2%2Fcategories&post=50730"},{"taxonomy":"post_tag","embeddable":true,"href":"https:\/\/radiorevelacionfm.cl\/index.php?rest_route=%2Fwp%2Fv2%2Ftags&post=50730"}],"curies":[{"name":"wp","href":"https:\/\/api.w.org\/{rel}","templated":true}]}}