{"id":50723,"date":"2025-02-19T16:42:43","date_gmt":"2025-02-19T19:42:43","guid":{"rendered":"https:\/\/radiorevelacionfm.cl\/?p=50723"},"modified":"2025-02-19T16:42:43","modified_gmt":"2025-02-19T19:42:43","slug":"puerto-aysen-tiene-nuevo-punto-verde-contenedores-estaran-instalados-en-sede-de-la-junta-de-vecinos-villa-calafate-patagon","status":"publish","type":"post","link":"https:\/\/radiorevelacionfm.cl\/?p=50723","title":{"rendered":"Puerto Ays\u00e9n tiene nuevo punto verde: Contenedores estar\u00e1n instalados en sede de la Junta de Vecinos Villa Calafate Patag\u00f3n"},"content":{"rendered":"<div class=\"flex_column av_one_full  flex_column_div av-zero-column-padding first  avia-builder-el-0  el_before_av_one_full  avia-builder-el-first  \" style='border-radius:0px; '><div  class='avia-image-container  av-styling-    avia-builder-el-1  avia-builder-el-no-sibling  avia-align-center '  itemprop=\"image\" itemscope=\"itemscope\" itemtype=\"https:\/\/schema.org\/ImageObject\"  ><div class='avia-image-container-inner'><div class='avia-image-overlay-wrap'><img decoding=\"async\" class='wp-image-50724 avia-img-lazy-loading-not-50724 avia_image' src=\"https:\/\/radiorevelacionfm.cl\/wp-content\/uploads\/2025\/02\/entrega-de-punto-verde-a-villa-calafate-patagon-2-1_optimized-1.jpg\" alt='' title='entrega-de-punto-verde-a-villa-calafate-patag\u00f3n-(2)-(1)_optimized (1)' height=\"600\" width=\"800\"  itemprop=\"thumbnailUrl\" srcset=\"https:\/\/radiorevelacionfm.cl\/wp-content\/uploads\/2025\/02\/entrega-de-punto-verde-a-villa-calafate-patagon-2-1_optimized-1.jpg 800w, https:\/\/radiorevelacionfm.cl\/wp-content\/uploads\/2025\/02\/entrega-de-punto-verde-a-villa-calafate-patagon-2-1_optimized-1-300x225.jpg 300w, https:\/\/radiorevelacionfm.cl\/wp-content\/uploads\/2025\/02\/entrega-de-punto-verde-a-villa-calafate-patagon-2-1_optimized-1-768x576.jpg 768w, https:\/\/radiorevelacionfm.cl\/wp-content\/uploads\/2025\/02\/entrega-de-punto-verde-a-villa-calafate-patagon-2-1_optimized-1-705x529.jpg 705w, https:\/\/radiorevelacionfm.cl\/wp-content\/uploads\/2025\/02\/entrega-de-punto-verde-a-villa-calafate-patagon-2-1_optimized-1-450x338.jpg 450w, https:\/\/radiorevelacionfm.cl\/wp-content\/uploads\/2025\/02\/entrega-de-punto-verde-a-villa-calafate-patagon-2-1_optimized-1-600x450.jpg 600w\" sizes=\"(max-width: 800px) 100vw, 800px\" \/><\/div><\/div><\/div><\/div>\n<div class=\"flex_column av_one_full  flex_column_div av-zero-column-padding first  avia-builder-el-2  el_after_av_one_full  el_before_av_one_full  column-top-margin\" style='border-radius:0px; '><section class=\"av_textblock_section \"  itemscope=\"itemscope\" itemtype=\"https:\/\/schema.org\/BlogPosting\" itemprop=\"blogPost\" ><div class='avia_textblock  '   itemprop=\"text\" ><p style=\"text-align: center;\"><strong><span style=\"font-size: 18pt;\">Puerto Ays\u00e9n tiene nuevo punto verde: Contenedores estar\u00e1n instalados en sede de la Junta de Vecinos Villa Calafate Patag\u00f3n<\/span><\/strong><\/p>\n<div id=\"gtx-trans\" style=\"position: absolute; left: -50px; top: 4.31534px;\">\n<div class=\"gtx-trans-icon\"><\/div>\n<\/div>\n<\/div><\/section><\/div>\n<div class=\"flex_column av_one_full  flex_column_div av-zero-column-padding first  avia-builder-el-4  el_after_av_one_full  el_before_av_hr  column-top-margin\" style='border-radius:0px; '><section class=\"av_textblock_section \"  itemscope=\"itemscope\" itemtype=\"https:\/\/schema.org\/BlogPosting\" itemprop=\"blogPost\" ><div class='avia_textblock  '   itemprop=\"text\" ><p style=\"text-align: justify;\">La ciudad de Puerto Ays\u00e9n tiene un nuevo punto verde gracias a Empresas Bahamonde. Los contenedores, destinados para pl\u00e1sticos PET, cart\u00f3n, latas y vidrio, fueron entregados el mi\u00e9rcoles 12 de febrero a la Junta de Vecinos Villa Calafate Patag\u00f3n, ubicado en calle Fidelia Haro con Luis Mar\u00edn Carrasco.<\/p>\n<p style=\"text-align: justify;\">Este espacio, donde los vecinos podr\u00e1n ir a dejar sus productos para reciclar, se suma al que ya se instal\u00f3 en la sede de la JJ.VV N\u00b01 Pen\u00ednsula.<\/p>\n<p style=\"text-align: justify;\">Adem\u00e1s de los contenedores, en la instancia se hizo entrega de humus, fertilizante org\u00e1nico que es conocido por ser un mejorador de suelos 100% natural, ya que posee m\u00faltiples beneficios. Aporta nutrientes esenciales para el crecimiento de las plantas, favorece la germinaci\u00f3n de semillas y el desarrollo de las ra\u00edces.<\/p>\n<p style=\"text-align: justify;\">El gerente general de la destacada empresa aysenina, don Alejandro Bahamonde, manifest\u00f3 sentirse muy contento por la inauguraci\u00f3n de este nuevo punto verde en Puerto Ays\u00e9n, detallando que las gestiones para su entrega comenzaron en diciembre del a\u00f1o pasado.<\/p>\n<p style=\"text-align: justify;\">\u201cLe planteamos el proyecto a los vecinos de este sector y quedaron muy fascinados. Ahora le hicimos entrega de los contenedores y algunos vecinos ya trajeron productos para ser reciclados\u201d, sostuvo.<\/p>\n<p style=\"text-align: justify;\">Desde la comunidad, la presidenta de la Junta de Vecinos Villa Calafate Patag\u00f3n, Gloria Mario, expres\u00f3 que se trata de una buena iniciativa. \u201cLa idea es que los vecinos aprendan a reciclar y as\u00ed cooperar con el medio ambiente\u201d, dijo.<\/p>\n<p style=\"text-align: justify;\">Incluso, remarc\u00f3 que servir\u00e1 para que los ni\u00f1os y ni\u00f1as vayan aprendiendo lo que es el reciclaje de residuos. \u201cEs muy bueno que los ni\u00f1os aprendan desde chiquititos a reciclar, les entrega mayores valores y a cuidar su entorno\u201d, afirm\u00f3.<\/p>\n<p style=\"text-align: justify;\">\u00bfC\u00f3mo se van a organizar los vecinos para utilizar este punto verde? Seg\u00fan lo explicado por la dirigente vecinal, la informaci\u00f3n se compartir\u00e1 a trav\u00e9s de un grupo de WhatsApp que tienen a disposici\u00f3n. Adem\u00e1s, detall\u00f3 que \u201cse van a destinar dos d\u00edas a la semana, antes de que pase el cami\u00f3n recolector, para que ellos vengan a dejar su reciclado\u201d.<\/p>\n<\/div><\/section><\/div><div  style='height:50px' class='hr hr-invisible   avia-builder-el-6  el_after_av_one_full  el_before_av_social_share '><span class='hr-inner ' ><span class='hr-inner-style'><\/span><\/span><\/div><\/p>\n<div  class='av-social-sharing-box  avia-builder-el-7  el_after_av_hr  el_before_av_hr  '><div class='av-share-box'><h5 class='av-share-link-description av-no-toc '>Compartir esta noticia<\/h5><ul class='av-share-box-list noLightbox'><li class='av-share-link av-social-link-facebook' ><a target=\"_blank\" aria-label=\"Compartir en Facebook\" href='https:\/\/www.facebook.com\/sharer.php?u=https:\/\/radiorevelacionfm.cl\/?p=50723&#038;t=Puerto%20Ays%C3%A9n%20tiene%20nuevo%20punto%20verde%3A%20Contenedores%20estar%C3%A1n%20instalados%20en%20sede%20de%20la%20Junta%20de%20Vecinos%20Villa%20Calafate%20Patag%C3%B3n' aria-hidden='false' data-av_icon='\ue8f3' data-av_iconfont='entypo-fontello' title='' data-avia-related-tooltip='Compartir en Facebook' rel=\"noopener\"><span class='avia_hidden_link_text'>Compartir en Facebook<\/span><\/a><\/li><li class='av-share-link av-social-link-twitter' ><a target=\"_blank\" aria-label=\"Compartir en Twitter\" href='https:\/\/twitter.com\/share?text=Puerto%20Ays%C3%A9n%20tiene%20nuevo%20punto%20verde%3A%20Contenedores%20estar%C3%A1n%20instalados%20en%20sede%20de%20la%20Junta%20de%20Vecinos%20Villa%20Calafate%20Patag%C3%B3n&#038;url=https:\/\/radiorevelacionfm.cl\/?p=50723' aria-hidden='false' data-av_icon='\ue8f1' data-av_iconfont='entypo-fontello' title='' data-avia-related-tooltip='Compartir en Twitter' rel=\"noopener\"><span class='avia_hidden_link_text'>Compartir en Twitter<\/span><\/a><\/li><li class='av-share-link av-social-link-whatsapp' ><a target=\"_blank\" aria-label=\"Compartir en Whatsapp\" href='https:\/\/api.whatsapp.com\/send?text=https:\/\/radiorevelacionfm.cl\/?p=50723' aria-hidden='false' data-av_icon='\uf232' data-av_iconfont='entypo-fontello' title='' data-avia-related-tooltip='Compartir en Whatsapp' rel=\"noopener\"><span class='avia_hidden_link_text'>Compartir en Whatsapp<\/span><\/a><\/li><li class='av-share-link av-social-link-linkedin' ><a target=\"_blank\" aria-label=\"Compartir en LinkedIn\" href='https:\/\/linkedin.com\/shareArticle?mini=true&#038;title=Puerto%20Ays%C3%A9n%20tiene%20nuevo%20punto%20verde%3A%20Contenedores%20estar%C3%A1n%20instalados%20en%20sede%20de%20la%20Junta%20de%20Vecinos%20Villa%20Calafate%20Patag%C3%B3n&#038;url=https:\/\/radiorevelacionfm.cl\/?p=50723' aria-hidden='false' data-av_icon='\ue8fc' data-av_iconfont='entypo-fontello' title='' data-avia-related-tooltip='Compartir en LinkedIn' rel=\"noopener\"><span class='avia_hidden_link_text'>Compartir en LinkedIn<\/span><\/a><\/li><li class='av-share-link av-social-link-mail' ><a  aria-label=\"Compartir por correo\" href='mailto:?subject=Puerto%20Ays%C3%A9n%20tiene%20nuevo%20punto%20verde%3A%20Contenedores%20estar%C3%A1n%20instalados%20en%20sede%20de%20la%20Junta%20de%20Vecinos%20Villa%20Calafate%20Patag%C3%B3n&#038;body=https:\/\/radiorevelacionfm.cl\/?p=50723' aria-hidden='false' data-av_icon='\ue805' data-av_iconfont='entypo-fontello' title='' data-avia-related-tooltip='Compartir por correo'><span class='avia_hidden_link_text'>Compartir por correo<\/span><\/a><\/li><\/ul><\/div><\/div>\n<div  style='height:50px' class='hr hr-invisible   avia-builder-el-8  el_after_av_social_share  el_before_av_comments_list '><span class='hr-inner ' ><span class='hr-inner-style'><\/span><\/span><\/div>\n<div  class='av-buildercomment  av-blog-meta-html-info-disabled av-blog-meta-tag-disabled  '><\/div>\n","protected":false},"excerpt":{"rendered":"","protected":false},"author":1,"featured_media":50724,"comment_status":"open","ping_status":"open","sticky":false,"template":"","format":"standard","meta":{"footnotes":""},"categories":[38],"tags":[],"class_list":["post-50723","post","type-post","status-publish","format-standard","has-post-thumbnail","hentry","category-regional"],"jetpack_featured_media_url":"https:\/\/radiorevelacionfm.cl\/wp-content\/uploads\/2025\/02\/entrega-de-punto-verde-a-villa-calafate-patagon-2-1_optimized-1.jpg","_links":{"self":[{"href":"https:\/\/radiorevelacionfm.cl\/index.php?rest_route=\/wp\/v2\/posts\/50723","targetHints":{"allow":["GET"]}}],"collection":[{"href":"https:\/\/radiorevelacionfm.cl\/index.php?rest_route=\/wp\/v2\/posts"}],"about":[{"href":"https:\/\/radiorevelacionfm.cl\/index.php?rest_route=\/wp\/v2\/types\/post"}],"author":[{"embeddable":true,"href":"https:\/\/radiorevelacionfm.cl\/index.php?rest_route=\/wp\/v2\/users\/1"}],"replies":[{"embeddable":true,"href":"https:\/\/radiorevelacionfm.cl\/index.php?rest_route=%2Fwp%2Fv2%2Fcomments&post=50723"}],"version-history":[{"count":2,"href":"https:\/\/radiorevelacionfm.cl\/index.php?rest_route=\/wp\/v2\/posts\/50723\/revisions"}],"predecessor-version":[{"id":50729,"href":"https:\/\/radiorevelacionfm.cl\/index.php?rest_route=\/wp\/v2\/posts\/50723\/revisions\/50729"}],"wp:featuredmedia":[{"embeddable":true,"href":"https:\/\/radiorevelacionfm.cl\/index.php?rest_route=\/wp\/v2\/media\/50724"}],"wp:attachment":[{"href":"https:\/\/radiorevelacionfm.cl\/index.php?rest_route=%2Fwp%2Fv2%2Fmedia&parent=50723"}],"wp:term":[{"taxonomy":"category","embeddable":true,"href":"https:\/\/radiorevelacionfm.cl\/index.php?rest_route=%2Fwp%2Fv2%2Fcategories&post=50723"},{"taxonomy":"post_tag","embeddable":true,"href":"https:\/\/radiorevelacionfm.cl\/index.php?rest_route=%2Fwp%2Fv2%2Ftags&post=50723"}],"curies":[{"name":"wp","href":"https:\/\/api.w.org\/{rel}","templated":true}]}}