{"id":50720,"date":"2025-02-19T16:00:00","date_gmt":"2025-02-19T19:00:00","guid":{"rendered":"https:\/\/radiorevelacionfm.cl\/?p=50720"},"modified":"2025-02-19T16:00:00","modified_gmt":"2025-02-19T19:00:00","slug":"salud-reitera-importancia-del-autocuidado-frente-a-enfermedades-gastrointestinales","status":"publish","type":"post","link":"https:\/\/radiorevelacionfm.cl\/?p=50720","title":{"rendered":"Salud reitera importancia del autocuidado frente a enfermedades gastrointestinales"},"content":{"rendered":"<div class=\"flex_column av_one_full  flex_column_div av-zero-column-padding first  avia-builder-el-0  el_before_av_one_full  avia-builder-el-first  \" style='border-radius:0px; '><div  class='avia-image-container  av-styling-    avia-builder-el-1  avia-builder-el-no-sibling  avia-align-center '  itemprop=\"image\" itemscope=\"itemscope\" itemtype=\"https:\/\/schema.org\/ImageObject\"  ><div class='avia-image-container-inner'><div class='avia-image-overlay-wrap'><img decoding=\"async\" class='wp-image-50721 avia-img-lazy-loading-not-50721 avia_image' src=\"https:\/\/radiorevelacionfm.cl\/wp-content\/uploads\/2025\/02\/lavado-manos-1-1.jpeg\" alt='' title='lavado manos (1) (1)' height=\"600\" width=\"800\"  itemprop=\"thumbnailUrl\" srcset=\"https:\/\/radiorevelacionfm.cl\/wp-content\/uploads\/2025\/02\/lavado-manos-1-1.jpeg 800w, https:\/\/radiorevelacionfm.cl\/wp-content\/uploads\/2025\/02\/lavado-manos-1-1-300x225.jpeg 300w, https:\/\/radiorevelacionfm.cl\/wp-content\/uploads\/2025\/02\/lavado-manos-1-1-768x576.jpeg 768w, https:\/\/radiorevelacionfm.cl\/wp-content\/uploads\/2025\/02\/lavado-manos-1-1-705x529.jpeg 705w, https:\/\/radiorevelacionfm.cl\/wp-content\/uploads\/2025\/02\/lavado-manos-1-1-450x338.jpeg 450w, https:\/\/radiorevelacionfm.cl\/wp-content\/uploads\/2025\/02\/lavado-manos-1-1-600x450.jpeg 600w\" sizes=\"(max-width: 800px) 100vw, 800px\" \/><\/div><\/div><\/div><\/div><div class=\"flex_column av_one_full  flex_column_div av-zero-column-padding first  avia-builder-el-2  el_after_av_one_full  el_before_av_one_full  column-top-margin\" style='border-radius:0px; '><section class=\"av_textblock_section \"  itemscope=\"itemscope\" itemtype=\"https:\/\/schema.org\/BlogPosting\" itemprop=\"blogPost\" ><div class='avia_textblock  '   itemprop=\"text\" ><p style=\"text-align: center;\"><span style=\"font-size: 18pt;\"><strong>Salud reitera importancia del autocuidado frente a enfermedades gastrointestinales \u00a0<\/strong><\/span><\/p>\n<div id=\"gtx-trans\" style=\"position: absolute; left: -50px; top: 4.31534px;\">\n<div class=\"gtx-trans-icon\"><\/div>\n<\/div>\n<\/div><\/section><\/div><div class=\"flex_column av_one_full  flex_column_div av-zero-column-padding first  avia-builder-el-4  el_after_av_one_full  el_before_av_hr  column-top-margin\" style='border-radius:0px; '><section class=\"av_textblock_section \"  itemscope=\"itemscope\" itemtype=\"https:\/\/schema.org\/BlogPosting\" itemprop=\"blogPost\" ><div class='avia_textblock  '   itemprop=\"text\" ><p style=\"text-align: justify;\"><em>Consultas m\u00e9dicas por casos asociados a enfermedades ent\u00e9ricas registran un promedio diario de 20 atenciones por semana en el Hospital Regional Coyhaique.<\/em><\/p>\n<p style=\"text-align: justify;\">Tal como en la \u00e9poca invernal se observa que las enfermedades respiratorias aumentan entre la poblaci\u00f3n; durante el verano, las consultas por cuadros gastrointestinales en los centros de salud tambi\u00e9n se presentan con mayor frecuencia, afectando principalmente a ni\u00f1os, embarazadas y adultos mayores, por lo que desde el sector salud se hace un refuerzo en que la comunidad adopte medidas preventivas b\u00e1sicas como la higiene de manos en la manipulaci\u00f3n y consumo de alimentos.<\/p>\n<p style=\"text-align: justify;\">As\u00ed lo expuso el Epidemi\u00f3logo de la Seremi de Salud Ays\u00e9n, Marco Acu\u00f1a Briones, quien adem\u00e1s argument\u00f3 que en los \u00faltimos d\u00edas se registraron incluso casos de menores afectados por infecciones intestinales. \u201cNos ha llamado mucho la atenci\u00f3n que en los \u00faltimos d\u00edas, desde el Hospital Regional Coyhaique, se ha identificado en ni\u00f1os de 04 y 07 a\u00f1os la presencia de Escherichia coli enterohemorr\u00e1gica en las deposiciones, lo cual da cuenta que no hay un adecuado lavado de manos o una adecuada manipulaci\u00f3n de alimentos, entonces como a\u00fan estamos en temporada de verano donde tenemos temperaturas altas y estamos saliendo fuera de la casa hacia lugares campestres consumiendo alimentos, muchas veces el lavado de manos se descuida u otras veces no hay una adecuada limpieza en las personas que realizan la preparaci\u00f3n de alimentos, es por eso que queremos hacer un llamado a la comunidad para que recuerden la importancia del lavado frecuente de manos, y que la preparaci\u00f3n de alimentos crudos y cocidos se deben preparar y manipular en ollas y tablas distintas\u201d, puntualiz\u00f3.<\/p>\n<p style=\"text-align: justify;\">Las enfermedades ent\u00e9ricas son causadas por microorganismos como virus, bacterias y par\u00e1sitos que causan enfermedades intestinales. Estas enfermedades suelen ser consecuencia del consumo de alimentos o agua contaminados, y algunas pueden transmitirse de persona a persona, donde las infecciones por la bacteria Escherichia coli pueden provocar diarrea grave, incluso con sangre. Ante molestias gastrointestinales se sugiere consultar en el centro de salud m\u00e1s cercano, en especial en los grupos vulnerables: ni\u00f1os\/as menores de 5 a\u00f1os, adultos mayores y embarazadas.<\/p>\n<p style=\"text-align: justify;\">Entre las recomendaciones para evitar enfermedades gastrointestinales se encuentran:<\/p>\n<ul style=\"text-align: justify;\">\n<li>Consumir alimentos en locales establecidos que cuenten con autorizaci\u00f3n sanitaria para la manipulaci\u00f3n y venta de productos.<\/li>\n<li>Lavar siempre las manos con agua corriente y jab\u00f3n al manipular alimentos.<\/li>\n<li>Evitar contaminaci\u00f3n cruzada de alimentos (al cocinar, utilizar utensilios distintos para carnes, ensaladas, pescados, etc. evitando almacenar juntos los productos cocidos y crudos, mantener cadena de fr\u00edo de alimentos perecibles).<\/li>\n<\/ul>\n<p style=\"text-align: justify;\">Siempre es mejor prevenir que enfermar en un periodo estival en donde es importante disfrutar de la familia y la vida al aire libre.<\/p>\n<\/div><\/section><\/div><div  style='height:50px' class='hr hr-invisible   avia-builder-el-6  el_after_av_one_full  el_before_av_social_share '><span class='hr-inner ' ><span class='hr-inner-style'><\/span><\/span><\/div><\/p>\n<div  class='av-social-sharing-box  avia-builder-el-7  el_after_av_hr  el_before_av_hr  '><div class='av-share-box'><h5 class='av-share-link-description av-no-toc '>Compartir esta noticia<\/h5><ul class='av-share-box-list noLightbox'><li class='av-share-link av-social-link-facebook' ><a target=\"_blank\" aria-label=\"Compartir en Facebook\" href='https:\/\/www.facebook.com\/sharer.php?u=https:\/\/radiorevelacionfm.cl\/?p=50720&#038;t=Salud%20reitera%20importancia%20del%20autocuidado%20frente%20a%20enfermedades%20gastrointestinales' aria-hidden='false' data-av_icon='\ue8f3' data-av_iconfont='entypo-fontello' title='' data-avia-related-tooltip='Compartir en Facebook' rel=\"noopener\"><span class='avia_hidden_link_text'>Compartir en Facebook<\/span><\/a><\/li><li class='av-share-link av-social-link-twitter' ><a target=\"_blank\" aria-label=\"Compartir en Twitter\" href='https:\/\/twitter.com\/share?text=Salud%20reitera%20importancia%20del%20autocuidado%20frente%20a%20enfermedades%20gastrointestinales&#038;url=https:\/\/radiorevelacionfm.cl\/?p=50720' aria-hidden='false' data-av_icon='\ue8f1' data-av_iconfont='entypo-fontello' title='' data-avia-related-tooltip='Compartir en Twitter' rel=\"noopener\"><span class='avia_hidden_link_text'>Compartir en Twitter<\/span><\/a><\/li><li class='av-share-link av-social-link-whatsapp' ><a target=\"_blank\" aria-label=\"Compartir en Whatsapp\" href='https:\/\/api.whatsapp.com\/send?text=https:\/\/radiorevelacionfm.cl\/?p=50720' aria-hidden='false' data-av_icon='\uf232' data-av_iconfont='entypo-fontello' title='' data-avia-related-tooltip='Compartir en Whatsapp' rel=\"noopener\"><span class='avia_hidden_link_text'>Compartir en Whatsapp<\/span><\/a><\/li><li class='av-share-link av-social-link-linkedin' ><a target=\"_blank\" aria-label=\"Compartir en LinkedIn\" href='https:\/\/linkedin.com\/shareArticle?mini=true&#038;title=Salud%20reitera%20importancia%20del%20autocuidado%20frente%20a%20enfermedades%20gastrointestinales&#038;url=https:\/\/radiorevelacionfm.cl\/?p=50720' aria-hidden='false' data-av_icon='\ue8fc' data-av_iconfont='entypo-fontello' title='' data-avia-related-tooltip='Compartir en LinkedIn' rel=\"noopener\"><span class='avia_hidden_link_text'>Compartir en LinkedIn<\/span><\/a><\/li><li class='av-share-link av-social-link-mail' ><a  aria-label=\"Compartir por correo\" href='mailto:?subject=Salud%20reitera%20importancia%20del%20autocuidado%20frente%20a%20enfermedades%20gastrointestinales&#038;body=https:\/\/radiorevelacionfm.cl\/?p=50720' aria-hidden='false' data-av_icon='\ue805' data-av_iconfont='entypo-fontello' title='' data-avia-related-tooltip='Compartir por correo'><span class='avia_hidden_link_text'>Compartir por correo<\/span><\/a><\/li><\/ul><\/div><\/div>\n<div  style='height:50px' class='hr hr-invisible   avia-builder-el-8  el_after_av_social_share  el_before_av_comments_list '><span class='hr-inner ' ><span class='hr-inner-style'><\/span><\/span><\/div>\n<div  class='av-buildercomment  av-blog-meta-html-info-disabled av-blog-meta-tag-disabled  '><\/div>\n","protected":false},"excerpt":{"rendered":"","protected":false},"author":1,"featured_media":50721,"comment_status":"open","ping_status":"open","sticky":false,"template":"","format":"standard","meta":{"footnotes":""},"categories":[46],"tags":[],"class_list":["post-50720","post","type-post","status-publish","format-standard","has-post-thumbnail","hentry","category-salud"],"jetpack_featured_media_url":"https:\/\/radiorevelacionfm.cl\/wp-content\/uploads\/2025\/02\/lavado-manos-1-1.jpeg","_links":{"self":[{"href":"https:\/\/radiorevelacionfm.cl\/index.php?rest_route=\/wp\/v2\/posts\/50720","targetHints":{"allow":["GET"]}}],"collection":[{"href":"https:\/\/radiorevelacionfm.cl\/index.php?rest_route=\/wp\/v2\/posts"}],"about":[{"href":"https:\/\/radiorevelacionfm.cl\/index.php?rest_route=\/wp\/v2\/types\/post"}],"author":[{"embeddable":true,"href":"https:\/\/radiorevelacionfm.cl\/index.php?rest_route=\/wp\/v2\/users\/1"}],"replies":[{"embeddable":true,"href":"https:\/\/radiorevelacionfm.cl\/index.php?rest_route=%2Fwp%2Fv2%2Fcomments&post=50720"}],"version-history":[{"count":1,"href":"https:\/\/radiorevelacionfm.cl\/index.php?rest_route=\/wp\/v2\/posts\/50720\/revisions"}],"predecessor-version":[{"id":50722,"href":"https:\/\/radiorevelacionfm.cl\/index.php?rest_route=\/wp\/v2\/posts\/50720\/revisions\/50722"}],"wp:featuredmedia":[{"embeddable":true,"href":"https:\/\/radiorevelacionfm.cl\/index.php?rest_route=\/wp\/v2\/media\/50721"}],"wp:attachment":[{"href":"https:\/\/radiorevelacionfm.cl\/index.php?rest_route=%2Fwp%2Fv2%2Fmedia&parent=50720"}],"wp:term":[{"taxonomy":"category","embeddable":true,"href":"https:\/\/radiorevelacionfm.cl\/index.php?rest_route=%2Fwp%2Fv2%2Fcategories&post=50720"},{"taxonomy":"post_tag","embeddable":true,"href":"https:\/\/radiorevelacionfm.cl\/index.php?rest_route=%2Fwp%2Fv2%2Ftags&post=50720"}],"curies":[{"name":"wp","href":"https:\/\/api.w.org\/{rel}","templated":true}]}}