{"id":50718,"date":"2025-02-19T18:41:55","date_gmt":"2025-02-19T21:41:55","guid":{"rendered":"https:\/\/radiorevelacionfm.cl\/?p=50718"},"modified":"2025-02-19T18:56:02","modified_gmt":"2025-02-19T21:56:02","slug":"corte-de-apelaciones-de-coyhaique-confirma-condena-por-abuso-sexual-en-puerto-aysen","status":"publish","type":"post","link":"https:\/\/radiorevelacionfm.cl\/?p=50718","title":{"rendered":"Corte de Apelaciones confirma condena por abuso sexual en Puerto Ays\u00e9n"},"content":{"rendered":"<div class=\"flex_column av_one_full  flex_column_div av-zero-column-padding first  avia-builder-el-0  el_before_av_one_full  avia-builder-el-first  \" style='border-radius:0px; '><div  class='avia-image-container  av-styling-    avia-builder-el-1  avia-builder-el-no-sibling  avia-align-center '  itemprop=\"image\" itemscope=\"itemscope\" itemtype=\"https:\/\/schema.org\/ImageObject\"  ><div class='avia-image-container-inner'><div class='avia-image-overlay-wrap'><img decoding=\"async\" class='wp-image-44831 avia-img-lazy-loading-not-44831 avia_image' src=\"https:\/\/radiorevelacionfm.cl\/wp-content\/uploads\/2024\/08\/foto-02-corte-de-apelaciones-1-1_optimized-1.jpg\" alt='' title='foto-02-corte-de-apelaciones-(1)-(1)_optimized (1)' height=\"600\" width=\"934\"  itemprop=\"thumbnailUrl\" srcset=\"https:\/\/radiorevelacionfm.cl\/wp-content\/uploads\/2024\/08\/foto-02-corte-de-apelaciones-1-1_optimized-1.jpg 934w, https:\/\/radiorevelacionfm.cl\/wp-content\/uploads\/2024\/08\/foto-02-corte-de-apelaciones-1-1_optimized-1-300x193.jpg 300w, https:\/\/radiorevelacionfm.cl\/wp-content\/uploads\/2024\/08\/foto-02-corte-de-apelaciones-1-1_optimized-1-768x493.jpg 768w, https:\/\/radiorevelacionfm.cl\/wp-content\/uploads\/2024\/08\/foto-02-corte-de-apelaciones-1-1_optimized-1-705x453.jpg 705w, https:\/\/radiorevelacionfm.cl\/wp-content\/uploads\/2024\/08\/foto-02-corte-de-apelaciones-1-1_optimized-1-450x289.jpg 450w, https:\/\/radiorevelacionfm.cl\/wp-content\/uploads\/2024\/08\/foto-02-corte-de-apelaciones-1-1_optimized-1-600x385.jpg 600w\" sizes=\"(max-width: 934px) 100vw, 934px\" \/><\/div><\/div><\/div><\/div>\n<div class=\"flex_column av_one_full  flex_column_div av-zero-column-padding first  avia-builder-el-2  el_after_av_one_full  el_before_av_one_full  column-top-margin\" style='border-radius:0px; '><section class=\"av_textblock_section \"  itemscope=\"itemscope\" itemtype=\"https:\/\/schema.org\/BlogPosting\" itemprop=\"blogPost\" ><div class='avia_textblock  '   itemprop=\"text\" ><p style=\"text-align: center;\"><span style=\"font-size: 18pt;\"><b>Corte de Apelaciones confirma condena por abuso sexual en Puerto Ays\u00e9n<\/b><\/span><\/p>\n<div id=\"gtx-trans\" style=\"position: absolute; left: -50px; top: 4.31534px;\">\n<div class=\"gtx-trans-icon\"><\/div>\n<\/div>\n<\/div><\/section><\/div><div class=\"flex_column av_one_full  flex_column_div av-zero-column-padding first  avia-builder-el-4  el_after_av_one_full  el_before_av_hr  column-top-margin\" style='border-radius:0px; '><section class=\"av_textblock_section \"  itemscope=\"itemscope\" itemtype=\"https:\/\/schema.org\/BlogPosting\" itemprop=\"blogPost\" ><div class='avia_textblock  '   itemprop=\"text\" ><p class=\"v1MsoNormal\" style=\"text-align: justify;\">La Corte de Apelaciones de Coyhaique rechaz\u00f3 el recurso de nulidad deducido por la defensa, en contra de la sentencia que conden\u00f3 a\u00a0R.M.M.V. a la pena de 4 a\u00f1os de presidio, en calidad de autor del delito de abuso sexual de mayor de 14 a\u00f1os. Il\u00edcito perpetrado en noviembre de 2022, en la comuna de Puerto Ays\u00e9n.<\/p>\n<p class=\"v1MsoNormal\" style=\"text-align: justify;\">En fallo un\u00e1nime, la Primera Sala del tribunal de alzada \u2013integrada por los ministros Jos\u00e9 Ignacio Mora, Natalia Rencoret y el abogado (i) Selim Carrasco\u2013 descart\u00f3 infracci\u00f3n de ley en la sentencia impugnada, dictada por el Tribunal de Juicio Oral en lo Penal de Coyhaique.<\/p>\n<p class=\"v1MsoNormal\" style=\"text-align: justify;\">\u00ab(&#8230;) el libelo recursivo sostiene que el fallo solamente consider\u00f3 que la v\u00edctima se \u00a0encontraba durmiendo, sin establecerse que haya estado bajo los efectos de los somn\u00edferos, padecimientos m\u00e9dicos, discapacidades o bien, en un estado et\u00edlico importante; elucidaciones a las que no se prestar\u00e1 o\u00eddos, en atenci\u00f3n a que solo basta que se justifique tal circunstancia, lo que ocurri\u00f3 en la especie, al sostenerse un sue\u00f1o profundo, siendo plausible el acto sexual abusivo por el contexto de cansancio tras haber participado en distintas actividades por casi veinte horas seguidas y el shock en que qued\u00f3 tras despertar, no siendo necesario justificar las dem\u00e1s situaciones anotadas por la defensa, las que por s\u00ed solas podr\u00edan subsumirse el concepto de incapacidad de la v\u00edctima para oponerse\u00bb, sostiene el fallo.<\/p>\n<p class=\"v1MsoNormal\" style=\"text-align: justify;\">Por tanto, se resuelve\u00a0que: \u00ab<b>SE RECHAZA<\/b>, sin costas, el recurso de nulidad interpuesto por Natalia Renee Salas Ortiz, Defensora Penal P\u00fablica, en contra de la sentencia definitiva pronunciada con fecha 29 de noviembre del a\u00f1o 2024, dictada por el Tribunal de Juicio Oral en lo Penal de Coyhaique, RUC N\u00ba 2201111475-3, RIT N\u00b0 129-2024, conforme a la cual se conden\u00f3 al acusado R.M.M.V., a la pena de cuatro a\u00f1os de presidio menor en su grado m\u00e1ximo, m\u00e1s accesorias legales correspondientes, como autor del delito de abuso sexual con contacto corporal contra persona mayor de catorce a\u00f1os, previsto y sancionado en el art\u00edculo 366 inciso 1\u00b0, en relaci\u00f3n a lo dispuesto en los art\u00edculos 361 N\u00b02 y 366 ter, todos del C\u00f3digo Penal, en grado consumado, ocurrido el d\u00eda 5 de noviembre de 2022, en la comuna de Puerto Ays\u00e9n, en la persona de E.A.G.A., invocando como causal de nulidad principal la contenida en el art\u00edculo 374 letra e) con relaci\u00f3n a los art\u00edculo 342 letra c) y 297 del C\u00f3digo Procesal Penal, y en subsidio, la causal de nulidad contenida en el art\u00edculo 373 letra b) del C\u00f3digo Procesal Penal, en relaci\u00f3n con lo dispuesto en el art\u00edculo 361 N\u00b0 2 del C\u00f3digo Penal y en consecuencia, dicha sentencia\u00a0<b>no es nula<\/b>\u00ab.<\/p>\n<\/div><\/section><\/div><\/p>\n<div  style='height:50px' class='hr hr-invisible   avia-builder-el-6  el_after_av_one_full  el_before_av_social_share '><span class='hr-inner ' ><span class='hr-inner-style'><\/span><\/span><\/div>\n<div  class='av-social-sharing-box  avia-builder-el-7  el_after_av_hr  el_before_av_hr  '><div class='av-share-box'><h5 class='av-share-link-description av-no-toc '>Compartir esta noticia<\/h5><ul class='av-share-box-list noLightbox'><li class='av-share-link av-social-link-facebook' ><a target=\"_blank\" aria-label=\"Compartir en Facebook\" href='https:\/\/www.facebook.com\/sharer.php?u=https:\/\/radiorevelacionfm.cl\/?p=50718&#038;t=Corte%20de%20Apelaciones%20confirma%20condena%20por%20abuso%20sexual%20en%20Puerto%20Ays%C3%A9n' aria-hidden='false' data-av_icon='\ue8f3' data-av_iconfont='entypo-fontello' title='' data-avia-related-tooltip='Compartir en Facebook' rel=\"noopener\"><span class='avia_hidden_link_text'>Compartir en Facebook<\/span><\/a><\/li><li class='av-share-link av-social-link-twitter' ><a target=\"_blank\" aria-label=\"Compartir en Twitter\" href='https:\/\/twitter.com\/share?text=Corte%20de%20Apelaciones%20confirma%20condena%20por%20abuso%20sexual%20en%20Puerto%20Ays%C3%A9n&#038;url=https:\/\/radiorevelacionfm.cl\/?p=50718' aria-hidden='false' data-av_icon='\ue8f1' data-av_iconfont='entypo-fontello' title='' data-avia-related-tooltip='Compartir en Twitter' rel=\"noopener\"><span class='avia_hidden_link_text'>Compartir en Twitter<\/span><\/a><\/li><li class='av-share-link av-social-link-whatsapp' ><a target=\"_blank\" aria-label=\"Compartir en Whatsapp\" href='https:\/\/api.whatsapp.com\/send?text=https:\/\/radiorevelacionfm.cl\/?p=50718' aria-hidden='false' data-av_icon='\uf232' data-av_iconfont='entypo-fontello' title='' data-avia-related-tooltip='Compartir en Whatsapp' rel=\"noopener\"><span class='avia_hidden_link_text'>Compartir en Whatsapp<\/span><\/a><\/li><li class='av-share-link av-social-link-linkedin' ><a target=\"_blank\" aria-label=\"Compartir en LinkedIn\" href='https:\/\/linkedin.com\/shareArticle?mini=true&#038;title=Corte%20de%20Apelaciones%20confirma%20condena%20por%20abuso%20sexual%20en%20Puerto%20Ays%C3%A9n&#038;url=https:\/\/radiorevelacionfm.cl\/?p=50718' aria-hidden='false' data-av_icon='\ue8fc' data-av_iconfont='entypo-fontello' title='' data-avia-related-tooltip='Compartir en LinkedIn' rel=\"noopener\"><span class='avia_hidden_link_text'>Compartir en LinkedIn<\/span><\/a><\/li><li class='av-share-link av-social-link-mail' ><a  aria-label=\"Compartir por correo\" href='mailto:?subject=Corte%20de%20Apelaciones%20confirma%20condena%20por%20abuso%20sexual%20en%20Puerto%20Ays%C3%A9n&#038;body=https:\/\/radiorevelacionfm.cl\/?p=50718' aria-hidden='false' data-av_icon='\ue805' data-av_iconfont='entypo-fontello' title='' data-avia-related-tooltip='Compartir por correo'><span class='avia_hidden_link_text'>Compartir por correo<\/span><\/a><\/li><\/ul><\/div><\/div>\n<div  style='height:50px' class='hr hr-invisible   avia-builder-el-8  el_after_av_social_share  el_before_av_comments_list '><span class='hr-inner ' ><span class='hr-inner-style'><\/span><\/span><\/div>\n<div  class='av-buildercomment  av-blog-meta-html-info-disabled av-blog-meta-tag-disabled  '><\/div>\n","protected":false},"excerpt":{"rendered":"","protected":false},"author":1,"featured_media":44831,"comment_status":"open","ping_status":"open","sticky":false,"template":"","format":"standard","meta":{"footnotes":""},"categories":[55],"tags":[],"class_list":["post-50718","post","type-post","status-publish","format-standard","has-post-thumbnail","hentry","category-justicia"],"jetpack_featured_media_url":"https:\/\/radiorevelacionfm.cl\/wp-content\/uploads\/2024\/08\/foto-02-corte-de-apelaciones-1-1_optimized-1.jpg","_links":{"self":[{"href":"https:\/\/radiorevelacionfm.cl\/index.php?rest_route=\/wp\/v2\/posts\/50718","targetHints":{"allow":["GET"]}}],"collection":[{"href":"https:\/\/radiorevelacionfm.cl\/index.php?rest_route=\/wp\/v2\/posts"}],"about":[{"href":"https:\/\/radiorevelacionfm.cl\/index.php?rest_route=\/wp\/v2\/types\/post"}],"author":[{"embeddable":true,"href":"https:\/\/radiorevelacionfm.cl\/index.php?rest_route=\/wp\/v2\/users\/1"}],"replies":[{"embeddable":true,"href":"https:\/\/radiorevelacionfm.cl\/index.php?rest_route=%2Fwp%2Fv2%2Fcomments&post=50718"}],"version-history":[{"count":2,"href":"https:\/\/radiorevelacionfm.cl\/index.php?rest_route=\/wp\/v2\/posts\/50718\/revisions"}],"predecessor-version":[{"id":50746,"href":"https:\/\/radiorevelacionfm.cl\/index.php?rest_route=\/wp\/v2\/posts\/50718\/revisions\/50746"}],"wp:featuredmedia":[{"embeddable":true,"href":"https:\/\/radiorevelacionfm.cl\/index.php?rest_route=\/wp\/v2\/media\/44831"}],"wp:attachment":[{"href":"https:\/\/radiorevelacionfm.cl\/index.php?rest_route=%2Fwp%2Fv2%2Fmedia&parent=50718"}],"wp:term":[{"taxonomy":"category","embeddable":true,"href":"https:\/\/radiorevelacionfm.cl\/index.php?rest_route=%2Fwp%2Fv2%2Fcategories&post=50718"},{"taxonomy":"post_tag","embeddable":true,"href":"https:\/\/radiorevelacionfm.cl\/index.php?rest_route=%2Fwp%2Fv2%2Ftags&post=50718"}],"curies":[{"name":"wp","href":"https:\/\/api.w.org\/{rel}","templated":true}]}}