{"id":50715,"date":"2025-02-19T15:23:58","date_gmt":"2025-02-19T18:23:58","guid":{"rendered":"https:\/\/radiorevelacionfm.cl\/?p=50715"},"modified":"2025-02-19T15:23:58","modified_gmt":"2025-02-19T18:23:58","slug":"ips-inicia-pago-del-aporte-familiar-permanente-2025-son-mas-de-14-mil-en-la-region-de-aysen","status":"publish","type":"post","link":"https:\/\/radiorevelacionfm.cl\/?p=50715","title":{"rendered":"IPS inicia pago del Aporte Familiar Permanente 2025: Son m\u00e1s de 14 mil en la regi\u00f3n de Ays\u00e9n"},"content":{"rendered":"<div class=\"flex_column av_one_full  flex_column_div av-zero-column-padding first  avia-builder-el-0  el_before_av_one_full  avia-builder-el-first  \" style='border-radius:0px; '><div  class='avia-image-container  av-styling-    avia-builder-el-1  avia-builder-el-no-sibling  avia-align-center '  itemprop=\"image\" itemscope=\"itemscope\" itemtype=\"https:\/\/schema.org\/ImageObject\"  ><div class='avia-image-container-inner'><div class='avia-image-overlay-wrap'><img decoding=\"async\" class='wp-image-50716 avia-img-lazy-loading-not-50716 avia_image' src=\"https:\/\/radiorevelacionfm.cl\/wp-content\/uploads\/2025\/02\/WhatsApp-Image-2025-02-19-at-13.40.48-1-1-1.jpeg\" alt='' title='WhatsApp Image 2025-02-19 at 13.40.48 (1) (1) (1)' height=\"600\" width=\"800\"  itemprop=\"thumbnailUrl\" srcset=\"https:\/\/radiorevelacionfm.cl\/wp-content\/uploads\/2025\/02\/WhatsApp-Image-2025-02-19-at-13.40.48-1-1-1.jpeg 800w, https:\/\/radiorevelacionfm.cl\/wp-content\/uploads\/2025\/02\/WhatsApp-Image-2025-02-19-at-13.40.48-1-1-1-300x225.jpeg 300w, https:\/\/radiorevelacionfm.cl\/wp-content\/uploads\/2025\/02\/WhatsApp-Image-2025-02-19-at-13.40.48-1-1-1-768x576.jpeg 768w, https:\/\/radiorevelacionfm.cl\/wp-content\/uploads\/2025\/02\/WhatsApp-Image-2025-02-19-at-13.40.48-1-1-1-705x529.jpeg 705w, https:\/\/radiorevelacionfm.cl\/wp-content\/uploads\/2025\/02\/WhatsApp-Image-2025-02-19-at-13.40.48-1-1-1-450x338.jpeg 450w, https:\/\/radiorevelacionfm.cl\/wp-content\/uploads\/2025\/02\/WhatsApp-Image-2025-02-19-at-13.40.48-1-1-1-600x450.jpeg 600w\" sizes=\"(max-width: 800px) 100vw, 800px\" \/><\/div><\/div><\/div><\/div><div class=\"flex_column av_one_full  flex_column_div av-zero-column-padding first  avia-builder-el-2  el_after_av_one_full  el_before_av_one_full  column-top-margin\" style='border-radius:0px; '><section class=\"av_textblock_section \"  itemscope=\"itemscope\" itemtype=\"https:\/\/schema.org\/BlogPosting\" itemprop=\"blogPost\" ><div class='avia_textblock  '   itemprop=\"text\" ><p style=\"text-align: center;\"><strong><span style=\"font-size: 18pt;\">IPS inicia pago del Aporte Familiar Permanente 2025: Son m\u00e1s de 14 mil en la regi\u00f3n de Ays\u00e9n<\/span><\/strong><\/p>\n<div id=\"gtx-trans\" style=\"position: absolute; left: -50px; top: 4.31534px;\">\n<div class=\"gtx-trans-icon\"><\/div>\n<\/div>\n<\/div><\/section><\/div><div class=\"flex_column av_one_full  flex_column_div av-zero-column-padding first  avia-builder-el-4  el_after_av_one_full  el_before_av_hr  column-top-margin\" style='border-radius:0px; '><section class=\"av_textblock_section \"  itemscope=\"itemscope\" itemtype=\"https:\/\/schema.org\/BlogPosting\" itemprop=\"blogPost\" ><div class='avia_textblock  '   itemprop=\"text\" ><ul>\n<li style=\"text-align: justify;\"><em>El pago para la primera n\u00f3mina del Aporte Familiar Permanente 2025 inici\u00f3 el lunes 17. <\/em><em>Para este a\u00f1o, el monto del Aporte Familiar es de $64.574 por carga familiar o por familia, seg\u00fan corresponda. En la Regi\u00f3n de Ays\u00e9n, ser\u00e1n m\u00e1s de 14 mil los Aportes entregados.<\/em><\/li>\n<\/ul>\n<p style=\"text-align: justify;\">Este 17 de febrero inici\u00f3 el pago del Aporte Familiar Permanente 2025, ex \u201cBono Marzo\u201d, <strong>para el primer grupo de beneficiarias y beneficiarios<\/strong>. As\u00ed lo informaron las autoridades regionales, encabezadas por la seremi de Gobierno, \u00darsula Mix Jim\u00e9nez -quien represent\u00f3 tambi\u00e9n al delegado presidencial regional, Jorge D\u00edaz-; el seremi (S) del Trabajo y Previsi\u00f3n Social, Christian Aros Troncoso; y el director regional del IPS, Rodrigo D\u00edaz Cordaro.<\/p>\n<p style=\"text-align: justify;\">\u201cEsta primera n\u00f3mina la componen personas que ten\u00edan concedido el Subsidio Familiar a diciembre de 2024 y tambi\u00e9n familias pertenecientes, a esa misma fecha, al Subsistema de Seguridades y Oportunidades (Ingreso \u00c9tico Familiar) o a Chile Solidario, y que a la vez cobran esos beneficios en forma regular en el IPS <strong>entre el 15 y 28 de febrero. <\/strong>El Aporte se les pagar\u00e1 en conjunto con su beneficio habitual, sin necesidad de nuevos tr\u00e1mites\u201d. detall\u00f3 el directivo del Instituto de Previsi\u00f3n Social.<\/p>\n<p style=\"text-align: justify;\">Asimismo, a\u00f1adi\u00f3 que , este a\u00f1o, \u201cel Aporte Familiar Permanente es de <strong>64 mil 574 pesos<\/strong>, monto que se paga por carga familiar o por familia, dependiendo del tipo de beneficiario\u201d.<\/p>\n<p style=\"text-align: justify;\">Por su parte, la seremi de Gobierno, destac\u00f3 la importancia del Aporte Familiar Permanente para las familias de Chile y, en particular, de nuestra regi\u00f3n. \u201cEl Aporte Familiar Permanente 2025 busca apoyar a las familias durante los primeros meses del a\u00f1o, por los gastos extras que se presentan en este per\u00edodo. Por eso, estamos muy contentos de anunciar el inicio de estos pagos que, en total, y una vez que se publiquen todas las n\u00f3minas del beneficio, alcanzar\u00e1n a m\u00e1s de 1 mill\u00f3n 900 mil familias. De ellas, <strong>m\u00e1s de 7 mil corresponden a la regi\u00f3n de Ays\u00e9n<\/strong>.<br \/>\nA nivel nacional, esto implica, como Gobierno, una inversi\u00f3n de 232 mil millones de pesos, que ser\u00e1n distribuidos entre las familias estos meses de febrero y marzo\u201d, recalc\u00f3 \u00darsula Mix.<\/p>\n<p style=\"text-align: justify;\">En este mismo contexto, el seremi (S) del Trabajo y Previsi\u00f3n Social, Christian Aros Troncoso, se refiri\u00f3 a las cifras involucradas en este ya tradicional beneficio estatal. \u201cEsperamos entregar <strong>m\u00e1s de 14 mil 200 Aportes Familiares en esta primera n\u00f3mina<\/strong>, cuyos pagos ya iniciaron a partir de este 17 de febrero. Esto tendr\u00e1 gran impacto, ya que ser\u00e1n <strong>cerca de 922 millones de pesos<\/strong> <strong>que se distribuir\u00e1n entre las familias de nuestra regi\u00f3n<\/strong>, para ayudarles a enfrentar esta etapa del a\u00f1o\u201d, se\u00f1al\u00f3.<\/p>\n<p style=\"text-align: justify;\"><strong>\u00bfA qui\u00e9nes est\u00e1 dirigido el beneficio?<\/strong><\/p>\n<p style=\"text-align: justify;\">El Aporte Familiar Permanente est\u00e1 dirigido a personas que, a diciembre de 2024, hayan sido beneficiarias de Asignaci\u00f3n Familiar o Maternal, Subsidio \u00danico Familiar, Chile Solidario o pertenecientes al Subsistema de Seguridades y Oportunidades (Ingreso \u00c9tico Familiar); y para acceder a \u00e9l no es necesario postular pues recibir\u00e1n el monto del Aporte de manera autom\u00e1tica, en su fecha de pago, junto con su beneficio tradicional.<\/p>\n<p style=\"text-align: justify;\">Cabe mencionar que cerca del 90 % de las personas recibir\u00e1n su Aporte Familiar Permanente como dep\u00f3sito en Cuenta RUT u otra cuenta bancaria. Los dem\u00e1s beneficiarios podr\u00e1n cobrar su dinero de forma presencial a trav\u00e9s de Caja Los H\u00e9roes o BancoEstado, seg\u00fan la forma de pago de su beneficio tradicional.<\/p>\n<p style=\"text-align: justify;\">El plazo para cobrar este beneficio es de nueve meses, desde la fecha de emisi\u00f3n del documento de pago.<\/p>\n<p style=\"text-align: justify;\">La entrega del Aporte, se divide en tres grupos:<\/p>\n<ul style=\"text-align: justify;\">\n<li><strong>Grupo 1: Desde el 17 de febrero<\/strong><\/li>\n<\/ul>\n<p style=\"text-align: justify;\">Personas beneficiarias de Subsidio Familiar, Chile Solidario o del Subsistema de Seguridades y Oportunidades (Ingreso \u00c9tico Familiar), que reciben el pago habitual de sus beneficios entre el 15 y 28 de febrero.<\/p>\n<ul style=\"text-align: justify;\">\n<li><strong>Grupo 2: Desde el 3 de marzo<\/strong><\/li>\n<\/ul>\n<p style=\"text-align: justify;\">Personas beneficiarias de Subsidio Familiar, Chile Solidario o del Subsistema de Seguridades y Oportunidades (Ingreso \u00c9tico Familiar), que reciben el pago habitual de sus beneficios entre el 1 y 14 de marzo. Adem\u00e1s, el grupo espec\u00edfico de pensionados del IPS que a su vez reciba pagos por cargas familiares.<\/p>\n<ul style=\"text-align: justify;\">\n<li><strong>Grupo 3: Desde el 17 de marzo<\/strong><\/li>\n<\/ul>\n<p style=\"text-align: justify;\">Personas que reciben Asignaci\u00f3n Familiar o Maternal por sus cargas familiares.<\/p>\n<p style=\"text-align: justify;\"><strong>\u00bfDesde cu\u00e1ndo podr\u00e1n consultar si son beneficiados por el Aporte Familiar Permanente?<\/strong><\/p>\n<p style=\"text-align: justify;\">Para consultar si les corresponde, as\u00ed como la fecha y forma de pago, las personas pueden ingresar al sitio <strong>www.aportefamiliar.cl<\/strong> o <a href=\"http:\/\/www.chileatiende.cl\"><strong>www.chileatiende.cl<\/strong><\/a>. Tambi\u00e9n llamar al Call Center 101 o visitar nuestras sucursales IPS ChileAtiende en Chile\u00a0 Chico, Puerto Cisnes, Puerto Ays\u00e9n, Cochrane y Coyhaique.<\/p>\n<p style=\"text-align: justify;\">Para obtener m\u00e1s informaci\u00f3n, estar\u00e1n disponibles los sitios <strong>www.ips.gob.cl<\/strong>, <strong>www.chileatiende.cl<\/strong>, las redes sociales <strong>@ChileAtiende<\/strong> en X, Facebook e Instagram, y el <strong>Call Center 101<\/strong>.<\/p>\n<\/div><\/section><\/div><div  style='height:50px' class='hr hr-invisible   avia-builder-el-6  el_after_av_one_full  el_before_av_social_share '><span class='hr-inner ' ><span class='hr-inner-style'><\/span><\/span><\/div><\/p>\n<div  class='av-social-sharing-box  avia-builder-el-7  el_after_av_hr  el_before_av_hr  '><div class='av-share-box'><h5 class='av-share-link-description av-no-toc '>Compartir esta noticia<\/h5><ul class='av-share-box-list noLightbox'><li class='av-share-link av-social-link-facebook' ><a target=\"_blank\" aria-label=\"Compartir en Facebook\" href='https:\/\/www.facebook.com\/sharer.php?u=https:\/\/radiorevelacionfm.cl\/?p=50715&#038;t=IPS%20inicia%20pago%20del%20Aporte%20Familiar%20Permanente%202025%3A%20Son%20m%C3%A1s%20de%2014%20mil%20en%20la%20regi%C3%B3n%20de%20Ays%C3%A9n' aria-hidden='false' data-av_icon='\ue8f3' data-av_iconfont='entypo-fontello' title='' data-avia-related-tooltip='Compartir en Facebook' rel=\"noopener\"><span class='avia_hidden_link_text'>Compartir en Facebook<\/span><\/a><\/li><li class='av-share-link av-social-link-twitter' ><a target=\"_blank\" aria-label=\"Compartir en Twitter\" href='https:\/\/twitter.com\/share?text=IPS%20inicia%20pago%20del%20Aporte%20Familiar%20Permanente%202025%3A%20Son%20m%C3%A1s%20de%2014%20mil%20en%20la%20regi%C3%B3n%20de%20Ays%C3%A9n&#038;url=https:\/\/radiorevelacionfm.cl\/?p=50715' aria-hidden='false' data-av_icon='\ue8f1' data-av_iconfont='entypo-fontello' title='' data-avia-related-tooltip='Compartir en Twitter' rel=\"noopener\"><span class='avia_hidden_link_text'>Compartir en Twitter<\/span><\/a><\/li><li class='av-share-link av-social-link-whatsapp' ><a target=\"_blank\" aria-label=\"Compartir en Whatsapp\" href='https:\/\/api.whatsapp.com\/send?text=https:\/\/radiorevelacionfm.cl\/?p=50715' aria-hidden='false' data-av_icon='\uf232' data-av_iconfont='entypo-fontello' title='' data-avia-related-tooltip='Compartir en Whatsapp' rel=\"noopener\"><span class='avia_hidden_link_text'>Compartir en Whatsapp<\/span><\/a><\/li><li class='av-share-link av-social-link-linkedin' ><a target=\"_blank\" aria-label=\"Compartir en LinkedIn\" href='https:\/\/linkedin.com\/shareArticle?mini=true&#038;title=IPS%20inicia%20pago%20del%20Aporte%20Familiar%20Permanente%202025%3A%20Son%20m%C3%A1s%20de%2014%20mil%20en%20la%20regi%C3%B3n%20de%20Ays%C3%A9n&#038;url=https:\/\/radiorevelacionfm.cl\/?p=50715' aria-hidden='false' data-av_icon='\ue8fc' data-av_iconfont='entypo-fontello' title='' data-avia-related-tooltip='Compartir en LinkedIn' rel=\"noopener\"><span class='avia_hidden_link_text'>Compartir en LinkedIn<\/span><\/a><\/li><li class='av-share-link av-social-link-mail' ><a  aria-label=\"Compartir por correo\" href='mailto:?subject=IPS%20inicia%20pago%20del%20Aporte%20Familiar%20Permanente%202025%3A%20Son%20m%C3%A1s%20de%2014%20mil%20en%20la%20regi%C3%B3n%20de%20Ays%C3%A9n&#038;body=https:\/\/radiorevelacionfm.cl\/?p=50715' aria-hidden='false' data-av_icon='\ue805' data-av_iconfont='entypo-fontello' title='' data-avia-related-tooltip='Compartir por correo'><span class='avia_hidden_link_text'>Compartir por correo<\/span><\/a><\/li><\/ul><\/div><\/div>\n<div  style='height:50px' class='hr hr-invisible   avia-builder-el-8  el_after_av_social_share  el_before_av_comments_list '><span class='hr-inner ' ><span class='hr-inner-style'><\/span><\/span><\/div>\n<div  class='av-buildercomment  av-blog-meta-html-info-disabled av-blog-meta-tag-disabled  '><\/div>\n","protected":false},"excerpt":{"rendered":"","protected":false},"author":1,"featured_media":50716,"comment_status":"open","ping_status":"open","sticky":false,"template":"","format":"standard","meta":{"footnotes":""},"categories":[38],"tags":[],"class_list":["post-50715","post","type-post","status-publish","format-standard","has-post-thumbnail","hentry","category-regional"],"jetpack_featured_media_url":"https:\/\/radiorevelacionfm.cl\/wp-content\/uploads\/2025\/02\/WhatsApp-Image-2025-02-19-at-13.40.48-1-1-1.jpeg","_links":{"self":[{"href":"https:\/\/radiorevelacionfm.cl\/index.php?rest_route=\/wp\/v2\/posts\/50715","targetHints":{"allow":["GET"]}}],"collection":[{"href":"https:\/\/radiorevelacionfm.cl\/index.php?rest_route=\/wp\/v2\/posts"}],"about":[{"href":"https:\/\/radiorevelacionfm.cl\/index.php?rest_route=\/wp\/v2\/types\/post"}],"author":[{"embeddable":true,"href":"https:\/\/radiorevelacionfm.cl\/index.php?rest_route=\/wp\/v2\/users\/1"}],"replies":[{"embeddable":true,"href":"https:\/\/radiorevelacionfm.cl\/index.php?rest_route=%2Fwp%2Fv2%2Fcomments&post=50715"}],"version-history":[{"count":1,"href":"https:\/\/radiorevelacionfm.cl\/index.php?rest_route=\/wp\/v2\/posts\/50715\/revisions"}],"predecessor-version":[{"id":50717,"href":"https:\/\/radiorevelacionfm.cl\/index.php?rest_route=\/wp\/v2\/posts\/50715\/revisions\/50717"}],"wp:featuredmedia":[{"embeddable":true,"href":"https:\/\/radiorevelacionfm.cl\/index.php?rest_route=\/wp\/v2\/media\/50716"}],"wp:attachment":[{"href":"https:\/\/radiorevelacionfm.cl\/index.php?rest_route=%2Fwp%2Fv2%2Fmedia&parent=50715"}],"wp:term":[{"taxonomy":"category","embeddable":true,"href":"https:\/\/radiorevelacionfm.cl\/index.php?rest_route=%2Fwp%2Fv2%2Fcategories&post=50715"},{"taxonomy":"post_tag","embeddable":true,"href":"https:\/\/radiorevelacionfm.cl\/index.php?rest_route=%2Fwp%2Fv2%2Ftags&post=50715"}],"curies":[{"name":"wp","href":"https:\/\/api.w.org\/{rel}","templated":true}]}}