{"id":50712,"date":"2025-02-19T15:06:36","date_gmt":"2025-02-19T18:06:36","guid":{"rendered":"https:\/\/radiorevelacionfm.cl\/?p=50712"},"modified":"2025-02-19T15:06:36","modified_gmt":"2025-02-19T18:06:36","slug":"delegado-rodrigo-moreno-visita-el-hospital-de-puerto-aysen-y-destaca-su-desarrollo-y-compromiso-con-la-comunidad","status":"publish","type":"post","link":"https:\/\/radiorevelacionfm.cl\/?p=50712","title":{"rendered":"Delegado Rodrigo Moreno visita el Hospital de Puerto Ays\u00e9n y destaca su desarrollo y compromiso con la comunidad"},"content":{"rendered":"<div class=\"flex_column av_one_full  flex_column_div av-zero-column-padding first  avia-builder-el-0  el_before_av_one_full  avia-builder-el-first  \" style='border-radius:0px; '><div  class='avia-image-container  av-styling-    avia-builder-el-1  avia-builder-el-no-sibling  avia-align-center '  itemprop=\"image\" itemscope=\"itemscope\" itemtype=\"https:\/\/schema.org\/ImageObject\"  ><div class='avia-image-container-inner'><div class='avia-image-overlay-wrap'><img decoding=\"async\" class='wp-image-50713 avia-img-lazy-loading-not-50713 avia_image' src=\"https:\/\/radiorevelacionfm.cl\/wp-content\/uploads\/2025\/02\/Delegado-Reu-Hospital-Aysen2-1-1.jpg\" alt='' title='Delegado Reu Hospital Aysen2 (1) (1)' height=\"600\" width=\"851\"  itemprop=\"thumbnailUrl\" srcset=\"https:\/\/radiorevelacionfm.cl\/wp-content\/uploads\/2025\/02\/Delegado-Reu-Hospital-Aysen2-1-1.jpg 851w, https:\/\/radiorevelacionfm.cl\/wp-content\/uploads\/2025\/02\/Delegado-Reu-Hospital-Aysen2-1-1-300x212.jpg 300w, https:\/\/radiorevelacionfm.cl\/wp-content\/uploads\/2025\/02\/Delegado-Reu-Hospital-Aysen2-1-1-768x541.jpg 768w, https:\/\/radiorevelacionfm.cl\/wp-content\/uploads\/2025\/02\/Delegado-Reu-Hospital-Aysen2-1-1-705x497.jpg 705w, https:\/\/radiorevelacionfm.cl\/wp-content\/uploads\/2025\/02\/Delegado-Reu-Hospital-Aysen2-1-1-450x317.jpg 450w, https:\/\/radiorevelacionfm.cl\/wp-content\/uploads\/2025\/02\/Delegado-Reu-Hospital-Aysen2-1-1-600x423.jpg 600w\" sizes=\"(max-width: 851px) 100vw, 851px\" \/><\/div><\/div><\/div><\/div><div class=\"flex_column av_one_full  flex_column_div av-zero-column-padding first  avia-builder-el-2  el_after_av_one_full  el_before_av_one_full  column-top-margin\" style='border-radius:0px; '><section class=\"av_textblock_section \"  itemscope=\"itemscope\" itemtype=\"https:\/\/schema.org\/BlogPosting\" itemprop=\"blogPost\" ><div class='avia_textblock  '   itemprop=\"text\" ><p style=\"text-align: center;\"><strong><span style=\"font-size: 18pt;\">Delegado Rodrigo Moreno visita el Hospital de Puerto Ays\u00e9n y destaca su desarrollo y compromiso con la comunidad<\/span><\/strong><\/p>\n<div id=\"gtx-trans\" style=\"position: absolute; left: -50px; top: 4.31534px;\">\n<div class=\"gtx-trans-icon\"><\/div>\n<\/div>\n<\/div><\/section><\/div><div class=\"flex_column av_one_full  flex_column_div av-zero-column-padding first  avia-builder-el-4  el_after_av_one_full  el_before_av_hr  column-top-margin\" style='border-radius:0px; '><section class=\"av_textblock_section \"  itemscope=\"itemscope\" itemtype=\"https:\/\/schema.org\/BlogPosting\" itemprop=\"blogPost\" ><div class='avia_textblock  '   itemprop=\"text\" ><p style=\"text-align: justify;\">Con el objetivo de conocer en profundidad el funcionamiento del Hospital de Puerto Ays\u00e9n y sus principales desaf\u00edos, el Delegado Presidencial Provincial de Ays\u00e9n, Rodrigo Moreno Rivera, realiz\u00f3 una visita a sus instalaciones. Durante el recorrido, sostuvo una reuni\u00f3n con el Director del hospital, Hern\u00e1n Barrientos Hern\u00e1ndez, y su equipo directivo, donde se abordaron avances en mediana complejidad, brechas prioritarias para el presente a\u00f1o y proyectos estrat\u00e9gicos en curso.<\/p>\n<p style=\"text-align: justify;\">Uno de los temas centrales fue el desarrollo de las nuevas dependencias de Cirug\u00eda Mayor Ambulatoria (CMA), iniciativa clave para optimizar el flujo de pacientes y reducir los tiempos de atenci\u00f3n. Asimismo, se discuti\u00f3 la necesidad de fortalecer la capacidad diagn\u00f3stica del hospital con la implementaci\u00f3n de un Scanner TAC, un equipamiento prioritario para la instituci\u00f3n y la comunidad.<\/p>\n<p style=\"text-align: justify;\"><strong>Recorrido por las instalaciones y compromiso con la salud p\u00fablica<\/strong><\/p>\n<p style=\"text-align: justify;\">Durante su visita, el Delegado Presidencial recorri\u00f3 distintas \u00e1reas del hospital, incluyendo Hospitalizados, Pabellones, Di\u00e1lisis, Urgencia y Laboratorio, donde pudo observar el crecimiento y desarrollo del recinto.<\/p>\n<p style=\"text-align: justify;\">Al respecto, Rodrigo Moreno Rivera destac\u00f3 la importancia de esta infraestructura y el profesionalismo de su equipo de salud:<\/p>\n<p style=\"text-align: justify;\"><em>\u00abConocer las instalaciones del Hospital de Ays\u00e9n y constatar el nivel de tecnolog\u00eda y compromiso de su personal me hace reafirmar que estamos avanzando en nuestra provincia. Contamos con un hospital de mediana complejidad que demuestra que Ays\u00e9n merece esto y mucho m\u00e1s. Seguiremos trabajando en los temas prioritarios conversados con el Director y su equipo, porque la salud es un derecho fundamental. Tal como lo ha se\u00f1alado nuestro Presidente Gabriel Boric, debemos prestar todo el apoyo y gesti\u00f3n necesaria para seguir fortaleciendo esta obra de salud\u201d<\/em>.<\/p>\n<p style=\"text-align: justify;\">Por su parte, el Director del Hospital, Hern\u00e1n Barrientos Hern\u00e1ndez, valor\u00f3 la visita del Delegado y destac\u00f3 el compromiso del equipo con la atenci\u00f3n de calidad para los habitantes de la comuna y la provincia:<\/p>\n<p style=\"text-align: justify;\"><em>\u00abHoy recibimos la visita del Delegado Presidencial Provincial de Ays\u00e9n, quien pudo conocer de cerca el trabajo que realizamos d\u00eda a d\u00eda en nuestro hospital. Se llev\u00f3 una excelente impresi\u00f3n de nuestro compromiso con la salud de la comunidad. Durante el recorrido, visit\u00f3 pabellones, hospitalizaci\u00f3n y unidades de apoyo como Laboratorio, Di\u00e1lisis, Imagenolog\u00eda y el Servicio de Urgencia, donde pudo ver en terreno los avances que hemos logrado. Conversamos sobre los desaf\u00edos estrat\u00e9gicos que queremos impulsar, como el Scanner TAC, que permitir\u00e1 fortalecer nuestra capacidad diagn\u00f3stica y mejorar la atenci\u00f3n a nuestros pacientes\u201d<\/em>.<\/p>\n<p style=\"text-align: justify;\">Adem\u00e1s, el director enfatiz\u00f3 en la meta del hospital de consolidarse como centro de referencia en cirug\u00eda mayor ambulatoria en la regi\u00f3n, un desaf\u00edo que sigue avanzando gracias al esfuerzo y compromiso del equipo de salud.<\/p>\n<p style=\"text-align: justify;\"><strong>Compromiso con el fortalecimiento del sistema de salud<\/strong><\/p>\n<p style=\"text-align: justify;\">La visita del Delegado Presidencial reafirma el compromiso del Gobierno con el fortalecimiento de la salud p\u00fablica en la regi\u00f3n de Ays\u00e9n, mediante el apoyo y colaboraci\u00f3n con las instituciones de salud para la concreci\u00f3n de proyectos estrat\u00e9gicos en beneficio de la comunidad.<\/p>\n<p style=\"text-align: justify;\"><em>\u00abEl camino para seguir avanzando en salud es el trabajo conjunto entre las autoridades, los equipos m\u00e9dicos y la comunidad. Seguiremos apoyando la implementaci\u00f3n de mejoras en infraestructura, equipamiento y recursos humanos, porque la salud de los habitantes de Ays\u00e9n es una prioridad\u201d<\/em>, concluy\u00f3 el Delegado Rodrigo Moreno Rivera.<\/p>\n<\/div><\/section><\/div><div  style='height:50px' class='hr hr-invisible   avia-builder-el-6  el_after_av_one_full  el_before_av_social_share '><span class='hr-inner ' ><span class='hr-inner-style'><\/span><\/span><\/div><\/p>\n<div  class='av-social-sharing-box  avia-builder-el-7  el_after_av_hr  el_before_av_hr  '><div class='av-share-box'><h5 class='av-share-link-description av-no-toc '>Compartir esta noticia<\/h5><ul class='av-share-box-list noLightbox'><li class='av-share-link av-social-link-facebook' ><a target=\"_blank\" aria-label=\"Compartir en Facebook\" href='https:\/\/www.facebook.com\/sharer.php?u=https:\/\/radiorevelacionfm.cl\/?p=50712&#038;t=Delegado%20Rodrigo%20Moreno%20visita%20el%20Hospital%20de%20Puerto%20Ays%C3%A9n%20y%20destaca%20su%20desarrollo%20y%20compromiso%20con%20la%20comunidad' aria-hidden='false' data-av_icon='\ue8f3' data-av_iconfont='entypo-fontello' title='' data-avia-related-tooltip='Compartir en Facebook' rel=\"noopener\"><span class='avia_hidden_link_text'>Compartir en Facebook<\/span><\/a><\/li><li class='av-share-link av-social-link-twitter' ><a target=\"_blank\" aria-label=\"Compartir en Twitter\" href='https:\/\/twitter.com\/share?text=Delegado%20Rodrigo%20Moreno%20visita%20el%20Hospital%20de%20Puerto%20Ays%C3%A9n%20y%20destaca%20su%20desarrollo%20y%20compromiso%20con%20la%20comunidad&#038;url=https:\/\/radiorevelacionfm.cl\/?p=50712' aria-hidden='false' data-av_icon='\ue8f1' data-av_iconfont='entypo-fontello' title='' data-avia-related-tooltip='Compartir en Twitter' rel=\"noopener\"><span class='avia_hidden_link_text'>Compartir en Twitter<\/span><\/a><\/li><li class='av-share-link av-social-link-whatsapp' ><a target=\"_blank\" aria-label=\"Compartir en Whatsapp\" href='https:\/\/api.whatsapp.com\/send?text=https:\/\/radiorevelacionfm.cl\/?p=50712' aria-hidden='false' data-av_icon='\uf232' data-av_iconfont='entypo-fontello' title='' data-avia-related-tooltip='Compartir en Whatsapp' rel=\"noopener\"><span class='avia_hidden_link_text'>Compartir en Whatsapp<\/span><\/a><\/li><li class='av-share-link av-social-link-linkedin' ><a target=\"_blank\" aria-label=\"Compartir en LinkedIn\" href='https:\/\/linkedin.com\/shareArticle?mini=true&#038;title=Delegado%20Rodrigo%20Moreno%20visita%20el%20Hospital%20de%20Puerto%20Ays%C3%A9n%20y%20destaca%20su%20desarrollo%20y%20compromiso%20con%20la%20comunidad&#038;url=https:\/\/radiorevelacionfm.cl\/?p=50712' aria-hidden='false' data-av_icon='\ue8fc' data-av_iconfont='entypo-fontello' title='' data-avia-related-tooltip='Compartir en LinkedIn' rel=\"noopener\"><span class='avia_hidden_link_text'>Compartir en LinkedIn<\/span><\/a><\/li><li class='av-share-link av-social-link-mail' ><a  aria-label=\"Compartir por correo\" href='mailto:?subject=Delegado%20Rodrigo%20Moreno%20visita%20el%20Hospital%20de%20Puerto%20Ays%C3%A9n%20y%20destaca%20su%20desarrollo%20y%20compromiso%20con%20la%20comunidad&#038;body=https:\/\/radiorevelacionfm.cl\/?p=50712' aria-hidden='false' data-av_icon='\ue805' data-av_iconfont='entypo-fontello' title='' data-avia-related-tooltip='Compartir por correo'><span class='avia_hidden_link_text'>Compartir por correo<\/span><\/a><\/li><\/ul><\/div><\/div>\n<div  style='height:50px' class='hr hr-invisible   avia-builder-el-8  el_after_av_social_share  el_before_av_comments_list '><span class='hr-inner ' ><span class='hr-inner-style'><\/span><\/span><\/div>\n<div  class='av-buildercomment  av-blog-meta-html-info-disabled av-blog-meta-tag-disabled  '><\/div>\n","protected":false},"excerpt":{"rendered":"","protected":false},"author":1,"featured_media":50713,"comment_status":"open","ping_status":"open","sticky":false,"template":"","format":"standard","meta":{"footnotes":""},"categories":[38],"tags":[],"class_list":["post-50712","post","type-post","status-publish","format-standard","has-post-thumbnail","hentry","category-regional"],"jetpack_featured_media_url":"https:\/\/radiorevelacionfm.cl\/wp-content\/uploads\/2025\/02\/Delegado-Reu-Hospital-Aysen2-1-1.jpg","_links":{"self":[{"href":"https:\/\/radiorevelacionfm.cl\/index.php?rest_route=\/wp\/v2\/posts\/50712","targetHints":{"allow":["GET"]}}],"collection":[{"href":"https:\/\/radiorevelacionfm.cl\/index.php?rest_route=\/wp\/v2\/posts"}],"about":[{"href":"https:\/\/radiorevelacionfm.cl\/index.php?rest_route=\/wp\/v2\/types\/post"}],"author":[{"embeddable":true,"href":"https:\/\/radiorevelacionfm.cl\/index.php?rest_route=\/wp\/v2\/users\/1"}],"replies":[{"embeddable":true,"href":"https:\/\/radiorevelacionfm.cl\/index.php?rest_route=%2Fwp%2Fv2%2Fcomments&post=50712"}],"version-history":[{"count":1,"href":"https:\/\/radiorevelacionfm.cl\/index.php?rest_route=\/wp\/v2\/posts\/50712\/revisions"}],"predecessor-version":[{"id":50714,"href":"https:\/\/radiorevelacionfm.cl\/index.php?rest_route=\/wp\/v2\/posts\/50712\/revisions\/50714"}],"wp:featuredmedia":[{"embeddable":true,"href":"https:\/\/radiorevelacionfm.cl\/index.php?rest_route=\/wp\/v2\/media\/50713"}],"wp:attachment":[{"href":"https:\/\/radiorevelacionfm.cl\/index.php?rest_route=%2Fwp%2Fv2%2Fmedia&parent=50712"}],"wp:term":[{"taxonomy":"category","embeddable":true,"href":"https:\/\/radiorevelacionfm.cl\/index.php?rest_route=%2Fwp%2Fv2%2Fcategories&post=50712"},{"taxonomy":"post_tag","embeddable":true,"href":"https:\/\/radiorevelacionfm.cl\/index.php?rest_route=%2Fwp%2Fv2%2Ftags&post=50712"}],"curies":[{"name":"wp","href":"https:\/\/api.w.org\/{rel}","templated":true}]}}