{"id":50710,"date":"2025-02-19T13:22:47","date_gmt":"2025-02-19T16:22:47","guid":{"rendered":"https:\/\/radiorevelacionfm.cl\/?p=50710"},"modified":"2025-02-19T13:22:47","modified_gmt":"2025-02-19T16:22:47","slug":"corte-de-coyhaique-confirma-fallo-que-acogio-demanda-contra-el-servicio-nacional-de-proteccion-especializada-y-adolescencia","status":"publish","type":"post","link":"https:\/\/radiorevelacionfm.cl\/?p=50710","title":{"rendered":"Corte de Coyhaique confirma fallo que acogi\u00f3 demanda contra el Servicio Nacional de Protecci\u00f3n Especializada y Adolescencia"},"content":{"rendered":"<div class=\"flex_column av_one_full  flex_column_div av-zero-column-padding first  avia-builder-el-0  el_before_av_one_full  avia-builder-el-first  \" style='border-radius:0px; '><div  class='avia-image-container  av-styling-    avia-builder-el-1  avia-builder-el-no-sibling  avia-align-center '  itemprop=\"image\" itemscope=\"itemscope\" itemtype=\"https:\/\/schema.org\/ImageObject\"  ><div class='avia-image-container-inner'><div class='avia-image-overlay-wrap'><img decoding=\"async\" class='wp-image-34064 avia-img-lazy-loading-not-34064 avia_image' src=\"https:\/\/radiorevelacionfm.cl\/wp-content\/uploads\/2023\/08\/Foto-8-Corte-Coyhaique-1-1.jpg\" alt='' title='Foto 8 Corte Coyhaique (1) (1)' height=\"600\" width=\"772\"  itemprop=\"thumbnailUrl\" srcset=\"https:\/\/radiorevelacionfm.cl\/wp-content\/uploads\/2023\/08\/Foto-8-Corte-Coyhaique-1-1.jpg 772w, https:\/\/radiorevelacionfm.cl\/wp-content\/uploads\/2023\/08\/Foto-8-Corte-Coyhaique-1-1-300x233.jpg 300w, https:\/\/radiorevelacionfm.cl\/wp-content\/uploads\/2023\/08\/Foto-8-Corte-Coyhaique-1-1-768x597.jpg 768w, https:\/\/radiorevelacionfm.cl\/wp-content\/uploads\/2023\/08\/Foto-8-Corte-Coyhaique-1-1-705x548.jpg 705w, https:\/\/radiorevelacionfm.cl\/wp-content\/uploads\/2023\/08\/Foto-8-Corte-Coyhaique-1-1-450x350.jpg 450w, https:\/\/radiorevelacionfm.cl\/wp-content\/uploads\/2023\/08\/Foto-8-Corte-Coyhaique-1-1-600x466.jpg 600w\" sizes=\"(max-width: 772px) 100vw, 772px\" \/><\/div><\/div><\/div><\/div><div class=\"flex_column av_one_full  flex_column_div av-zero-column-padding first  avia-builder-el-2  el_after_av_one_full  el_before_av_one_full  column-top-margin\" style='border-radius:0px; '><section class=\"av_textblock_section \"  itemscope=\"itemscope\" itemtype=\"https:\/\/schema.org\/BlogPosting\" itemprop=\"blogPost\" ><div class='avia_textblock  '   itemprop=\"text\" ><p style=\"text-align: center;\"><span style=\"font-size: 18pt;\"><b>Corte de Coyhaique confirma fallo que acogi\u00f3 demanda contra el Servicio Nacional de Protecci\u00f3n Especializada y Adolescencia<\/b><\/span><\/p>\n<div id=\"gtx-trans\" style=\"position: absolute; left: -50px; top: 4.31534px;\">\n<div class=\"gtx-trans-icon\"><\/div>\n<\/div>\n<\/div><\/section><\/div><div class=\"flex_column av_one_full  flex_column_div av-zero-column-padding first  avia-builder-el-4  el_after_av_one_full  el_before_av_hr  column-top-margin\" style='border-radius:0px; '><section class=\"av_textblock_section \"  itemscope=\"itemscope\" itemtype=\"https:\/\/schema.org\/BlogPosting\" itemprop=\"blogPost\" ><div class='avia_textblock  '   itemprop=\"text\" ><p class=\"v1MsoNormal\" style=\"text-align: justify;\">La Corte de Apelaciones de Coyhaique rechaz\u00f3 el recurso de nulidad interpuesto por el Servicio Nacional de Protecci\u00f3n Especializada a la Ni\u00f1ez y Adolescencia, en contra de la sentencia que acogi\u00f3 demanda de indemnizaci\u00f3n de perjuicios por enfermedad profesional.<\/p>\n<p class=\"v1MsoNormal\" style=\"text-align: justify;\">En fallo un\u00e1nime (causa rol 80-2024), la Primera Sala del tribunal de alzada \u2013integrada por los ministros Jos\u00e9 Ignacio Mora Trujillo, Natalia Rencoret Oliva y al abogado (i) Enrique Vel\u00e1squez Trujillo\u2013 confirm\u00f3 la sentencia recurrida, dictada por el Juzgado de Letras del Trabajo de Coyhaique, que le orden\u00f3 al servicio recurrente el pago de la suma de $5.000.000 por concepto de da\u00f1o moral, a la demandante.<\/p>\n<p class=\"v1MsoNormal\" style=\"text-align: justify;\">\u00abQue no obstante lo referido por la recurrente, y de la lectura \u00edntegra de la sentencia que se cuestiona, queda claro que, m\u00e1s all\u00e1 del reproche formulado al juez, este ya en los Considerandos Cuarto y Quinto, hace una reproducci\u00f3n bastante lata de los medios probatorios aportados por cada uno de los intervinientes, para en el Considerando Sexto, detenerse en advertir la necesidad \u2013atendiendo a la naturaleza del caso y la pretensi\u00f3n de la actora\u2013 de establecer el cumplimiento del deber de seguridad de la vida y salud del trabajador, contenido en el art\u00edculo 184 del C\u00f3digo del Trabajo, que transcribe, para as\u00ed disponer que se debe establecer el cumplimiento de sus requisitos para la existencia de tal responsabilidad, lo que constituir\u00e1 el hecho, acci\u00f3n u omisi\u00f3n que provoque el da\u00f1o, en s\u00ed y tambi\u00e9n el v\u00ednculo causal existente entre el actuar de la demandada y el hecho da\u00f1oso\u00bb, sostiene el fallo.<\/p>\n<p class=\"v1MsoNormal\" style=\"text-align: justify;\">\u00abQue en resumen, y conforme los argumentos expresados en considerandos precedentes, no se hace posible a criterio de esta sala, acoger ninguna de las causales de nulidad expuestas en el recurso que nos convoca, toda vez que los argumentos, son m\u00e1s bien una demostraci\u00f3n de la disidencia que el apoderado del servicio demandado, mantiene con las apreciaciones y valoraciones de los medios probatorios que el tribunal ad quo ha desarrollado en su sentencia, realidad \u00e9sta que entonces no alcanza para configurar y tener por concurrente alg\u00fan vicio de nulidad que amerite la invalidaci\u00f3n del fallo\u00bb, concluye.<\/p>\n<p class=\"v1MsoNormal\" style=\"text-align: justify;\">Por tanto, se resuelve que:\u00a0\u00ab<b>Se RECHAZA<\/b>\u00a0el recurso de nulidad interpuesto por el abogado Alejandro Alberto Correa Chand\u00eda, en representaci\u00f3n de la demandada Servicio Nacional de Protecci\u00f3n Especializada a la Ni\u00f1ez y Adolescencia, contra la sentencia definitiva de fecha 16 de octubre de 2024, dictada por el juez titular del Juzgado de Letras del Trabajo de Coyhaique, \u00d3scar Alberto Barr\u00eda Alvarado, en cuanto por ella, se acogi\u00f3 la demanda interpuesta en contra de la recurrente, y declar\u00f3:<\/p>\n<p class=\"v1MsoNormal\" style=\"text-align: justify;\">I. Que, se acoge la demanda interpuesta por Andrea Paz Fuentes Fuentes en contra del Servicio Nacional de Protecci\u00f3n Especializada de la Ni\u00f1ez y Adolescencia, ya individualizado, y se condena a la demandada en la suma de $5.000.000 por concepto de da\u00f1o moral sufrido a consecuencia de la enfermedad profesional materia de esta causa.<\/p>\n<p class=\"v1MsoNormal\" style=\"text-align: justify;\">II.\u00a0Que, la suma que se ordena pagar deber\u00e1 ser reajustada y devengar\u00e1 intereses de acuerdo con lo dispuesto en el art\u00edculo 63 del C\u00f3digo del Trabajo.<\/p>\n<p class=\"v1MsoNormal\" style=\"text-align: justify;\">III.\u00a0Que, no se condena en costas a la demandada por haber tenido motivo plausible para litigar. En consecuencia, dicha sentencia\u00a0<b>NO es nula<\/b>\u00ab.<\/p>\n<\/div><\/section><\/div><div  style='height:50px' class='hr hr-invisible   avia-builder-el-6  el_after_av_one_full  el_before_av_social_share '><span class='hr-inner ' ><span class='hr-inner-style'><\/span><\/span><\/div><\/p>\n<div  class='av-social-sharing-box  avia-builder-el-7  el_after_av_hr  el_before_av_hr  '><div class='av-share-box'><h5 class='av-share-link-description av-no-toc '>Compartir esta noticia<\/h5><ul class='av-share-box-list noLightbox'><li class='av-share-link av-social-link-facebook' ><a target=\"_blank\" aria-label=\"Compartir en Facebook\" href='https:\/\/www.facebook.com\/sharer.php?u=https:\/\/radiorevelacionfm.cl\/?p=50710&#038;t=Corte%20de%20Coyhaique%20confirma%20fallo%20que%20acogi%C3%B3%20demanda%20contra%20el%20Servicio%20Nacional%20de%20Protecci%C3%B3n%20Especializada%20y%20Adolescencia' aria-hidden='false' data-av_icon='\ue8f3' data-av_iconfont='entypo-fontello' title='' data-avia-related-tooltip='Compartir en Facebook' rel=\"noopener\"><span class='avia_hidden_link_text'>Compartir en Facebook<\/span><\/a><\/li><li class='av-share-link av-social-link-twitter' ><a target=\"_blank\" aria-label=\"Compartir en Twitter\" href='https:\/\/twitter.com\/share?text=Corte%20de%20Coyhaique%20confirma%20fallo%20que%20acogi%C3%B3%20demanda%20contra%20el%20Servicio%20Nacional%20de%20Protecci%C3%B3n%20Especializada%20y%20Adolescencia&#038;url=https:\/\/radiorevelacionfm.cl\/?p=50710' aria-hidden='false' data-av_icon='\ue8f1' data-av_iconfont='entypo-fontello' title='' data-avia-related-tooltip='Compartir en Twitter' rel=\"noopener\"><span class='avia_hidden_link_text'>Compartir en Twitter<\/span><\/a><\/li><li class='av-share-link av-social-link-whatsapp' ><a target=\"_blank\" aria-label=\"Compartir en Whatsapp\" href='https:\/\/api.whatsapp.com\/send?text=https:\/\/radiorevelacionfm.cl\/?p=50710' aria-hidden='false' data-av_icon='\uf232' data-av_iconfont='entypo-fontello' title='' data-avia-related-tooltip='Compartir en Whatsapp' rel=\"noopener\"><span class='avia_hidden_link_text'>Compartir en Whatsapp<\/span><\/a><\/li><li class='av-share-link av-social-link-linkedin' ><a target=\"_blank\" aria-label=\"Compartir en LinkedIn\" href='https:\/\/linkedin.com\/shareArticle?mini=true&#038;title=Corte%20de%20Coyhaique%20confirma%20fallo%20que%20acogi%C3%B3%20demanda%20contra%20el%20Servicio%20Nacional%20de%20Protecci%C3%B3n%20Especializada%20y%20Adolescencia&#038;url=https:\/\/radiorevelacionfm.cl\/?p=50710' aria-hidden='false' data-av_icon='\ue8fc' data-av_iconfont='entypo-fontello' title='' data-avia-related-tooltip='Compartir en LinkedIn' rel=\"noopener\"><span class='avia_hidden_link_text'>Compartir en LinkedIn<\/span><\/a><\/li><li class='av-share-link av-social-link-mail' ><a  aria-label=\"Compartir por correo\" href='mailto:?subject=Corte%20de%20Coyhaique%20confirma%20fallo%20que%20acogi%C3%B3%20demanda%20contra%20el%20Servicio%20Nacional%20de%20Protecci%C3%B3n%20Especializada%20y%20Adolescencia&#038;body=https:\/\/radiorevelacionfm.cl\/?p=50710' aria-hidden='false' data-av_icon='\ue805' data-av_iconfont='entypo-fontello' title='' data-avia-related-tooltip='Compartir por correo'><span class='avia_hidden_link_text'>Compartir por correo<\/span><\/a><\/li><\/ul><\/div><\/div>\n<div  style='height:50px' class='hr hr-invisible   avia-builder-el-8  el_after_av_social_share  el_before_av_comments_list '><span class='hr-inner ' ><span class='hr-inner-style'><\/span><\/span><\/div>\n<div  class='av-buildercomment  av-blog-meta-html-info-disabled av-blog-meta-tag-disabled  '><\/div>\n","protected":false},"excerpt":{"rendered":"","protected":false},"author":1,"featured_media":34064,"comment_status":"open","ping_status":"open","sticky":false,"template":"","format":"standard","meta":{"footnotes":""},"categories":[55],"tags":[],"class_list":["post-50710","post","type-post","status-publish","format-standard","has-post-thumbnail","hentry","category-justicia"],"jetpack_featured_media_url":"https:\/\/radiorevelacionfm.cl\/wp-content\/uploads\/2023\/08\/Foto-8-Corte-Coyhaique-1-1.jpg","_links":{"self":[{"href":"https:\/\/radiorevelacionfm.cl\/index.php?rest_route=\/wp\/v2\/posts\/50710","targetHints":{"allow":["GET"]}}],"collection":[{"href":"https:\/\/radiorevelacionfm.cl\/index.php?rest_route=\/wp\/v2\/posts"}],"about":[{"href":"https:\/\/radiorevelacionfm.cl\/index.php?rest_route=\/wp\/v2\/types\/post"}],"author":[{"embeddable":true,"href":"https:\/\/radiorevelacionfm.cl\/index.php?rest_route=\/wp\/v2\/users\/1"}],"replies":[{"embeddable":true,"href":"https:\/\/radiorevelacionfm.cl\/index.php?rest_route=%2Fwp%2Fv2%2Fcomments&post=50710"}],"version-history":[{"count":1,"href":"https:\/\/radiorevelacionfm.cl\/index.php?rest_route=\/wp\/v2\/posts\/50710\/revisions"}],"predecessor-version":[{"id":50711,"href":"https:\/\/radiorevelacionfm.cl\/index.php?rest_route=\/wp\/v2\/posts\/50710\/revisions\/50711"}],"wp:featuredmedia":[{"embeddable":true,"href":"https:\/\/radiorevelacionfm.cl\/index.php?rest_route=\/wp\/v2\/media\/34064"}],"wp:attachment":[{"href":"https:\/\/radiorevelacionfm.cl\/index.php?rest_route=%2Fwp%2Fv2%2Fmedia&parent=50710"}],"wp:term":[{"taxonomy":"category","embeddable":true,"href":"https:\/\/radiorevelacionfm.cl\/index.php?rest_route=%2Fwp%2Fv2%2Fcategories&post=50710"},{"taxonomy":"post_tag","embeddable":true,"href":"https:\/\/radiorevelacionfm.cl\/index.php?rest_route=%2Fwp%2Fv2%2Ftags&post=50710"}],"curies":[{"name":"wp","href":"https:\/\/api.w.org\/{rel}","templated":true}]}}