{"id":5071,"date":"2021-06-09T16:13:48","date_gmt":"2021-06-09T19:13:48","guid":{"rendered":"https:\/\/radiorevelacionfm.cl\/?p=5071"},"modified":"2021-06-09T16:13:48","modified_gmt":"2021-06-09T19:13:48","slug":"por-deficit-de-beneficios-diputado-calisto-es-muy-importante-que-todos-los-alumnos-que-cumplan-con-los-requisitos-tengan-su-beca","status":"publish","type":"post","link":"https:\/\/radiorevelacionfm.cl\/?p=5071","title":{"rendered":"Por d\u00e9ficit de beneficios diputado Calisto: \u201cEs muy importante que todos los alumnos que cumplan con los requisitos tengan su beca\u201d"},"content":{"rendered":"<div class=\"flex_column av_one_full  flex_column_div av-zero-column-padding first  avia-builder-el-0  el_before_av_one_full  avia-builder-el-first  \" style='border-radius:0px; '><div  class='avia-image-container  av-styling-    avia-builder-el-1  avia-builder-el-no-sibling  avia-align-center '  itemprop=\"image\" itemscope=\"itemscope\" itemtype=\"https:\/\/schema.org\/ImageObject\"  ><div class='avia-image-container-inner'><div class='avia-image-overlay-wrap'><img decoding=\"async\" class='wp-image-5072 avia-img-lazy-loading-not-5072 avia_image' src=\"https:\/\/radiorevelacionfm.cl\/wp-content\/uploads\/2021\/06\/DIRECTOR-JUNAEB-2-1-1.jpg\" alt='' title='DIRECTOR JUNAEB 2 (1) (1)' height=\"590\" width=\"926\"  itemprop=\"thumbnailUrl\" srcset=\"https:\/\/radiorevelacionfm.cl\/wp-content\/uploads\/2021\/06\/DIRECTOR-JUNAEB-2-1-1.jpg 926w, https:\/\/radiorevelacionfm.cl\/wp-content\/uploads\/2021\/06\/DIRECTOR-JUNAEB-2-1-1-300x191.jpg 300w, https:\/\/radiorevelacionfm.cl\/wp-content\/uploads\/2021\/06\/DIRECTOR-JUNAEB-2-1-1-768x489.jpg 768w, https:\/\/radiorevelacionfm.cl\/wp-content\/uploads\/2021\/06\/DIRECTOR-JUNAEB-2-1-1-705x449.jpg 705w, https:\/\/radiorevelacionfm.cl\/wp-content\/uploads\/2021\/06\/DIRECTOR-JUNAEB-2-1-1-600x382.jpg 600w\" sizes=\"(max-width: 926px) 100vw, 926px\" \/><\/div><\/div><\/div><\/div><div class=\"flex_column av_one_full  flex_column_div av-zero-column-padding first  avia-builder-el-2  el_after_av_one_full  el_before_av_one_full  column-top-margin\" style='border-radius:0px; '><section class=\"av_textblock_section \"  itemscope=\"itemscope\" itemtype=\"https:\/\/schema.org\/BlogPosting\" itemprop=\"blogPost\" ><div class='avia_textblock  '   itemprop=\"text\" ><p style=\"text-align: center;\"><strong><span style=\"font-size: 18pt;\">Por d\u00e9ficit de beneficios diputado Calisto: \u201cEs muy importante que todos los alumnos que cumplan con los requisitos tengan su beca\u201d<\/span><\/strong><\/p>\n<div id=\"gtx-trans\" style=\"position: absolute; left: -50px; top: 4.31534px;\">\n<div class=\"gtx-trans-icon\"><\/div>\n<\/div>\n<\/div><\/section><\/div><div class=\"flex_column av_one_full  flex_column_div av-zero-column-padding first  avia-builder-el-4  el_after_av_one_full  el_before_av_hr  column-top-margin\" style='border-radius:0px; '><section class=\"av_textblock_section \"  itemscope=\"itemscope\" itemtype=\"https:\/\/schema.org\/BlogPosting\" itemprop=\"blogPost\" ><div class='avia_textblock  '   itemprop=\"text\" ><p style=\"font-weight: 400; text-align: justify;\">Ante el d\u00e9ficit que existe en las distintas becas que entrega la Junta Nacional de Auxilio Escolar y Becas, Junaeb, el diputado Miguel \u00c1ngel Calisto se reuni\u00f3 con el Director Regional de la entidad, Patrice Van de Maele, con la intenci\u00f3n de coordinar las gestiones para aumentar los cupos, afirmando que \u201ces muy importante que todos los alumnos que cumplen con los requisitos tengan su beca\u201d.<\/p>\n<p style=\"font-weight: 400; text-align: justify;\">Seg\u00fan el legislador, \u201cen la reuni\u00f3n con el Director abordamos la situaci\u00f3n de los nuevos becados. Se trata de un porcentaje importante de alumnos de nuestra regi\u00f3n que fueron beneficiados con la beca Ays\u00e9n, Patagonia, beca Integraci\u00f3n Territorial, Beca Ind\u00edgena y Beca Presidente de la Rep\u00fablica\u201d.<\/p>\n<p style=\"font-weight: 400; text-align: justify;\">\u201cComo todos los a\u00f1os, hay un d\u00e9ficit, especialmente en la beca Patagonia y Beca Ays\u00e9n, el que bordea el 8% del total. Lo que hemos concordado con el director, una vez que tengamos las cifras finales de este d\u00e9ficit, poder hacer las gestiones directas con la Direcci\u00f3n Nacional de la Junaeb, con el Ministerio de Educaci\u00f3n y con la Direcci\u00f3n de Presupuesto del Ministerio de Hacienda, DIPRES, gestiones en las que lo voy a ayudar\u201d.<\/p>\n<p style=\"font-weight: 400; text-align: justify;\">Finalmente, el diputado se\u00f1al\u00f3 que \u201chay que hacer las gestiones lo antes posible para poder becar a todos los alumnos que cumplan con los requisitos para que puedan acceder a las becas. Estos beneficios, en especial la Beca Patagonia, les permiten vivir en otras regiones, pagar sus gastos de mantenci\u00f3n y sus aranceles\u201d.<\/p>\n<\/div><\/section><\/div><div  style='height:50px' class='hr hr-invisible   avia-builder-el-6  el_after_av_one_full  el_before_av_social_share '><span class='hr-inner ' ><span class='hr-inner-style'><\/span><\/span><\/div><\/p>\n<div  class='av-social-sharing-box  avia-builder-el-7  el_after_av_hr  el_before_av_hr  '><div class='av-share-box'><h5 class='av-share-link-description av-no-toc '>Compartir esta noticia<\/h5><ul class='av-share-box-list noLightbox'><li class='av-share-link av-social-link-facebook' ><a target=\"_blank\" aria-label=\"Compartir en Facebook\" href='https:\/\/www.facebook.com\/sharer.php?u=https:\/\/radiorevelacionfm.cl\/?p=5071&#038;t=Por%20d%C3%A9ficit%20de%20beneficios%20diputado%20Calisto%3A%20%E2%80%9CEs%20muy%20importante%20que%20todos%20los%20alumnos%20que%20cumplan%20con%20los%20requisitos%20tengan%20su%20beca%E2%80%9D' aria-hidden='false' data-av_icon='\ue8f3' data-av_iconfont='entypo-fontello' title='' data-avia-related-tooltip='Compartir en Facebook' rel=\"noopener\"><span class='avia_hidden_link_text'>Compartir en Facebook<\/span><\/a><\/li><li class='av-share-link av-social-link-twitter' ><a target=\"_blank\" aria-label=\"Compartir en Twitter\" href='https:\/\/twitter.com\/share?text=Por%20d%C3%A9ficit%20de%20beneficios%20diputado%20Calisto%3A%20%E2%80%9CEs%20muy%20importante%20que%20todos%20los%20alumnos%20que%20cumplan%20con%20los%20requisitos%20tengan%20su%20beca%E2%80%9D&#038;url=https:\/\/radiorevelacionfm.cl\/?p=5071' aria-hidden='false' data-av_icon='\ue8f1' data-av_iconfont='entypo-fontello' title='' data-avia-related-tooltip='Compartir en Twitter' rel=\"noopener\"><span class='avia_hidden_link_text'>Compartir en Twitter<\/span><\/a><\/li><li class='av-share-link av-social-link-whatsapp' ><a target=\"_blank\" aria-label=\"Compartir en Whatsapp\" href='https:\/\/api.whatsapp.com\/send?text=https:\/\/radiorevelacionfm.cl\/?p=5071' aria-hidden='false' data-av_icon='\uf232' data-av_iconfont='entypo-fontello' title='' data-avia-related-tooltip='Compartir en Whatsapp' rel=\"noopener\"><span class='avia_hidden_link_text'>Compartir en Whatsapp<\/span><\/a><\/li><li class='av-share-link av-social-link-linkedin' ><a target=\"_blank\" aria-label=\"Compartir en LinkedIn\" href='https:\/\/linkedin.com\/shareArticle?mini=true&#038;title=Por%20d%C3%A9ficit%20de%20beneficios%20diputado%20Calisto%3A%20%E2%80%9CEs%20muy%20importante%20que%20todos%20los%20alumnos%20que%20cumplan%20con%20los%20requisitos%20tengan%20su%20beca%E2%80%9D&#038;url=https:\/\/radiorevelacionfm.cl\/?p=5071' aria-hidden='false' data-av_icon='\ue8fc' data-av_iconfont='entypo-fontello' title='' data-avia-related-tooltip='Compartir en LinkedIn' rel=\"noopener\"><span class='avia_hidden_link_text'>Compartir en LinkedIn<\/span><\/a><\/li><li class='av-share-link av-social-link-mail' ><a  aria-label=\"Compartir por correo\" href='mailto:?subject=Por%20d%C3%A9ficit%20de%20beneficios%20diputado%20Calisto%3A%20%E2%80%9CEs%20muy%20importante%20que%20todos%20los%20alumnos%20que%20cumplan%20con%20los%20requisitos%20tengan%20su%20beca%E2%80%9D&#038;body=https:\/\/radiorevelacionfm.cl\/?p=5071' aria-hidden='false' data-av_icon='\ue805' data-av_iconfont='entypo-fontello' title='' data-avia-related-tooltip='Compartir por correo'><span class='avia_hidden_link_text'>Compartir por correo<\/span><\/a><\/li><\/ul><\/div><\/div>\n<div  style='height:50px' class='hr hr-invisible   avia-builder-el-8  el_after_av_social_share  el_before_av_comments_list '><span class='hr-inner ' ><span class='hr-inner-style'><\/span><\/span><\/div>\n<div  class='av-buildercomment  av-blog-meta-html-info-disabled av-blog-meta-tag-disabled  '><\/div>\n","protected":false},"excerpt":{"rendered":"","protected":false},"author":1,"featured_media":5072,"comment_status":"open","ping_status":"open","sticky":false,"template":"","format":"standard","meta":{"footnotes":""},"categories":[35],"tags":[],"class_list":["post-5071","post","type-post","status-publish","format-standard","has-post-thumbnail","hentry","category-politica"],"jetpack_featured_media_url":"https:\/\/radiorevelacionfm.cl\/wp-content\/uploads\/2021\/06\/DIRECTOR-JUNAEB-2-1-1.jpg","_links":{"self":[{"href":"https:\/\/radiorevelacionfm.cl\/index.php?rest_route=\/wp\/v2\/posts\/5071","targetHints":{"allow":["GET"]}}],"collection":[{"href":"https:\/\/radiorevelacionfm.cl\/index.php?rest_route=\/wp\/v2\/posts"}],"about":[{"href":"https:\/\/radiorevelacionfm.cl\/index.php?rest_route=\/wp\/v2\/types\/post"}],"author":[{"embeddable":true,"href":"https:\/\/radiorevelacionfm.cl\/index.php?rest_route=\/wp\/v2\/users\/1"}],"replies":[{"embeddable":true,"href":"https:\/\/radiorevelacionfm.cl\/index.php?rest_route=%2Fwp%2Fv2%2Fcomments&post=5071"}],"version-history":[{"count":1,"href":"https:\/\/radiorevelacionfm.cl\/index.php?rest_route=\/wp\/v2\/posts\/5071\/revisions"}],"predecessor-version":[{"id":5073,"href":"https:\/\/radiorevelacionfm.cl\/index.php?rest_route=\/wp\/v2\/posts\/5071\/revisions\/5073"}],"wp:featuredmedia":[{"embeddable":true,"href":"https:\/\/radiorevelacionfm.cl\/index.php?rest_route=\/wp\/v2\/media\/5072"}],"wp:attachment":[{"href":"https:\/\/radiorevelacionfm.cl\/index.php?rest_route=%2Fwp%2Fv2%2Fmedia&parent=5071"}],"wp:term":[{"taxonomy":"category","embeddable":true,"href":"https:\/\/radiorevelacionfm.cl\/index.php?rest_route=%2Fwp%2Fv2%2Fcategories&post=5071"},{"taxonomy":"post_tag","embeddable":true,"href":"https:\/\/radiorevelacionfm.cl\/index.php?rest_route=%2Fwp%2Fv2%2Ftags&post=5071"}],"curies":[{"name":"wp","href":"https:\/\/api.w.org\/{rel}","templated":true}]}}