{"id":50707,"date":"2025-02-25T11:48:02","date_gmt":"2025-02-25T14:48:02","guid":{"rendered":"https:\/\/radiorevelacionfm.cl\/?p=50707"},"modified":"2025-02-25T11:48:02","modified_gmt":"2025-02-25T14:48:02","slug":"se-viene-marzo-consejos-de-especialistas-para-un-retorno-a-clases-mas-armonioso","status":"publish","type":"post","link":"https:\/\/radiorevelacionfm.cl\/?p=50707","title":{"rendered":"Se viene marzo: Consejos de especialistas para un retorno a clases m\u00e1s armonioso"},"content":{"rendered":"<div class=\"flex_column av_one_full  flex_column_div av-zero-column-padding first  avia-builder-el-0  el_before_av_one_full  avia-builder-el-first  \" style='border-radius:0px; '><div  class='avia-image-container  av-styling-    avia-builder-el-1  avia-builder-el-no-sibling  avia-align-center '  itemprop=\"image\" itemscope=\"itemscope\" itemtype=\"https:\/\/schema.org\/ImageObject\"  ><div class='avia-image-container-inner'><div class='avia-image-overlay-wrap'><img decoding=\"async\" class='wp-image-50708 avia-img-lazy-loading-not-50708 avia_image' src=\"https:\/\/radiorevelacionfm.cl\/wp-content\/uploads\/2025\/02\/kids-getting-back-school-together-1_optimized-1.jpg\" alt='' title='kids-getting-back-school-together-(1)_optimized (1)' height=\"600\" width=\"900\"  itemprop=\"thumbnailUrl\" srcset=\"https:\/\/radiorevelacionfm.cl\/wp-content\/uploads\/2025\/02\/kids-getting-back-school-together-1_optimized-1.jpg 900w, https:\/\/radiorevelacionfm.cl\/wp-content\/uploads\/2025\/02\/kids-getting-back-school-together-1_optimized-1-300x200.jpg 300w, https:\/\/radiorevelacionfm.cl\/wp-content\/uploads\/2025\/02\/kids-getting-back-school-together-1_optimized-1-768x512.jpg 768w, https:\/\/radiorevelacionfm.cl\/wp-content\/uploads\/2025\/02\/kids-getting-back-school-together-1_optimized-1-705x470.jpg 705w, https:\/\/radiorevelacionfm.cl\/wp-content\/uploads\/2025\/02\/kids-getting-back-school-together-1_optimized-1-450x300.jpg 450w, https:\/\/radiorevelacionfm.cl\/wp-content\/uploads\/2025\/02\/kids-getting-back-school-together-1_optimized-1-600x400.jpg 600w\" sizes=\"(max-width: 900px) 100vw, 900px\" \/><\/div><\/div><\/div><\/div><div class=\"flex_column av_one_full  flex_column_div av-zero-column-padding first  avia-builder-el-2  el_after_av_one_full  el_before_av_one_full  column-top-margin\" style='border-radius:0px; '><section class=\"av_textblock_section \"  itemscope=\"itemscope\" itemtype=\"https:\/\/schema.org\/BlogPosting\" itemprop=\"blogPost\" ><div class='avia_textblock  '   itemprop=\"text\" ><p style=\"text-align: center;\"><span style=\"font-size: 18pt;\"><b>Se viene marzo: Consejos de especialistas para un retorno a clases m\u00e1s armonioso<\/b><\/span><\/p>\n<div id=\"gtx-trans\" style=\"position: absolute; left: -50px; top: 4.31534px;\">\n<div class=\"gtx-trans-icon\"><\/div>\n<\/div>\n<\/div><\/section><\/div><div class=\"flex_column av_one_full  flex_column_div av-zero-column-padding first  avia-builder-el-4  el_after_av_one_full  el_before_av_hr  column-top-margin\" style='border-radius:0px; '><section class=\"av_textblock_section \"  itemscope=\"itemscope\" itemtype=\"https:\/\/schema.org\/BlogPosting\" itemprop=\"blogPost\" ><div class='avia_textblock  '   itemprop=\"text\" ><p style=\"font-weight: 400; text-align: justify;\"><em>El fin de las vacaciones puede ser un desaf\u00edo tanto para los ni\u00f1os como para sus familias. Expertos en salud entregan recomendaciones claves para facilitar la transici\u00f3n y comenzar el a\u00f1o escolar con energ\u00eda y bienestar.<\/em><\/p>\n<p style=\"font-weight: 400; text-align: justify;\">Quedan pocos d\u00edas para que llegue marzo y, con ello, muchas familias enfrentan el desaf\u00edo de retomar la rutina escolar, despu\u00e9s de meses de descanso. El cambio puede generar ansiedad y estr\u00e9s en los ni\u00f1os, por lo que especialistas en salud entregan recomendaciones para hacer de este proceso una experiencia m\u00e1s positiva y menos dif\u00edcil para los escolares.<\/p>\n<p style=\"font-weight: 400; text-align: justify;\">La\u00a0psic\u00f3loga infantojuvenil de Cl\u00ednica Santa Mar\u00eda,\u00a0Jennifer Conejero,\u00a0aconseja: \u201cPartir, al menos dos semanas antes, dici\u00e9ndoles la fecha de ingreso y cu\u00e1nto falta. Se puede marcar en un calendario visible para que los ni\u00f1os vayan anticip\u00e1ndose al retorno. Recordar las cosas positivas del colegio (recreo, amigos).\u00a0Adem\u00e1s, hay que explicarles que hay que retomar las rutinas de sue\u00f1o, alimentaci\u00f3n, etc., porque ser\u00e1 m\u00e1s dif\u00edcil enfrentar el cambio directamente cuando se entra a clases\u201d.<\/p>\n<p style=\"font-weight: 400; text-align: justify;\">A juicio de la experta es conveniente involucrarlos en el proceso de elegir \u00fatiles y uniformes. \u201cLa\u00a0idea es que sean part\u00edcipes de sus compras y, en lo posible, tengan los elementos que los haga sentirse m\u00e1s c\u00f3modos y a gusto, as\u00ed tienen una mejor disposici\u00f3n a la entrada al colegio\u201d, comenta.<\/p>\n<p style=\"font-weight: 400; text-align: justify;\"><strong>\u00bfC\u00f3mo disminuir el uso de dispositivos electr\u00f3nicos para retomar la vuelta a clases?\u00a0<\/strong><\/p>\n<p style=\"font-weight: 400; text-align: justify;\">Respecto al uso de pantallas en ni\u00f1os y adolescentes, los expertos advierten que lo \u00f3ptimo es limitar y controlar su uso durante todo el a\u00f1o, incluyendo las vacaciones, ya que incluso puede generar adicci\u00f3n en los menores. La\u00a0Dra. Mar\u00eda Soledad Calvo, psiquiatra infantojuvenil de Cl\u00ednica D\u00e1vila,\u00a0explica que para lograr esto, en primer lugar, se pueden mantener la tecnolog\u00eda fuera del dormitorio de los ni\u00f1os.\u00a0En segundo lugar, es necesario establecer una rutina con l\u00edmites espec\u00edficos para el uso de pantallas y para las horas de sue\u00f1o. En tercer lugar, participar en actividades familiares que no impliquen el uso de dispositivos electr\u00f3nicos como, por ejemplo, juegos de sal\u00f3n, leer un libro de cuentos, escuchar su m\u00fasica favorita, ir al cine, ir al museo, armar rompecabezas o explorar la naturaleza.<\/p>\n<p style=\"font-weight: 400; text-align: justify;\"><strong>Retomar rutinas de sue\u00f1o<\/strong><\/p>\n<p style=\"font-weight: 400; text-align: justify;\">Adem\u00e1s, en vacaciones los h\u00e1bitos se desordenan. Por lo general, los horarios de sue\u00f1o se modifican, se duerme m\u00e1s, se cena m\u00e1s tarde, lo que, seg\u00fan el\u00a0Dr. Sergio Juica, neur\u00f3logo de Cl\u00ednica Biob\u00edo, modifica el reloj biol\u00f3gico, el que controla los patrones de sue\u00f1o.<\/p>\n<p style=\"font-weight: 400; text-align: justify;\">La neur\u00f3loga infantil de\u00a0Cl\u00ednica D\u00e1vila Vespucio, Dra. Paola Le\u00f3n,\u00a0afirma que para retomar las rutinas de sue\u00f1os en los d\u00edas previos al comienzo del a\u00f1o escolar es importante hablar del tema en familia, contarle a los ni\u00f1os y adolescentes c\u00f3mo su desarrollo se puede ver gravemente alterado cuando hay variaciones en los horarios de dormir, si no se consigue un descanso adecuado, y las horas de sue\u00f1o que tienen que tener seg\u00fan la edad.<\/p>\n<p style=\"font-weight: 400; text-align: justify;\">Unos d\u00edas antes del ingreso al colegio hay que empezar a retomar de a poco los horarios que permitan que cada ni\u00f1o, ni\u00f1a y adolescente tenga un descanso adecuado. En este sentido, el\u00a0Dr. Enzo Rivera, neur\u00f3logo de Cl\u00ednica Ciudad del Mar, recomienda partir una semana antes a retomar la rutina. Los dos primeros d\u00edas se debe pedir a los ni\u00f1os y adolescentes que se acuesten a dormir 15 minutos antes; los dos d\u00edas siguientes, 30 minutos m\u00e1s temprano; y as\u00ed, hasta llevarlos a dormir entre las 21:00 y 22:00 horas. \u201cEsto es m\u00e1s dif\u00edcil en adolescentes, pero es la mejor alternativa\u201d, sostiene.<\/p>\n<p style=\"font-weight: 400; text-align: justify;\">Por \u00faltimo, la doctora Le\u00f3n precisa que los preescolares deber\u00edan dormir no menos de 11 o 12 horas; en edad escolar, entre 6 y 10 a\u00f1os, 10 horas; mientras que los adolescentes no menos de 9.<\/p>\n<\/div><\/section><\/div><div  style='height:50px' class='hr hr-invisible   avia-builder-el-6  el_after_av_one_full  el_before_av_social_share '><span class='hr-inner ' ><span class='hr-inner-style'><\/span><\/span><\/div><\/p>\n<div  class='av-social-sharing-box  avia-builder-el-7  el_after_av_hr  el_before_av_hr  '><div class='av-share-box'><h5 class='av-share-link-description av-no-toc '>Compartir esta noticia<\/h5><ul class='av-share-box-list noLightbox'><li class='av-share-link av-social-link-facebook' ><a target=\"_blank\" aria-label=\"Compartir en Facebook\" href='https:\/\/www.facebook.com\/sharer.php?u=https:\/\/radiorevelacionfm.cl\/?p=50707&#038;t=Se%20viene%20marzo%3A%20Consejos%20de%20especialistas%20para%20un%20retorno%20a%20clases%20m%C3%A1s%20armonioso' aria-hidden='false' data-av_icon='\ue8f3' data-av_iconfont='entypo-fontello' title='' data-avia-related-tooltip='Compartir en Facebook' rel=\"noopener\"><span class='avia_hidden_link_text'>Compartir en Facebook<\/span><\/a><\/li><li class='av-share-link av-social-link-twitter' ><a target=\"_blank\" aria-label=\"Compartir en Twitter\" href='https:\/\/twitter.com\/share?text=Se%20viene%20marzo%3A%20Consejos%20de%20especialistas%20para%20un%20retorno%20a%20clases%20m%C3%A1s%20armonioso&#038;url=https:\/\/radiorevelacionfm.cl\/?p=50707' aria-hidden='false' data-av_icon='\ue8f1' data-av_iconfont='entypo-fontello' title='' data-avia-related-tooltip='Compartir en Twitter' rel=\"noopener\"><span class='avia_hidden_link_text'>Compartir en Twitter<\/span><\/a><\/li><li class='av-share-link av-social-link-whatsapp' ><a target=\"_blank\" aria-label=\"Compartir en Whatsapp\" href='https:\/\/api.whatsapp.com\/send?text=https:\/\/radiorevelacionfm.cl\/?p=50707' aria-hidden='false' data-av_icon='\uf232' data-av_iconfont='entypo-fontello' title='' data-avia-related-tooltip='Compartir en Whatsapp' rel=\"noopener\"><span class='avia_hidden_link_text'>Compartir en Whatsapp<\/span><\/a><\/li><li class='av-share-link av-social-link-linkedin' ><a target=\"_blank\" aria-label=\"Compartir en LinkedIn\" href='https:\/\/linkedin.com\/shareArticle?mini=true&#038;title=Se%20viene%20marzo%3A%20Consejos%20de%20especialistas%20para%20un%20retorno%20a%20clases%20m%C3%A1s%20armonioso&#038;url=https:\/\/radiorevelacionfm.cl\/?p=50707' aria-hidden='false' data-av_icon='\ue8fc' data-av_iconfont='entypo-fontello' title='' data-avia-related-tooltip='Compartir en LinkedIn' rel=\"noopener\"><span class='avia_hidden_link_text'>Compartir en LinkedIn<\/span><\/a><\/li><li class='av-share-link av-social-link-mail' ><a  aria-label=\"Compartir por correo\" href='mailto:?subject=Se%20viene%20marzo%3A%20Consejos%20de%20especialistas%20para%20un%20retorno%20a%20clases%20m%C3%A1s%20armonioso&#038;body=https:\/\/radiorevelacionfm.cl\/?p=50707' aria-hidden='false' data-av_icon='\ue805' data-av_iconfont='entypo-fontello' title='' data-avia-related-tooltip='Compartir por correo'><span class='avia_hidden_link_text'>Compartir por correo<\/span><\/a><\/li><\/ul><\/div><\/div>\n<div  style='height:50px' class='hr hr-invisible   avia-builder-el-8  el_after_av_social_share  el_before_av_comments_list '><span class='hr-inner ' ><span class='hr-inner-style'><\/span><\/span><\/div>\n<div  class='av-buildercomment  av-blog-meta-html-info-disabled av-blog-meta-tag-disabled  '><\/div>\n","protected":false},"excerpt":{"rendered":"","protected":false},"author":1,"featured_media":50708,"comment_status":"open","ping_status":"open","sticky":false,"template":"","format":"standard","meta":{"footnotes":""},"categories":[49],"tags":[],"class_list":["post-50707","post","type-post","status-publish","format-standard","has-post-thumbnail","hentry","category-educacion"],"jetpack_featured_media_url":"https:\/\/radiorevelacionfm.cl\/wp-content\/uploads\/2025\/02\/kids-getting-back-school-together-1_optimized-1.jpg","_links":{"self":[{"href":"https:\/\/radiorevelacionfm.cl\/index.php?rest_route=\/wp\/v2\/posts\/50707","targetHints":{"allow":["GET"]}}],"collection":[{"href":"https:\/\/radiorevelacionfm.cl\/index.php?rest_route=\/wp\/v2\/posts"}],"about":[{"href":"https:\/\/radiorevelacionfm.cl\/index.php?rest_route=\/wp\/v2\/types\/post"}],"author":[{"embeddable":true,"href":"https:\/\/radiorevelacionfm.cl\/index.php?rest_route=\/wp\/v2\/users\/1"}],"replies":[{"embeddable":true,"href":"https:\/\/radiorevelacionfm.cl\/index.php?rest_route=%2Fwp%2Fv2%2Fcomments&post=50707"}],"version-history":[{"count":1,"href":"https:\/\/radiorevelacionfm.cl\/index.php?rest_route=\/wp\/v2\/posts\/50707\/revisions"}],"predecessor-version":[{"id":50709,"href":"https:\/\/radiorevelacionfm.cl\/index.php?rest_route=\/wp\/v2\/posts\/50707\/revisions\/50709"}],"wp:featuredmedia":[{"embeddable":true,"href":"https:\/\/radiorevelacionfm.cl\/index.php?rest_route=\/wp\/v2\/media\/50708"}],"wp:attachment":[{"href":"https:\/\/radiorevelacionfm.cl\/index.php?rest_route=%2Fwp%2Fv2%2Fmedia&parent=50707"}],"wp:term":[{"taxonomy":"category","embeddable":true,"href":"https:\/\/radiorevelacionfm.cl\/index.php?rest_route=%2Fwp%2Fv2%2Fcategories&post=50707"},{"taxonomy":"post_tag","embeddable":true,"href":"https:\/\/radiorevelacionfm.cl\/index.php?rest_route=%2Fwp%2Fv2%2Ftags&post=50707"}],"curies":[{"name":"wp","href":"https:\/\/api.w.org\/{rel}","templated":true}]}}