{"id":50699,"date":"2025-02-19T10:47:21","date_gmt":"2025-02-19T13:47:21","guid":{"rendered":"https:\/\/radiorevelacionfm.cl\/?p=50699"},"modified":"2025-02-19T10:47:21","modified_gmt":"2025-02-19T13:47:21","slug":"isl-presente-en-las-cuatro-provincias-se-reabre-la-oficina-de-atencion-presencial-en-chile-chico","status":"publish","type":"post","link":"https:\/\/radiorevelacionfm.cl\/?p=50699","title":{"rendered":"ISL presente en las cuatro provincias: se reabre la oficina de atenci\u00f3n presencial en Chile Chico"},"content":{"rendered":"<div class=\"flex_column av_one_full  flex_column_div av-zero-column-padding first  avia-builder-el-0  el_before_av_one_full  avia-builder-el-first  \" style='border-radius:0px; '><div  class='avia-image-container  av-styling-    avia-builder-el-1  avia-builder-el-no-sibling  avia-align-center '  itemprop=\"image\" itemscope=\"itemscope\" itemtype=\"https:\/\/schema.org\/ImageObject\"  ><div class='avia-image-container-inner'><div class='avia-image-overlay-wrap'><img decoding=\"async\" class='wp-image-50700 avia-img-lazy-loading-not-50700 avia_image' src=\"https:\/\/radiorevelacionfm.cl\/wp-content\/uploads\/2025\/02\/Reapertura-Of-Presencial-Chile-Chico_ISL-2-1-1.jpeg\" alt='' title='Reapertura Of Presencial Chile Chico_ISL 2 (1) (1)' height=\"600\" width=\"800\"  itemprop=\"thumbnailUrl\" srcset=\"https:\/\/radiorevelacionfm.cl\/wp-content\/uploads\/2025\/02\/Reapertura-Of-Presencial-Chile-Chico_ISL-2-1-1.jpeg 800w, https:\/\/radiorevelacionfm.cl\/wp-content\/uploads\/2025\/02\/Reapertura-Of-Presencial-Chile-Chico_ISL-2-1-1-300x225.jpeg 300w, https:\/\/radiorevelacionfm.cl\/wp-content\/uploads\/2025\/02\/Reapertura-Of-Presencial-Chile-Chico_ISL-2-1-1-768x576.jpeg 768w, https:\/\/radiorevelacionfm.cl\/wp-content\/uploads\/2025\/02\/Reapertura-Of-Presencial-Chile-Chico_ISL-2-1-1-705x529.jpeg 705w, https:\/\/radiorevelacionfm.cl\/wp-content\/uploads\/2025\/02\/Reapertura-Of-Presencial-Chile-Chico_ISL-2-1-1-450x338.jpeg 450w, https:\/\/radiorevelacionfm.cl\/wp-content\/uploads\/2025\/02\/Reapertura-Of-Presencial-Chile-Chico_ISL-2-1-1-600x450.jpeg 600w\" sizes=\"(max-width: 800px) 100vw, 800px\" \/><\/div><\/div><\/div><\/div><div class=\"flex_column av_one_full  flex_column_div av-zero-column-padding first  avia-builder-el-2  el_after_av_one_full  el_before_av_one_full  column-top-margin\" style='border-radius:0px; '><section class=\"av_textblock_section \"  itemscope=\"itemscope\" itemtype=\"https:\/\/schema.org\/BlogPosting\" itemprop=\"blogPost\" ><div class='avia_textblock  '   itemprop=\"text\" ><p style=\"text-align: center;\"><span style=\"font-size: 18pt;\"><b>ISL presente en las cuatro provincias: se reabre la oficina de atenci\u00f3n presencial en Chile Chico<\/b><\/span><\/p>\n<div id=\"gtx-trans\" style=\"position: absolute; left: -50px; top: 4.31534px;\">\n<div class=\"gtx-trans-icon\"><\/div>\n<\/div>\n<\/div><\/section><\/div><div class=\"flex_column av_one_full  flex_column_div av-zero-column-padding first  avia-builder-el-4  el_after_av_one_full  el_before_av_hr  column-top-margin\" style='border-radius:0px; '><section class=\"av_textblock_section \"  itemscope=\"itemscope\" itemtype=\"https:\/\/schema.org\/BlogPosting\" itemprop=\"blogPost\" ><div class='avia_textblock  '   itemprop=\"text\" ><p style=\"text-align: justify;\"><em>Con ello se refuerza la presencia de la cartera del Trabajo y Previsi\u00f3n Social, a trav\u00e9s de este piloto nacional donde su funcionario no s\u00f3lo atender\u00e1 a p\u00fablico sino que entregar\u00e1 prestaciones como prevencionista de riesgo.<\/em><\/p>\n<p class=\"v1MsoNormal\" style=\"text-align: justify;\">Con un corte de cinta se reinaugur\u00f3 la oficina de atenci\u00f3n presencial del Instituto de Seguridad Laboral, ISL, en Chile Chico, compromiso cumplido del Gobierno del Presidente Gabriel Boric, y anhelo de la comunidad de Chile Chico, con lo cual, la instituci\u00f3n vuelve a tener presencia en las cuatro provincias de la Regi\u00f3n de Ays\u00e9n.<\/p>\n<p class=\"v1MsoNormal\" style=\"text-align: justify;\">En este hito participaron la Delegada(s) presidencial provincial de General Carrera, Lorena Guerrero, el Alcalde Ariel Keim y concejal Mario Figueroa; la Seremi del Trabajo y Previsi\u00f3n Social, Camila Covarrubias, la Directora regional del ISL, J\u00e9ssica Coronado y parte de su equipo, adem\u00e1s de la representante del Instituto de Previsi\u00f3n Social, IPS ChileAtiende, Elvira Vargas. Este logro se pudo concretar gracias al convenio existente ente el ISL y el IPS, quienes lo albergar\u00e1n en sus oficinas.<\/p>\n<p class=\"v1MsoNormal\" style=\"text-align: justify;\">La Delegada(s) provincial del General Carrera, Lorena Guerrero, hizo hincapi\u00e9 en el rol del ISL como Administrador de la Ley de 16.744 de Accidentes Laborales y Enfermedades Profesionales, \u00abValorar el trabajo colaborativo tanto del Gobierno local como del Gobierno central, en representaci\u00f3n de la delegaci\u00f3n y del Presidente Boric, esta oficina del ISL viene a complementar todas las acciones que hay en \u00e1mbito laboral, como las 40 horas. Las mutualidades privadas no tienen oficinas instaladas ac\u00e1, por lo tanto, esperamos que no solo las peque\u00f1as empresas, sino que tambi\u00e9n las grandes empresas accedan a la atenci\u00f3n que va a otorgar el ISL, tanto en materia preventiva como en materia de accidentes laborales. Y tambi\u00e9n en mi doble rol, de directora del hospital, el hospital va a estar abierto y a disposici\u00f3n de la salud de los trabajadores\u00bb, afirm\u00f3 la autoridad.<\/p>\n<p class=\"v1MsoNormal\" style=\"text-align: justify;\">La Seremi del Trabajo y Previsi\u00f3n Social, Camila Covarrubias, destac\u00f3 la presencia de la cartera en la provincia, ya que prontamente tambi\u00e9n se abrir\u00e1 una oficina de la Direcci\u00f3n del Trabajo y el piloto del cual se har\u00e1 cargo el funcionario Adri\u00e1n Castillo, \u00abBuenas noticias para Chile Chico, podemos hoy d\u00eda decir que reabrimos la oficina del Instituto de Seguridad laboral, ISL, este compromiso que tenemos como Ministerio del Trabajo y Previsi\u00f3n Social de estar presente en el territorio y que muy prontamente vamos a poder estar con presencia del ISL, IPS y de la DT en la comuna, adem\u00e1s de las instancias que hemos tenido de conversaci\u00f3n con el Alcalde, de planificar y ver c\u00f3mo podemos proyectar el trabajo tambi\u00e9n con nuestro servicio Sence. As\u00ed que muy contentos de poder presentar a este nuevo funcionario, Adri\u00e1n, quien va a poder desarrollar un piloto en la comuna que tiene que ver con esta doble funci\u00f3n que va a cumplir, de prevenci\u00f3n y tambi\u00e9n de atenci\u00f3n a p\u00fablico. Esta es la primera comuna que lo tiene a nivel pa\u00eds, as\u00ed que tambi\u00e9n es todo un desaf\u00edo y esperamos que todos los trabajadores y las trabajadoras, tambi\u00e9n los empleadores, puedan recibir la orientaci\u00f3n necesaria\u00bb.<\/p>\n<p class=\"v1MsoNormal\" style=\"text-align: justify;\">\u00abCreemos fielmente en la importancia que tiene acercar los servicios p\u00fablicos a la comunidad y a las personas, y en base a esa l\u00ednea, es que estamos felices de poder reabrir las atenciones del ISL en la comuna de Chile Chico, esperando por supuesto, que los trabajadores, las trabajadoras y los empleadores puedan tener este espacio donde puedan recibir la orientaci\u00f3n necesaria, las prevenciones y todas las orientaciones que sean requeridas por ellos, en virtud de la seguridad de las y los trabajadores\u00bb, mencion\u00f3 la Directora regional del ISL, J\u00e9ssica Coronado.<\/p>\n<p class=\"v1MsoNormal\" style=\"text-align: justify;\">Por su parte, el Alcalde Ariel Keim, recalc\u00f3 la importancia de la presencia permanente de los servicios p\u00fablicos en la capital provincial, lo cual se proyecta tambi\u00e9n hacia las otras localidad, \u00abUna tremenda labor en el plano local, de apoyo, de orientaci\u00f3n y, sobre todo, de compromiso con que se hagan las cosas bien, se velen por los derechos de los trabajadores como tambi\u00e9n de sus condiciones laborales. Y eso sin duda que se agradece la red de apoyo para los trabajadores y su familia, siempre son importantes, por lo tanto, estamos muy contentos de que se est\u00e9 activando nuevamente la oficina del ISL. Una oficina que a\u00f1or\u00e1bamos hace mucho rato y que est\u00e1bamos insistiendo a la delegaci\u00f3n, muy contentos que se haya escuchado el llamado de la comunidad, que hoy ya podamos estar cortando cinta y esperamos que tambi\u00e9n se siga fortaleciendo el trabajo de la institucionalidad en nuestra comuna, tanto en Chile Chico como en las localidades del interior. Solo palabras de agradecimiento, sobre todo al personal del IPS tambi\u00e9n, que siempre cumple un rol muy importante, creo que esta asociatividad ISL-IPS ha funcionado a la perfecci\u00f3n y por supuesto, desde el municipio todo el apoyo para que podamos generar una buena red de trabajo en conjunto, por el bienestar de cada uno de nuestros vecinos\u00bb.<\/p>\n<p class=\"v1MsoNormal\" style=\"text-align: justify;\">La atenci\u00f3n de la oficina de Chile Chico ser\u00e1 de lunes a viernes, entre 08:30 y 13:30, en dependencias del Instituto de Previsi\u00f3n Social, IPS ChileAtiende, ubicada en Ram\u00f3n Freire n\u00b080.<\/p>\n<\/div><\/section><\/div><div  style='height:50px' class='hr hr-invisible   avia-builder-el-6  el_after_av_one_full  el_before_av_social_share '><span class='hr-inner ' ><span class='hr-inner-style'><\/span><\/span><\/div><\/p>\n<div  class='av-social-sharing-box  avia-builder-el-7  el_after_av_hr  el_before_av_hr  '><div class='av-share-box'><h5 class='av-share-link-description av-no-toc '>Compartir esta noticia<\/h5><ul class='av-share-box-list noLightbox'><li class='av-share-link av-social-link-facebook' ><a target=\"_blank\" aria-label=\"Compartir en Facebook\" href='https:\/\/www.facebook.com\/sharer.php?u=https:\/\/radiorevelacionfm.cl\/?p=50699&#038;t=ISL%20presente%20en%20las%20cuatro%20provincias%3A%20se%20reabre%20la%20oficina%20de%20atenci%C3%B3n%20presencial%20en%20Chile%20Chico' aria-hidden='false' data-av_icon='\ue8f3' data-av_iconfont='entypo-fontello' title='' data-avia-related-tooltip='Compartir en Facebook' rel=\"noopener\"><span class='avia_hidden_link_text'>Compartir en Facebook<\/span><\/a><\/li><li class='av-share-link av-social-link-twitter' ><a target=\"_blank\" aria-label=\"Compartir en Twitter\" href='https:\/\/twitter.com\/share?text=ISL%20presente%20en%20las%20cuatro%20provincias%3A%20se%20reabre%20la%20oficina%20de%20atenci%C3%B3n%20presencial%20en%20Chile%20Chico&#038;url=https:\/\/radiorevelacionfm.cl\/?p=50699' aria-hidden='false' data-av_icon='\ue8f1' data-av_iconfont='entypo-fontello' title='' data-avia-related-tooltip='Compartir en Twitter' rel=\"noopener\"><span class='avia_hidden_link_text'>Compartir en Twitter<\/span><\/a><\/li><li class='av-share-link av-social-link-whatsapp' ><a target=\"_blank\" aria-label=\"Compartir en Whatsapp\" href='https:\/\/api.whatsapp.com\/send?text=https:\/\/radiorevelacionfm.cl\/?p=50699' aria-hidden='false' data-av_icon='\uf232' data-av_iconfont='entypo-fontello' title='' data-avia-related-tooltip='Compartir en Whatsapp' rel=\"noopener\"><span class='avia_hidden_link_text'>Compartir en Whatsapp<\/span><\/a><\/li><li class='av-share-link av-social-link-linkedin' ><a target=\"_blank\" aria-label=\"Compartir en LinkedIn\" href='https:\/\/linkedin.com\/shareArticle?mini=true&#038;title=ISL%20presente%20en%20las%20cuatro%20provincias%3A%20se%20reabre%20la%20oficina%20de%20atenci%C3%B3n%20presencial%20en%20Chile%20Chico&#038;url=https:\/\/radiorevelacionfm.cl\/?p=50699' aria-hidden='false' data-av_icon='\ue8fc' data-av_iconfont='entypo-fontello' title='' data-avia-related-tooltip='Compartir en LinkedIn' rel=\"noopener\"><span class='avia_hidden_link_text'>Compartir en LinkedIn<\/span><\/a><\/li><li class='av-share-link av-social-link-mail' ><a  aria-label=\"Compartir por correo\" href='mailto:?subject=ISL%20presente%20en%20las%20cuatro%20provincias%3A%20se%20reabre%20la%20oficina%20de%20atenci%C3%B3n%20presencial%20en%20Chile%20Chico&#038;body=https:\/\/radiorevelacionfm.cl\/?p=50699' aria-hidden='false' data-av_icon='\ue805' data-av_iconfont='entypo-fontello' title='' data-avia-related-tooltip='Compartir por correo'><span class='avia_hidden_link_text'>Compartir por correo<\/span><\/a><\/li><\/ul><\/div><\/div>\n<div  style='height:50px' class='hr hr-invisible   avia-builder-el-8  el_after_av_social_share  el_before_av_comments_list '><span class='hr-inner ' ><span class='hr-inner-style'><\/span><\/span><\/div>\n<div  class='av-buildercomment  av-blog-meta-html-info-disabled av-blog-meta-tag-disabled  '><\/div>\n","protected":false},"excerpt":{"rendered":"","protected":false},"author":1,"featured_media":50700,"comment_status":"open","ping_status":"open","sticky":false,"template":"","format":"standard","meta":{"footnotes":""},"categories":[56],"tags":[],"class_list":["post-50699","post","type-post","status-publish","format-standard","has-post-thumbnail","hentry","category-trabajo"],"jetpack_featured_media_url":"https:\/\/radiorevelacionfm.cl\/wp-content\/uploads\/2025\/02\/Reapertura-Of-Presencial-Chile-Chico_ISL-2-1-1.jpeg","_links":{"self":[{"href":"https:\/\/radiorevelacionfm.cl\/index.php?rest_route=\/wp\/v2\/posts\/50699","targetHints":{"allow":["GET"]}}],"collection":[{"href":"https:\/\/radiorevelacionfm.cl\/index.php?rest_route=\/wp\/v2\/posts"}],"about":[{"href":"https:\/\/radiorevelacionfm.cl\/index.php?rest_route=\/wp\/v2\/types\/post"}],"author":[{"embeddable":true,"href":"https:\/\/radiorevelacionfm.cl\/index.php?rest_route=\/wp\/v2\/users\/1"}],"replies":[{"embeddable":true,"href":"https:\/\/radiorevelacionfm.cl\/index.php?rest_route=%2Fwp%2Fv2%2Fcomments&post=50699"}],"version-history":[{"count":1,"href":"https:\/\/radiorevelacionfm.cl\/index.php?rest_route=\/wp\/v2\/posts\/50699\/revisions"}],"predecessor-version":[{"id":50701,"href":"https:\/\/radiorevelacionfm.cl\/index.php?rest_route=\/wp\/v2\/posts\/50699\/revisions\/50701"}],"wp:featuredmedia":[{"embeddable":true,"href":"https:\/\/radiorevelacionfm.cl\/index.php?rest_route=\/wp\/v2\/media\/50700"}],"wp:attachment":[{"href":"https:\/\/radiorevelacionfm.cl\/index.php?rest_route=%2Fwp%2Fv2%2Fmedia&parent=50699"}],"wp:term":[{"taxonomy":"category","embeddable":true,"href":"https:\/\/radiorevelacionfm.cl\/index.php?rest_route=%2Fwp%2Fv2%2Fcategories&post=50699"},{"taxonomy":"post_tag","embeddable":true,"href":"https:\/\/radiorevelacionfm.cl\/index.php?rest_route=%2Fwp%2Fv2%2Ftags&post=50699"}],"curies":[{"name":"wp","href":"https:\/\/api.w.org\/{rel}","templated":true}]}}