{"id":50685,"date":"2025-02-18T18:41:34","date_gmt":"2025-02-18T21:41:34","guid":{"rendered":"https:\/\/radiorevelacionfm.cl\/?p=50685"},"modified":"2025-02-18T18:41:34","modified_gmt":"2025-02-18T21:41:34","slug":"preocupacion-en-el-core-por-falta-de-monitoreo-de-contaminacion-minera-en-cuenca-de-alto-manihuales","status":"publish","type":"post","link":"https:\/\/radiorevelacionfm.cl\/?p=50685","title":{"rendered":"Preocupaci\u00f3n en el Core por falta de monitoreo de contaminaci\u00f3n minera en cuenca de Alto Ma\u00f1ihuales"},"content":{"rendered":"<div class=\"flex_column av_one_full  flex_column_div av-zero-column-padding first  avia-builder-el-0  el_before_av_one_full  avia-builder-el-first  \" style='border-radius:0px; '><div  class='avia-image-container  av-styling-    avia-builder-el-1  avia-builder-el-no-sibling  avia-align-center '  itemprop=\"image\" itemscope=\"itemscope\" itemtype=\"https:\/\/schema.org\/ImageObject\"  ><div class='avia-image-container-inner'><div class='avia-image-overlay-wrap'><img decoding=\"async\" class='wp-image-50686 avia-img-lazy-loading-not-50686 avia_image' src=\"https:\/\/radiorevelacionfm.cl\/wp-content\/uploads\/2025\/02\/minera-archivo-1-1_optimized.jpg\" alt='' title='minera-archivo-(1)-(1)_optimized' height=\"600\" width=\"977\"  itemprop=\"thumbnailUrl\" srcset=\"https:\/\/radiorevelacionfm.cl\/wp-content\/uploads\/2025\/02\/minera-archivo-1-1_optimized.jpg 977w, https:\/\/radiorevelacionfm.cl\/wp-content\/uploads\/2025\/02\/minera-archivo-1-1_optimized-300x184.jpg 300w, https:\/\/radiorevelacionfm.cl\/wp-content\/uploads\/2025\/02\/minera-archivo-1-1_optimized-768x472.jpg 768w, https:\/\/radiorevelacionfm.cl\/wp-content\/uploads\/2025\/02\/minera-archivo-1-1_optimized-705x433.jpg 705w, https:\/\/radiorevelacionfm.cl\/wp-content\/uploads\/2025\/02\/minera-archivo-1-1_optimized-450x276.jpg 450w, https:\/\/radiorevelacionfm.cl\/wp-content\/uploads\/2025\/02\/minera-archivo-1-1_optimized-600x368.jpg 600w\" sizes=\"(max-width: 977px) 100vw, 977px\" \/><\/div><\/div><\/div><\/div><div class=\"flex_column av_one_full  flex_column_div av-zero-column-padding first  avia-builder-el-2  el_after_av_one_full  el_before_av_one_full  column-top-margin\" style='border-radius:0px; '><section class=\"av_textblock_section \"  itemscope=\"itemscope\" itemtype=\"https:\/\/schema.org\/BlogPosting\" itemprop=\"blogPost\" ><div class='avia_textblock  '   itemprop=\"text\" ><p style=\"text-align: center;\"><span style=\"font-size: 18pt;\"><b>Preocupaci\u00f3n en el Core por falta de monitoreo de contaminaci\u00f3n minera en cuenca de Alto Ma\u00f1ihuales<span class=\"v1gmail-Apple-converted-space\">\u00a0<\/span><\/b><\/span><\/p>\n<div id=\"gtx-trans\" style=\"position: absolute; left: -50px; top: 4.31534px;\">\n<div class=\"gtx-trans-icon\"><\/div>\n<\/div>\n<\/div><\/section><\/div><div class=\"flex_column av_one_full  flex_column_div av-zero-column-padding first  avia-builder-el-4  el_after_av_one_full  el_before_av_hr  column-top-margin\" style='border-radius:0px; '><section class=\"av_textblock_section \"  itemscope=\"itemscope\" itemtype=\"https:\/\/schema.org\/BlogPosting\" itemprop=\"blogPost\" ><div class='avia_textblock  '   itemprop=\"text\" ><p class=\"v1MsoNormal\" style=\"text-align: justify;\"><i>Durante la sesi\u00f3n de enero se constat\u00f3 que a pesar de la importancia de generar conocimiento que permita prevenir la contaminaci\u00f3n de cuencas y r\u00edos, y en algunos casos recuperarlos, este tema no se ha asumido con fuerza.<\/i><\/p>\n<p class=\"v1MsoNormal\" style=\"text-align: justify;\"><i>El actual presidente de la comisi\u00f3n, Benjam\u00edn Infante, se comprometi\u00f3 a hacer seguimiento a este tema.<\/i><\/p>\n<p class=\"v1MsoNormal\" style=\"text-align: justify;\">En el contexto de la<span class=\"v1gmail-Apple-converted-space\">\u00a0<\/span><a href=\"https:\/\/www.youtube.com\/watch?v=7_v4hpwgsnQ&amp;t=3792s\" target=\"_blank\" rel=\"noopener noreferrer\">aprobaci\u00f3n del presupuesto del Centro de Investigaci\u00f3n de Ecosistemas de la Patagonia (CIEP)<\/a><span class=\"v1gmail-Apple-converted-space\">\u00a0<\/span>por parte del Consejo Regional de Ays\u00e9n emergi\u00f3 con fuerza<span class=\"v1gmail-Apple-converted-space\">\u00a0<\/span><b>la contaminaci\u00f3n de los r\u00edos en la regi\u00f3n<\/b>. En concreto, se debati\u00f3 sobre los esfuerzos que se est\u00e1n realizando para monitorear la situaci\u00f3n de los<span class=\"v1gmail-Apple-converted-space\">\u00a0<\/span><b>r\u00edos Ays\u00e9n, Ma\u00f1ihuales y El Toqui<\/b>.<\/p>\n<p class=\"v1MsoNormal\" style=\"text-align: justify;\">Este tema fue abordado en la<span class=\"v1gmail-Apple-converted-space\">\u00a0<\/span><b>Comisi\u00f3n de Ciencia, Tecnolog\u00eda e Innovaci\u00f3n<\/b>, a principios de enero, durante la presentaci\u00f3n de las acciones del CIEP.\u00a0<span class=\"v1gmail-Apple-converted-space\">\u00a0<\/span>En la ocasi\u00f3n, los consejeros consultaron sobre la labores que se han realizado al respecto, apuntando a que es necesario profundizar las investigaciones sobre el estado actual de las cuencas hidrogr\u00e1ficas de Ays\u00e9n, particularmente en t\u00e9rminos del impacto de actividades productivas como la miner\u00eda.<\/p>\n<p class=\"v1MsoNormal\" style=\"text-align: justify;\">Fue el hoy ex<span class=\"v1gmail-Apple-converted-space\">\u00a0<\/span><b>consejero Manuel Curinao<\/b><span class=\"v1gmail-Apple-converted-space\">\u00a0<\/span>quien puso el tema en debate, recordando que ha denunciado reiteradamente la contaminaci\u00f3n de estos afluentes.<\/p>\n<p class=\"v1MsoNormal\" style=\"text-align: justify;\">\u00abVeo la desgracia que est\u00e1 ocurriendo en la regi\u00f3n.\u00a0<span class=\"v1gmail-Apple-converted-space\">\u00a0<\/span>No tenemos a nadie fiscalizando eso&#8230;. All\u00ed se est\u00e1n tirando los residuos industriales l\u00edquidos al r\u00edo. En alg\u00fan momento cuando pedimos ayuda al CIEP, con gente de Ma\u00f1ihuales m\u00e1s que nada ecologistas, se hicieron los an\u00e1lisis, pero nunca tuvimos los resultados porque no hab\u00eda dinero para analizar las aguas en su laboratorio y enviarlas fuera, tampoco\u00bb, plante\u00f3.<\/p>\n<p class=\"v1MsoNormal\" style=\"text-align: justify;\">Explic\u00f3 que maneja informaci\u00f3n de que en las aguas de la zona, particularmente, en Alto Ma\u00f1ihuales, \u00abhay ars\u00e9nico, plomo, bismuto, cianuro y mercurio, que son todos metales pesados\u00bb, lo cual -indic\u00f3- ha generado graves problemas de salud en la poblaci\u00f3n, incluyendo casos de c\u00e1ncer y niveles alarmantes de metales pesados en la sangre de ni\u00f1os de apenas cuatro meses.<\/p>\n<p class=\"v1MsoNormal\" style=\"text-align: justify;\">\u00abAqu\u00ed no queda duda de que todos est\u00e1n en conocimiento: desde la Seremi de Salud, la Gobernaci\u00f3n de Coyhaique, la Municipalidad de Coyhaique, la Municipalidad de Ays\u00e9n, todos est\u00e1n en conocimiento. All\u00e1 estuvo el senador Sandoval, pero cuando vio la cosa fea, arranc\u00f3 y no volvi\u00f3 nunca m\u00e1s\u00bb<span class=\"v1gmail-Apple-converted-space\">\u00a0<\/span>dijo Manuel Curinao. \u00abNosotros viajamos y nos rascamos con nuestras propias u\u00f1as. Aqu\u00ed no hubo apoyo ni del gobierno, ni de las municipalidades, ni de nadie. Los campesinos del sector, que eran los m\u00e1s complicados, luchaban solos por sobrevivir\u00bb puntualiz\u00f3.<\/p>\n<p class=\"v1MsoNormal\" style=\"text-align: justify;\">El<span class=\"v1gmail-Apple-converted-space\">\u00a0<\/span><b>subdirector de Investigaci\u00f3n del CIEP Brian Reid<\/b>, quien ha trabajado en el monitoreo de la calidad del agua de los r\u00edos y lagos de la regi\u00f3n, confirm\u00f3 la existencia de contaminaci\u00f3n por metales pesados, aunque desde las empresas se ha intentado minimizar el problema. \u00abLo que yo vi en una larga trayectoria de an\u00e1lisis de agua, es que de vez en cuando hab\u00eda niveles de ars\u00e9nico, plomo y zinc por sobre de la norma. Pero cada vez que ocurr\u00eda eso, la empresa dec\u00eda que era algo espont\u00e1neo o que suced\u00eda eventualmente. Pero si se re\u00fanen los datos, se ve que en promedio ocurre bastantes veces que hay niveles de metales pesados por sobre la norma, en promedio a lo largo del tiempo\u00bb<span class=\"v1gmail-Apple-converted-space\">\u00a0<\/span>explic\u00f3 Reid.<\/p>\n<p class=\"v1MsoNormal\" style=\"text-align: justify;\">En aquella \u00e9poca fue<span class=\"v1gmail-Apple-converted-space\">\u00a0<\/span><b>Cristian L\u00f3pez Montecinos<\/b>, en calidad de gobernador de Coyhaique, uno de los<span class=\"v1gmail-Apple-converted-space\">\u00a0<\/span><a href=\"http:\/\/www.gobernacioncoihaique.gov.cl\/sin-categoria\/gobernador-lopez-montecinos-lidera-reunion-de-mesa-tripartita-de-soluciones-ambientales-de-alto-manihuales\/\" target=\"_blank\" rel=\"noopener noreferrer\">articuladores de las mesas de trabajo que permitieron<\/a><span class=\"v1gmail-Apple-converted-space\">\u00a0<\/span>que la empresa minera El Toqui llegara a acuerdos, principalmente de tipo econ\u00f3micos, con las familias del sector. Esto, en circunstancias que el Colegio M\u00e9dico hab\u00eda constatado peligrosos niveles de contaminaci\u00f3n en personas, ganado, suelo y agua por<span class=\"v1gmail-Apple-converted-space\">\u00a0<\/span><a href=\"https:\/\/codexverde.cl\/colegio-medico-detecta-altos-niveles-de-arsenico-plomo-y-mercurio-en-aguas-de-alto-manihuales\/\" target=\"_blank\" rel=\"noopener noreferrer\">plomo, ars\u00e9nico y mercurio<\/a>.<\/p>\n<p class=\"v1MsoNormal\" style=\"text-align: justify;\">Hoy, tambi\u00e9n en \u00e1mbitos relacionados con el sector minero, L\u00f3pez ha sido ministro suplente en el Primer Tribunal Ambiental de Antofagasta y ha concurrido con su firma a los \u00faltimos fallos favorables al proyecto minero portuario Dominga, en Coquimbo.<\/p>\n<p class=\"v1MsoNormal\" style=\"text-align: justify;\">El<span class=\"v1gmail-Apple-converted-space\">\u00a0<\/span><b>actual presidente de la Comisi\u00f3n de Ciencia, Tecnolog\u00eda e Innovaci\u00f3n, Benjam\u00edn Infante,<\/b><span class=\"v1gmail-Apple-converted-space\">\u00a0<\/span>expres\u00f3 la necesidad de hacer seguimiento a este tema, por la importancia de generar conocimiento que permita prevenir la contaminaci\u00f3n de cuencas y r\u00edos, y en algunos casos de recuperarlos.\u00a0Esto, por la relevancia que tienen para la salud de las personas, las actividades productivas agr\u00edcolas y los propios ecosistemas.<\/p>\n<p class=\"v1MsoNormal\" style=\"text-align: justify;\">\u00abLa ciencia debe servir a las personas. Por lo que investigar y establecer con veracidad qu\u00e9 est\u00e1 pasando en Alto Ma\u00f1ihuales es responsabilidad del Estado y particularmente de la Comisi\u00f3n de Ciencias de este Gobierno Regional\u00bb se\u00f1al\u00f3 Infante al respecto.<\/p>\n<p class=\"v1MsoNormal\" style=\"text-align: justify;\">Desde<span class=\"v1gmail-Apple-converted-space\">\u00a0<\/span><b>Corporaci\u00f3n Privada para el Desarrollo de Ays\u00e9n<\/b>, en tanto, hicieron \u00abun llamado urgente a todos los \u00f3rganos del Estado con competencias en la materia, a dejar de actuar con desidia frente al constatado estado de da\u00f1o ambiental causado por la operaci\u00f3n de Minera El Toqui en general y su tranque de relaves Confluencia en particular\u00bb dijo al respecto el<span class=\"v1gmail-Apple-converted-space\">\u00a0<\/span><b>presidente de la organizaci\u00f3n, Erwin Sandoval<\/b>. Agreg\u00f3 que \u00abresulta inaceptable que, a m\u00e1s de una d\u00e9cada, las denuncias interpuestas desde 2014 en adelante no hayan tenido una respuesta contundente de parte de la institucionalidad del Estado dirigida a la recuperaci\u00f3n socio-ambiental de la zona\u00bb.<\/p>\n<p class=\"v1MsoNormal\" style=\"text-align: justify;\">\u00abPor el contrario, al abandono del Estado, se han sumado nuevos hitos de contaminaci\u00f3n ambiental y da\u00f1o a los habitantes locales: como el desborde del tranque de relaves Do\u00f1a Rosa ocurrido, cuyos efectos e impactos ambientales a\u00fan no han sido sancionados, encontr\u00e1ndose en curso un nuevo procedimiento sancionatorio desde diciembre del a\u00f1o 2023\u00bb concluy\u00f3.<\/p>\n<\/div><\/section><\/div><div  style='height:50px' class='hr hr-invisible   avia-builder-el-6  el_after_av_one_full  el_before_av_social_share '><span class='hr-inner ' ><span class='hr-inner-style'><\/span><\/span><\/div><\/p>\n<div  class='av-social-sharing-box  avia-builder-el-7  el_after_av_hr  el_before_av_hr  '><div class='av-share-box'><h5 class='av-share-link-description av-no-toc '>Compartir esta noticia<\/h5><ul class='av-share-box-list noLightbox'><li class='av-share-link av-social-link-facebook' ><a target=\"_blank\" aria-label=\"Compartir en Facebook\" href='https:\/\/www.facebook.com\/sharer.php?u=https:\/\/radiorevelacionfm.cl\/?p=50685&#038;t=Preocupaci%C3%B3n%20en%20el%20Core%20por%20falta%20de%20monitoreo%20de%20contaminaci%C3%B3n%20minera%20en%20cuenca%20de%20Alto%20Ma%C3%B1ihuales' aria-hidden='false' data-av_icon='\ue8f3' data-av_iconfont='entypo-fontello' title='' data-avia-related-tooltip='Compartir en Facebook' rel=\"noopener\"><span class='avia_hidden_link_text'>Compartir en Facebook<\/span><\/a><\/li><li class='av-share-link av-social-link-twitter' ><a target=\"_blank\" aria-label=\"Compartir en Twitter\" href='https:\/\/twitter.com\/share?text=Preocupaci%C3%B3n%20en%20el%20Core%20por%20falta%20de%20monitoreo%20de%20contaminaci%C3%B3n%20minera%20en%20cuenca%20de%20Alto%20Ma%C3%B1ihuales&#038;url=https:\/\/radiorevelacionfm.cl\/?p=50685' aria-hidden='false' data-av_icon='\ue8f1' data-av_iconfont='entypo-fontello' title='' data-avia-related-tooltip='Compartir en Twitter' rel=\"noopener\"><span class='avia_hidden_link_text'>Compartir en Twitter<\/span><\/a><\/li><li class='av-share-link av-social-link-whatsapp' ><a target=\"_blank\" aria-label=\"Compartir en Whatsapp\" href='https:\/\/api.whatsapp.com\/send?text=https:\/\/radiorevelacionfm.cl\/?p=50685' aria-hidden='false' data-av_icon='\uf232' data-av_iconfont='entypo-fontello' title='' data-avia-related-tooltip='Compartir en Whatsapp' rel=\"noopener\"><span class='avia_hidden_link_text'>Compartir en Whatsapp<\/span><\/a><\/li><li class='av-share-link av-social-link-linkedin' ><a target=\"_blank\" aria-label=\"Compartir en LinkedIn\" href='https:\/\/linkedin.com\/shareArticle?mini=true&#038;title=Preocupaci%C3%B3n%20en%20el%20Core%20por%20falta%20de%20monitoreo%20de%20contaminaci%C3%B3n%20minera%20en%20cuenca%20de%20Alto%20Ma%C3%B1ihuales&#038;url=https:\/\/radiorevelacionfm.cl\/?p=50685' aria-hidden='false' data-av_icon='\ue8fc' data-av_iconfont='entypo-fontello' title='' data-avia-related-tooltip='Compartir en LinkedIn' rel=\"noopener\"><span class='avia_hidden_link_text'>Compartir en LinkedIn<\/span><\/a><\/li><li class='av-share-link av-social-link-mail' ><a  aria-label=\"Compartir por correo\" href='mailto:?subject=Preocupaci%C3%B3n%20en%20el%20Core%20por%20falta%20de%20monitoreo%20de%20contaminaci%C3%B3n%20minera%20en%20cuenca%20de%20Alto%20Ma%C3%B1ihuales&#038;body=https:\/\/radiorevelacionfm.cl\/?p=50685' aria-hidden='false' data-av_icon='\ue805' data-av_iconfont='entypo-fontello' title='' data-avia-related-tooltip='Compartir por correo'><span class='avia_hidden_link_text'>Compartir por correo<\/span><\/a><\/li><\/ul><\/div><\/div>\n<div  style='height:50px' class='hr hr-invisible   avia-builder-el-8  el_after_av_social_share  el_before_av_comments_list '><span class='hr-inner ' ><span class='hr-inner-style'><\/span><\/span><\/div>\n<div  class='av-buildercomment  av-blog-meta-html-info-disabled av-blog-meta-tag-disabled  '><\/div>\n","protected":false},"excerpt":{"rendered":"","protected":false},"author":1,"featured_media":50686,"comment_status":"open","ping_status":"open","sticky":false,"template":"","format":"standard","meta":{"footnotes":""},"categories":[38],"tags":[],"class_list":["post-50685","post","type-post","status-publish","format-standard","has-post-thumbnail","hentry","category-regional"],"jetpack_featured_media_url":"https:\/\/radiorevelacionfm.cl\/wp-content\/uploads\/2025\/02\/minera-archivo-1-1_optimized.jpg","_links":{"self":[{"href":"https:\/\/radiorevelacionfm.cl\/index.php?rest_route=\/wp\/v2\/posts\/50685","targetHints":{"allow":["GET"]}}],"collection":[{"href":"https:\/\/radiorevelacionfm.cl\/index.php?rest_route=\/wp\/v2\/posts"}],"about":[{"href":"https:\/\/radiorevelacionfm.cl\/index.php?rest_route=\/wp\/v2\/types\/post"}],"author":[{"embeddable":true,"href":"https:\/\/radiorevelacionfm.cl\/index.php?rest_route=\/wp\/v2\/users\/1"}],"replies":[{"embeddable":true,"href":"https:\/\/radiorevelacionfm.cl\/index.php?rest_route=%2Fwp%2Fv2%2Fcomments&post=50685"}],"version-history":[{"count":1,"href":"https:\/\/radiorevelacionfm.cl\/index.php?rest_route=\/wp\/v2\/posts\/50685\/revisions"}],"predecessor-version":[{"id":50687,"href":"https:\/\/radiorevelacionfm.cl\/index.php?rest_route=\/wp\/v2\/posts\/50685\/revisions\/50687"}],"wp:featuredmedia":[{"embeddable":true,"href":"https:\/\/radiorevelacionfm.cl\/index.php?rest_route=\/wp\/v2\/media\/50686"}],"wp:attachment":[{"href":"https:\/\/radiorevelacionfm.cl\/index.php?rest_route=%2Fwp%2Fv2%2Fmedia&parent=50685"}],"wp:term":[{"taxonomy":"category","embeddable":true,"href":"https:\/\/radiorevelacionfm.cl\/index.php?rest_route=%2Fwp%2Fv2%2Fcategories&post=50685"},{"taxonomy":"post_tag","embeddable":true,"href":"https:\/\/radiorevelacionfm.cl\/index.php?rest_route=%2Fwp%2Fv2%2Ftags&post=50685"}],"curies":[{"name":"wp","href":"https:\/\/api.w.org\/{rel}","templated":true}]}}