{"id":50681,"date":"2025-02-18T16:59:47","date_gmt":"2025-02-18T19:59:47","guid":{"rendered":"https:\/\/radiorevelacionfm.cl\/?p=50681"},"modified":"2025-02-25T12:00:05","modified_gmt":"2025-02-25T15:00:05","slug":"el-dilema-de-los-negocios-sustentables","status":"publish","type":"post","link":"https:\/\/radiorevelacionfm.cl\/?p=50681","title":{"rendered":"El dilema de los negocios sustentables"},"content":{"rendered":"<div class=\"flex_column av_one_full  flex_column_div av-zero-column-padding first  avia-builder-el-0  el_before_av_one_full  avia-builder-el-first  \" style='border-radius:0px; '><div  class='avia-image-container  av-styling-    avia-builder-el-1  avia-builder-el-no-sibling  avia-align-center '  itemprop=\"image\" itemscope=\"itemscope\" itemtype=\"https:\/\/schema.org\/ImageObject\"  ><div class='avia-image-container-inner'><div class='avia-image-overlay-wrap'><img decoding=\"async\" class='wp-image-50682 avia-img-lazy-loading-not-50682 avia_image' src=\"https:\/\/radiorevelacionfm.cl\/wp-content\/uploads\/2025\/02\/Sustentable-1-1.jpg\" alt='' title='Sustentable (1) (1)' height=\"600\" width=\"923\"  itemprop=\"thumbnailUrl\" srcset=\"https:\/\/radiorevelacionfm.cl\/wp-content\/uploads\/2025\/02\/Sustentable-1-1.jpg 923w, https:\/\/radiorevelacionfm.cl\/wp-content\/uploads\/2025\/02\/Sustentable-1-1-300x195.jpg 300w, https:\/\/radiorevelacionfm.cl\/wp-content\/uploads\/2025\/02\/Sustentable-1-1-768x499.jpg 768w, https:\/\/radiorevelacionfm.cl\/wp-content\/uploads\/2025\/02\/Sustentable-1-1-705x458.jpg 705w, https:\/\/radiorevelacionfm.cl\/wp-content\/uploads\/2025\/02\/Sustentable-1-1-450x293.jpg 450w, https:\/\/radiorevelacionfm.cl\/wp-content\/uploads\/2025\/02\/Sustentable-1-1-600x390.jpg 600w\" sizes=\"(max-width: 923px) 100vw, 923px\" \/><\/div><\/div><\/div><\/div><div class=\"flex_column av_one_full  flex_column_div av-zero-column-padding first  avia-builder-el-2  el_after_av_one_full  el_before_av_one_full  column-top-margin\" style='border-radius:0px; '><section class=\"av_textblock_section \"  itemscope=\"itemscope\" itemtype=\"https:\/\/schema.org\/BlogPosting\" itemprop=\"blogPost\" ><div class='avia_textblock  '   itemprop=\"text\" ><p style=\"text-align: center;\"><span style=\"font-size: 18pt;\"><b><span lang=\"ES-TRAD\">El dilema de los negocios sustentables<\/span><\/b><\/span><\/p>\n<div id=\"gtx-trans\" style=\"position: absolute; left: -50px; top: 4.31534px;\">\n<div class=\"gtx-trans-icon\"><\/div>\n<\/div>\n<\/div><\/section><\/div><div class=\"flex_column av_one_full  flex_column_div av-zero-column-padding first  avia-builder-el-4  el_after_av_one_full  el_before_av_hr  column-top-margin\" style='border-radius:0px; '><section class=\"av_textblock_section \"  itemscope=\"itemscope\" itemtype=\"https:\/\/schema.org\/BlogPosting\" itemprop=\"blogPost\" ><div class='avia_textblock  '   itemprop=\"text\" ><p class=\"v1MsoNormal\" style=\"text-align: justify;\"><span lang=\"ES-TRAD\">Uno de los principales factores que definen la sustentabilidad de una empresa, en el modelo econ\u00f3mico global, es que siga existiendo. No es que aporte a la conservaci\u00f3n del medio ambiente. Tampoco que colabore con una mejor sociedad, la calidad de vida de sus trabajadores ni de la sociedad en que se inserta. Es, esencialmente, que pueda seguir operando. En muchos casos, vendiendo.<\/span><\/p>\n<p class=\"v1MsoNormal\" style=\"text-align: justify;\"><span lang=\"ES-TRAD\">Una empresa, como actor econ\u00f3mico, no es una organizaci\u00f3n filantr\u00f3pica, humanitaria ni sin fines de lucro. As\u00ed lo dan a entender todos quienes abordan el tema. \u00ab<i>La sustentabilidad econ\u00f3mica<\/i>\u00bb dicen, en un acto de transparencia, es la prioritaria. Lo dem\u00e1s es un plus, un extra. Un bonus track.<\/span><\/p>\n<p class=\"v1MsoNormal\" style=\"text-align: justify;\"><span lang=\"ES-TRAD\">Y no es aquello incorrecto. Es parte de la organizaci\u00f3n que nos hemos dado, donde la producci\u00f3n y el consumo son el puntal.<\/span><\/p>\n<p class=\"v1MsoNormal\" style=\"text-align: justify;\"><span lang=\"ES-TRAD\">Fue el ensayista y economista V\u00edctor Lebow quien, en el art\u00edculo \u00ab<i><a href=\"https:\/\/whatdoino-steve.blogspot.com\/2007\/12\/victor-lebows-complete-original-1955.html\" target=\"_blank\" rel=\"noopener noreferrer\">Competencia de Precios 1955<\/a><\/i>\u00bb en The Journal of Retailing (la Revista del Minorista), acu\u00f1\u00f3 la frase que debiera conocer todo negocio que se precie: \u00ab<i>Nuestra econom\u00eda enormemente productiva&#8230; pide que hagamos del consumo nuestra forma de vida, que convirtamos la compra y uso de los bienes en un ritual, que busquemos nuestra satisfacci\u00f3n espiritual, nuestra satisfacci\u00f3n del ego, en consumo&#8230; nosotros necesitamos cosas consumidas, quemadas, reemplazadas y descartadas a paso acelerado<\/i>\u00ab.<\/span><\/p>\n<p class=\"v1MsoNormal\" style=\"text-align: justify;\"><span lang=\"ES-TRAD\">Este mantra, tan bien rese\u00f1ado en el corto animado \u00ab<i><a href=\"https:\/\/www.youtube.com\/watch?v=ykfp1WvVqAY\" target=\"_blank\" rel=\"noopener noreferrer\">The Story of Stuffs<\/a><\/i>\u00bb (\u00abLa Historia de las Cosas\u00bb), es la base de nuestra actual forma de vida. En la generalidad, la raya para la suma, el promedio, m\u00e1s all\u00e1 de los espec\u00edficos esfuerzos individuales y colectivos para poner matices. Es la visi\u00f3n que permea, tambi\u00e9n, la pol\u00edtica, las empresas, las escuelas. Los medios de comunicaci\u00f3n.<\/span><\/p>\n<p class=\"v1MsoNormal\" style=\"text-align: justify;\"><span lang=\"ES-TRAD\">Tanto as\u00ed que cuando una d\u00e9cada antes en la Conferencia de Bretton Woods de 1944 se sientan las bases del Nuevo Orden Econ\u00f3mico Mundial ya se siente en el ambiente esta premisa. Terminada la Segunda Guerra Mundial, los pa\u00edses vencedores buscaban fortalecer el sistema econ\u00f3mico global, dando los <a href=\"https:\/\/www.bancomundial.org\/es\/news\/opinion\/2019\/07\/15\/bretton-woods-75\" target=\"_blank\" rel=\"noopener noreferrer\">primeros pasos<\/a>\u00a0para el actual Banco Mundial y el Fondo Monetario Internacional, adem\u00e1s de la Organizaci\u00f3n Mundial de Comercio.\u00a0\u00a0Pero tambi\u00e9n hablaron de otras cosas: se estableci\u00f3 el oro asociado al d\u00f3lar como patr\u00f3n para el comercio internacional (que dur\u00f3 hasta 1971) y se impuls\u00f3 la pol\u00edtica de mercados abiertos y una institucionalidad \u00ab<i>laissez faire<\/i>\u00ab, que no es otra cosa que la desregulaci\u00f3n p\u00fablica.\u00a0\u00a0<\/span><\/p>\n<p class=\"v1MsoNormal\" style=\"text-align: justify;\"><span lang=\"ES-TRAD\">Porque, como dijera Adam Smith en la \u00ab<i>Riqueza de las Naciones<\/i>\u00ab, la mano invisible del mercado nos guiar\u00eda para que en la satisfacci\u00f3n de nuestros intereses particulares aport\u00e1ramos al general.<\/span><\/p>\n<p class=\"v1MsoNormal\" style=\"text-align: justify;\"><span lang=\"ES-TRAD\">Es de esta fuente de pensamiento que nace la idea de los negocios sustentables, con todas sus variantes, que no es m\u00e1s que la necesidad de seguir existiendo.<\/span><\/p>\n<p class=\"v1MsoNormal\" style=\"text-align: justify;\"><span lang=\"ES-TRAD\">Los que se sustentan en la renovabilidad de los elementos de la naturaleza, pero buscan crecer hasta el infinito. Ah\u00ed est\u00e1 la <b>salmonicultura<\/b>\u00a0que pretende seguir expandi\u00e9ndose extensivamente en otras zonas de la Patagonia o intensivamente a trav\u00e9s de la sobreproducci\u00f3n.<\/span><\/p>\n<p class=\"v1MsoNormal\" style=\"text-align: justify;\"><span lang=\"ES-TRAD\">Los que se basan en recursos no renovables, y que s\u00f3lo pueden persistir a medida que engullen m\u00e1s y m\u00e1s territorio. La <b>miner\u00eda<\/b>\u00a0es el ejemplo de laboratorio.<\/span><\/p>\n<p class=\"v1MsoNormal\" style=\"text-align: justify;\"><span lang=\"ES-TRAD\">Los que se cuelgan de la obsolescencia programada, evitando que lo que consumimos pueda durar el mayor tiempo posible. Las <b>ampolletas<\/b>\u00a0son un cl\u00e1sico de esta historia, con el cartel que en 1924 estableci\u00f3 un l\u00edmite para la durabilidad de las\u00a0<a href=\"https:\/\/www.latercera.com\/piensa-digital\/noticia\/obsolescencia-programada-el-viejo-truco-de-quedar-anticuado\/VJTR7XMFHZCIHPB7OOXX45YBRE\/\" target=\"_blank\" rel=\"noopener noreferrer\">bombillas<\/a>. \u00ab<i>Un art\u00edculo que no se desgasta es una tragedia para los negocios<\/i>\u00ab, dijeron pocos a\u00f1os despu\u00e9s en la revista Printer &#8216;s Ink. O que debamos <b>reemplazar (y comprar) el aparato completo<\/b>\u00a0cuando un componente falla, en circunstancias que podr\u00edamos s\u00f3lo cambiar un peque\u00f1o admin\u00edculo.<\/span><\/p>\n<p class=\"v1MsoNormal\" style=\"text-align: justify;\"><span lang=\"ES-TRAD\">Hermana de esta tendencia es la publicidad.\u00a0\u00a0Cada d\u00eda aparecen nuevas formas de vender, como ocurre con las pastas de dientes. <\/span>\u00ab<i>Triple Acci\u00f3n<\/i>\u00ab, \u00ab<i>Luminous Light<\/i>\u00ab, \u00ab<i>White Light<\/i>\u00ab, \u00ab<i>Max White<\/i>\u00ab, \u00ab<i>Total Prevenci\u00f3n Activa<\/i>\u00bb son s\u00f3lo algunas de las versiones a las cuales nos tienen acostumbrados. Uno tras otro. Cada uno -nos dicen- mejor que el otro.<\/p>\n<p class=\"v1MsoNormal\" style=\"text-align: justify;\">El IPad de Apple es otro ejemplo. Aquel aparato con el que Apple arras\u00f3 en 2010. Ese a\u00f1o, con su primera versi\u00f3n, naci\u00f3 la primera tablet con m\u00faltiples funciones. Pero carec\u00eda de una fundamental: c\u00e1mara web.\u00a0 \u00c9sta se incluy\u00f3 en la versi\u00f3n de marzo de 2011. No es cre\u00edble que Steve Jobs no haya previsto -ni contado con la tecnolog\u00eda-\u00a0\u00a0para ya en 2010 incorporar una webcam. Pero algo que habr\u00eda evitado m\u00faltiples desechos, no aportaba a la sustentabilidad de la empresa. Era m\u00e1s conveniente intencionar su reemplazo por el del a\u00f1o siguiente, y el del siguiente, y el del siguiente.<\/p>\n<p class=\"v1MsoNormal\" style=\"text-align: justify;\"><span lang=\"ES-TRAD\">El cine tambi\u00e9n ha hecho lo propio. En la memoria tengo las pel\u00edculas de Hollywood en que muestran la sociedad estadounidense de los a\u00f1os 50 con sus veh\u00edculos y electrodom\u00e9sticos exudando brillo y modernidad, en contraste con sus opacos y desfasados hom\u00f3logos sovi\u00e9ticos. La diferencia es que los primeros estaban hechos para ser reemplazados y desechados a los pocos a\u00f1os, los segundos para resistir el mayor tiempo posible. Y pasar de moda.<\/span><\/p>\n<p class=\"v1MsoNormal\" style=\"text-align: justify;\"><span lang=\"ES-TRAD\">Esta discusi\u00f3n ser\u00eda balad\u00ed si no incidiera dr\u00e1sticamente en la principal y realmente sustentable forma de transformaci\u00f3n que existe en el planeta. La naturaleza. Que es la debemos emular, sin ser m\u00e1rtires ni morir en el intento, claro est\u00e1. Pero s\u00ed partiendo por reflexionar en c\u00f3mo tanto esas empresas sin l\u00edmites ni cortapisas de producci\u00f3n como nuestro propio anhelo de consumo ilimitado (cuya hipertrofia es el consumismo) forman parte de un modelo que no es sustentable ni est\u00e1 hecho para durar.\u00a0<\/span><\/p>\n<\/div><\/section><\/div><div  style='height:50px' class='hr hr-invisible   avia-builder-el-6  el_after_av_one_full  el_before_av_social_share '><span class='hr-inner ' ><span class='hr-inner-style'><\/span><\/span><\/div><\/p>\n<div  class='av-social-sharing-box  avia-builder-el-7  el_after_av_hr  el_before_av_hr  '><div class='av-share-box'><h5 class='av-share-link-description av-no-toc '>Compartir esta noticia<\/h5><ul class='av-share-box-list noLightbox'><li class='av-share-link av-social-link-facebook' ><a target=\"_blank\" aria-label=\"Compartir en Facebook\" href='https:\/\/www.facebook.com\/sharer.php?u=https:\/\/radiorevelacionfm.cl\/?p=50681&#038;t=El%20dilema%20de%20los%20negocios%20sustentables' aria-hidden='false' data-av_icon='\ue8f3' data-av_iconfont='entypo-fontello' title='' data-avia-related-tooltip='Compartir en Facebook' rel=\"noopener\"><span class='avia_hidden_link_text'>Compartir en Facebook<\/span><\/a><\/li><li class='av-share-link av-social-link-twitter' ><a target=\"_blank\" aria-label=\"Compartir en Twitter\" href='https:\/\/twitter.com\/share?text=El%20dilema%20de%20los%20negocios%20sustentables&#038;url=https:\/\/radiorevelacionfm.cl\/?p=50681' aria-hidden='false' data-av_icon='\ue8f1' data-av_iconfont='entypo-fontello' title='' data-avia-related-tooltip='Compartir en Twitter' rel=\"noopener\"><span class='avia_hidden_link_text'>Compartir en Twitter<\/span><\/a><\/li><li class='av-share-link av-social-link-whatsapp' ><a target=\"_blank\" aria-label=\"Compartir en Whatsapp\" href='https:\/\/api.whatsapp.com\/send?text=https:\/\/radiorevelacionfm.cl\/?p=50681' aria-hidden='false' data-av_icon='\uf232' data-av_iconfont='entypo-fontello' title='' data-avia-related-tooltip='Compartir en Whatsapp' rel=\"noopener\"><span class='avia_hidden_link_text'>Compartir en Whatsapp<\/span><\/a><\/li><li class='av-share-link av-social-link-linkedin' ><a target=\"_blank\" aria-label=\"Compartir en LinkedIn\" href='https:\/\/linkedin.com\/shareArticle?mini=true&#038;title=El%20dilema%20de%20los%20negocios%20sustentables&#038;url=https:\/\/radiorevelacionfm.cl\/?p=50681' aria-hidden='false' data-av_icon='\ue8fc' data-av_iconfont='entypo-fontello' title='' data-avia-related-tooltip='Compartir en LinkedIn' rel=\"noopener\"><span class='avia_hidden_link_text'>Compartir en LinkedIn<\/span><\/a><\/li><li class='av-share-link av-social-link-mail' ><a  aria-label=\"Compartir por correo\" href='mailto:?subject=El%20dilema%20de%20los%20negocios%20sustentables&#038;body=https:\/\/radiorevelacionfm.cl\/?p=50681' aria-hidden='false' data-av_icon='\ue805' data-av_iconfont='entypo-fontello' title='' data-avia-related-tooltip='Compartir por correo'><span class='avia_hidden_link_text'>Compartir por correo<\/span><\/a><\/li><\/ul><\/div><\/div>\n<div  style='height:50px' class='hr hr-invisible   avia-builder-el-8  el_after_av_social_share  el_before_av_comments_list '><span class='hr-inner ' ><span class='hr-inner-style'><\/span><\/span><\/div>\n<div  class='av-buildercomment  av-blog-meta-html-info-disabled av-blog-meta-tag-disabled  '><\/div>\n","protected":false},"excerpt":{"rendered":"","protected":false},"author":1,"featured_media":50682,"comment_status":"open","ping_status":"open","sticky":false,"template":"","format":"standard","meta":{"footnotes":""},"categories":[50],"tags":[],"class_list":["post-50681","post","type-post","status-publish","format-standard","has-post-thumbnail","hentry","category-cartas-y-opinion"],"jetpack_featured_media_url":"https:\/\/radiorevelacionfm.cl\/wp-content\/uploads\/2025\/02\/Sustentable-1-1.jpg","_links":{"self":[{"href":"https:\/\/radiorevelacionfm.cl\/index.php?rest_route=\/wp\/v2\/posts\/50681","targetHints":{"allow":["GET"]}}],"collection":[{"href":"https:\/\/radiorevelacionfm.cl\/index.php?rest_route=\/wp\/v2\/posts"}],"about":[{"href":"https:\/\/radiorevelacionfm.cl\/index.php?rest_route=\/wp\/v2\/types\/post"}],"author":[{"embeddable":true,"href":"https:\/\/radiorevelacionfm.cl\/index.php?rest_route=\/wp\/v2\/users\/1"}],"replies":[{"embeddable":true,"href":"https:\/\/radiorevelacionfm.cl\/index.php?rest_route=%2Fwp%2Fv2%2Fcomments&post=50681"}],"version-history":[{"count":1,"href":"https:\/\/radiorevelacionfm.cl\/index.php?rest_route=\/wp\/v2\/posts\/50681\/revisions"}],"predecessor-version":[{"id":50683,"href":"https:\/\/radiorevelacionfm.cl\/index.php?rest_route=\/wp\/v2\/posts\/50681\/revisions\/50683"}],"wp:featuredmedia":[{"embeddable":true,"href":"https:\/\/radiorevelacionfm.cl\/index.php?rest_route=\/wp\/v2\/media\/50682"}],"wp:attachment":[{"href":"https:\/\/radiorevelacionfm.cl\/index.php?rest_route=%2Fwp%2Fv2%2Fmedia&parent=50681"}],"wp:term":[{"taxonomy":"category","embeddable":true,"href":"https:\/\/radiorevelacionfm.cl\/index.php?rest_route=%2Fwp%2Fv2%2Fcategories&post=50681"},{"taxonomy":"post_tag","embeddable":true,"href":"https:\/\/radiorevelacionfm.cl\/index.php?rest_route=%2Fwp%2Fv2%2Ftags&post=50681"}],"curies":[{"name":"wp","href":"https:\/\/api.w.org\/{rel}","templated":true}]}}