{"id":5068,"date":"2021-06-09T14:19:37","date_gmt":"2021-06-09T17:19:37","guid":{"rendered":"https:\/\/radiorevelacionfm.cl\/?p=5068"},"modified":"2021-06-09T14:19:37","modified_gmt":"2021-06-09T17:19:37","slug":"comienza-entrega-de-lena-destinada-a-adultos-mayores-en-la-comuna-de-lago-verde","status":"publish","type":"post","link":"https:\/\/radiorevelacionfm.cl\/?p=5068","title":{"rendered":"Comienza entrega de le\u00f1a destinada a Adultos Mayores en la comuna de Lago Verde"},"content":{"rendered":"<div class=\"flex_column av_one_full  flex_column_div av-zero-column-padding first  avia-builder-el-0  el_before_av_one_full  avia-builder-el-first  \" style='border-radius:0px; '><div  class='avia-image-container  av-styling-    avia-builder-el-1  avia-builder-el-no-sibling  avia-align-center '  itemprop=\"image\" itemscope=\"itemscope\" itemtype=\"https:\/\/schema.org\/ImageObject\"  ><div class='avia-image-container-inner'><div class='avia-image-overlay-wrap'><img decoding=\"async\" class='wp-image-5069 avia-img-lazy-loading-not-5069 avia_image' src=\"https:\/\/radiorevelacionfm.cl\/wp-content\/uploads\/2021\/06\/LENA-LAGO-VERDE-1-1-1.jpeg\" alt='' title='LE\u00d1A LAGO VERDE 1 (1) (1)' height=\"600\" width=\"1333\"  itemprop=\"thumbnailUrl\" srcset=\"https:\/\/radiorevelacionfm.cl\/wp-content\/uploads\/2021\/06\/LENA-LAGO-VERDE-1-1-1.jpeg 1333w, https:\/\/radiorevelacionfm.cl\/wp-content\/uploads\/2021\/06\/LENA-LAGO-VERDE-1-1-1-300x135.jpeg 300w, https:\/\/radiorevelacionfm.cl\/wp-content\/uploads\/2021\/06\/LENA-LAGO-VERDE-1-1-1-1030x464.jpeg 1030w, https:\/\/radiorevelacionfm.cl\/wp-content\/uploads\/2021\/06\/LENA-LAGO-VERDE-1-1-1-768x346.jpeg 768w, https:\/\/radiorevelacionfm.cl\/wp-content\/uploads\/2021\/06\/LENA-LAGO-VERDE-1-1-1-705x317.jpeg 705w, https:\/\/radiorevelacionfm.cl\/wp-content\/uploads\/2021\/06\/LENA-LAGO-VERDE-1-1-1-600x270.jpeg 600w\" sizes=\"(max-width: 1333px) 100vw, 1333px\" \/><\/div><\/div><\/div><\/div><div class=\"flex_column av_one_full  flex_column_div av-zero-column-padding first  avia-builder-el-2  el_after_av_one_full  el_before_av_one_full  column-top-margin\" style='border-radius:0px; '><section class=\"av_textblock_section \"  itemscope=\"itemscope\" itemtype=\"https:\/\/schema.org\/BlogPosting\" itemprop=\"blogPost\" ><div class='avia_textblock  '   itemprop=\"text\" ><p style=\"text-align: center;\"><strong><span style=\"font-size: 18pt;\">Comienza entrega de le\u00f1a destinada a Adultos Mayores en la comuna de Lago Verde<\/span><\/strong><\/p>\n<div id=\"gtx-trans\" style=\"position: absolute; left: -50px; top: 4.31534px;\">\n<div class=\"gtx-trans-icon\"><\/div>\n<\/div>\n<\/div><\/section><\/div><div class=\"flex_column av_one_full  flex_column_div av-zero-column-padding first  avia-builder-el-4  el_after_av_one_full  el_before_av_hr  column-top-margin\" style='border-radius:0px; '><section class=\"av_textblock_section \"  itemscope=\"itemscope\" itemtype=\"https:\/\/schema.org\/BlogPosting\" itemprop=\"blogPost\" ><div class='avia_textblock  '   itemprop=\"text\" ><p style=\"text-align: justify;\">Son diversas las \u00e1reas en las que el Municipio de Lago Verde busca acercar la oferta publica a la ciudadan\u00eda y colaborar con quienes m\u00e1s lo necesitan, en esta oportunidad y gracias a una alianza con la Gobernaci\u00f3n Provincial de Coyhaique se podr\u00e1 concretar la entrega de le\u00f1a en distintos sectores de la comuna y principalmente destinada a adultos mayores y personas con alto grado de vulnerabilidad. Tal como lo destac\u00f3 el Alcalde, Nelson Opazo L\u00f3pez.<\/p>\n<p style=\"text-align: justify;\">\u201cEn esta labor que estamos desarrollando en los diferentes frentes, a objeto de poder apoyar a nuestra gente y en especial como ha sido en forma permanente con nuestros adultos mayores y personas en estado de vulnerabilidad. Ahora, gracias a esta alianza que tenemos con la Gobernaci\u00f3n, vamos en directo apoyo en el \u00e1mbito de la calefacci\u00f3n, donde podremos llegar con esta ayuda a 122 personas en el contexto comunal, tanto de Amengual, Tapera y Lago Verde, a trav\u00e9s de le\u00f1a seca\u201d.<\/p>\n<p style=\"text-align: justify;\">La autoridad comunal adem\u00e1s de relevar las gestiones desarrolladas junto a la Gobernaci\u00f3n, tambi\u00e9n puso en valor el trabajo y compromiso permanente del equipo de la Municipalidad de Lago Verde.<\/p>\n<p style=\"text-align: justify;\">\u201cDestacar y agradecer el apoyo de la Gobernaci\u00f3n Provincial de Coyhaique en este punto espec\u00edfico, adem\u00e1s, obviamente que a la enorme entrega, responsabilidad y compromiso de nuestro equipo municipal que se despliega por toda la comuna en algo aparentemente puede ser sencillo, pero a la luz de la ejecuci\u00f3n de la pega no lo es tanto. As\u00ed es que, en ese sentido, seguir generando el mayor reconocimiento a todo nuestro equipo en t\u00e9rminos del trabajo que hemos podido realizar y que va en directo beneficio de la gente que m\u00e1s lo necesita\u201d.<\/p>\n<p style=\"text-align: justify;\">El Alcalde de Lago Verde, Nelson Opazo, inform\u00f3 tambi\u00e9n que en este trabajo social y de apoyo a las personas m\u00e1s vulnerables, durante pr\u00f3ximos d\u00edas se har\u00e1 entrega de le\u00f1a en saco, considerando las bajas temperaturas que ya est\u00e1 enfrentando toda nuestra regi\u00f3n.<\/p>\n<p style=\"text-align: justify;\">\u201cDentro de la misma l\u00f3gica del apoyo directo a nuestra gente en el \u00e1mbito de la calefacci\u00f3n, especialmente en esta \u00e9poca m\u00e1s compleja que es en pleno invierno, es que, vamos a proceder a generar la licitaci\u00f3n dentro de los pr\u00f3ximos d\u00edas, en lo que significa la entrega de le\u00f1a seca en sacos. Esto es muy importante, para poder colaborar en algo tan sencillo como encender fuego en la ma\u00f1ana y poder tener una mejor condici\u00f3n en el d\u00eda a d\u00eda de nuestra gente, principalmente nuestros adultos mayores\u201d.<\/p>\n<p style=\"text-align: justify;\">La log\u00edstica, maquinaria y el personal del Municipio de Lago Verde han sido un enorme apoyo para que este tipo de iniciativas se acerquen cada vez m\u00e1s a quienes realmente lo necesitan, en esta oportunidad con le\u00f1a. El Alcalde Nelson Opazo y su equipo siguen realizando gestiones para estar presente durante la temporada de invierno en esta materia, tambi\u00e9n buscando las opciones para enfrentar la pandemia, pero sin detener las acciones que permitan a la comuna seguir creciendo de manera integral en todas las \u00e1reas.<\/p>\n<\/div><\/section><\/div><div  style='height:50px' class='hr hr-invisible   avia-builder-el-6  el_after_av_one_full  el_before_av_social_share '><span class='hr-inner ' ><span class='hr-inner-style'><\/span><\/span><\/div><\/p>\n<div  class='av-social-sharing-box  avia-builder-el-7  el_after_av_hr  el_before_av_hr  '><div class='av-share-box'><h5 class='av-share-link-description av-no-toc '>Compartir esta noticia<\/h5><ul class='av-share-box-list noLightbox'><li class='av-share-link av-social-link-facebook' ><a target=\"_blank\" aria-label=\"Compartir en Facebook\" href='https:\/\/www.facebook.com\/sharer.php?u=https:\/\/radiorevelacionfm.cl\/?p=5068&#038;t=Comienza%20entrega%20de%20le%C3%B1a%20destinada%20a%20Adultos%20Mayores%20en%20la%20comuna%20de%20Lago%20Verde' aria-hidden='false' data-av_icon='\ue8f3' data-av_iconfont='entypo-fontello' title='' data-avia-related-tooltip='Compartir en Facebook' rel=\"noopener\"><span class='avia_hidden_link_text'>Compartir en Facebook<\/span><\/a><\/li><li class='av-share-link av-social-link-twitter' ><a target=\"_blank\" aria-label=\"Compartir en Twitter\" href='https:\/\/twitter.com\/share?text=Comienza%20entrega%20de%20le%C3%B1a%20destinada%20a%20Adultos%20Mayores%20en%20la%20comuna%20de%20Lago%20Verde&#038;url=https:\/\/radiorevelacionfm.cl\/?p=5068' aria-hidden='false' data-av_icon='\ue8f1' data-av_iconfont='entypo-fontello' title='' data-avia-related-tooltip='Compartir en Twitter' rel=\"noopener\"><span class='avia_hidden_link_text'>Compartir en Twitter<\/span><\/a><\/li><li class='av-share-link av-social-link-whatsapp' ><a target=\"_blank\" aria-label=\"Compartir en Whatsapp\" href='https:\/\/api.whatsapp.com\/send?text=https:\/\/radiorevelacionfm.cl\/?p=5068' aria-hidden='false' data-av_icon='\uf232' data-av_iconfont='entypo-fontello' title='' data-avia-related-tooltip='Compartir en Whatsapp' rel=\"noopener\"><span class='avia_hidden_link_text'>Compartir en Whatsapp<\/span><\/a><\/li><li class='av-share-link av-social-link-linkedin' ><a target=\"_blank\" aria-label=\"Compartir en LinkedIn\" href='https:\/\/linkedin.com\/shareArticle?mini=true&#038;title=Comienza%20entrega%20de%20le%C3%B1a%20destinada%20a%20Adultos%20Mayores%20en%20la%20comuna%20de%20Lago%20Verde&#038;url=https:\/\/radiorevelacionfm.cl\/?p=5068' aria-hidden='false' data-av_icon='\ue8fc' data-av_iconfont='entypo-fontello' title='' data-avia-related-tooltip='Compartir en LinkedIn' rel=\"noopener\"><span class='avia_hidden_link_text'>Compartir en LinkedIn<\/span><\/a><\/li><li class='av-share-link av-social-link-mail' ><a  aria-label=\"Compartir por correo\" href='mailto:?subject=Comienza%20entrega%20de%20le%C3%B1a%20destinada%20a%20Adultos%20Mayores%20en%20la%20comuna%20de%20Lago%20Verde&#038;body=https:\/\/radiorevelacionfm.cl\/?p=5068' aria-hidden='false' data-av_icon='\ue805' data-av_iconfont='entypo-fontello' title='' data-avia-related-tooltip='Compartir por correo'><span class='avia_hidden_link_text'>Compartir por correo<\/span><\/a><\/li><\/ul><\/div><\/div>\n<div  style='height:50px' class='hr hr-invisible   avia-builder-el-8  el_after_av_social_share  el_before_av_comments_list '><span class='hr-inner ' ><span class='hr-inner-style'><\/span><\/span><\/div>\n<div  class='av-buildercomment  av-blog-meta-html-info-disabled av-blog-meta-tag-disabled  '><\/div>\n","protected":false},"excerpt":{"rendered":"","protected":false},"author":1,"featured_media":5069,"comment_status":"open","ping_status":"open","sticky":false,"template":"","format":"standard","meta":{"footnotes":""},"categories":[38],"tags":[],"class_list":["post-5068","post","type-post","status-publish","format-standard","has-post-thumbnail","hentry","category-regional"],"jetpack_featured_media_url":"https:\/\/radiorevelacionfm.cl\/wp-content\/uploads\/2021\/06\/LENA-LAGO-VERDE-1-1-1.jpeg","_links":{"self":[{"href":"https:\/\/radiorevelacionfm.cl\/index.php?rest_route=\/wp\/v2\/posts\/5068","targetHints":{"allow":["GET"]}}],"collection":[{"href":"https:\/\/radiorevelacionfm.cl\/index.php?rest_route=\/wp\/v2\/posts"}],"about":[{"href":"https:\/\/radiorevelacionfm.cl\/index.php?rest_route=\/wp\/v2\/types\/post"}],"author":[{"embeddable":true,"href":"https:\/\/radiorevelacionfm.cl\/index.php?rest_route=\/wp\/v2\/users\/1"}],"replies":[{"embeddable":true,"href":"https:\/\/radiorevelacionfm.cl\/index.php?rest_route=%2Fwp%2Fv2%2Fcomments&post=5068"}],"version-history":[{"count":1,"href":"https:\/\/radiorevelacionfm.cl\/index.php?rest_route=\/wp\/v2\/posts\/5068\/revisions"}],"predecessor-version":[{"id":5070,"href":"https:\/\/radiorevelacionfm.cl\/index.php?rest_route=\/wp\/v2\/posts\/5068\/revisions\/5070"}],"wp:featuredmedia":[{"embeddable":true,"href":"https:\/\/radiorevelacionfm.cl\/index.php?rest_route=\/wp\/v2\/media\/5069"}],"wp:attachment":[{"href":"https:\/\/radiorevelacionfm.cl\/index.php?rest_route=%2Fwp%2Fv2%2Fmedia&parent=5068"}],"wp:term":[{"taxonomy":"category","embeddable":true,"href":"https:\/\/radiorevelacionfm.cl\/index.php?rest_route=%2Fwp%2Fv2%2Fcategories&post=5068"},{"taxonomy":"post_tag","embeddable":true,"href":"https:\/\/radiorevelacionfm.cl\/index.php?rest_route=%2Fwp%2Fv2%2Ftags&post=5068"}],"curies":[{"name":"wp","href":"https:\/\/api.w.org\/{rel}","templated":true}]}}