{"id":50678,"date":"2025-02-19T11:21:17","date_gmt":"2025-02-19T14:21:17","guid":{"rendered":"https:\/\/radiorevelacionfm.cl\/?p=50678"},"modified":"2025-02-19T11:21:17","modified_gmt":"2025-02-19T14:21:17","slug":"coordinan-acciones-para-garantizar-el-derecho-a-la-educacion-de-ninas-ninos-y-adolescentes-migrantes","status":"publish","type":"post","link":"https:\/\/radiorevelacionfm.cl\/?p=50678","title":{"rendered":"Coordinan acciones para garantizar el derecho a la educaci\u00f3n de ni\u00f1as, ni\u00f1os y adolescentes migrantes"},"content":{"rendered":"<div class=\"flex_column av_one_full  flex_column_div av-zero-column-padding first  avia-builder-el-0  el_before_av_one_full  avia-builder-el-first  \" style='border-radius:0px; '><div  class='avia-image-container  av-styling-    avia-builder-el-1  avia-builder-el-no-sibling  avia-align-center '  itemprop=\"image\" itemscope=\"itemscope\" itemtype=\"https:\/\/schema.org\/ImageObject\"  ><div class='avia-image-container-inner'><div class='avia-image-overlay-wrap'><img decoding=\"async\" class='wp-image-50679 avia-img-lazy-loading-not-50679 avia_image' src=\"https:\/\/radiorevelacionfm.cl\/wp-content\/uploads\/2025\/02\/9a655c7e-f8a5-4f2d-a442-825e46cf46e2-1-1-1.jpeg\" alt='' title='9a655c7e-f8a5-4f2d-a442-825e46cf46e2 (1) (1) (1)' height=\"600\" width=\"900\"  itemprop=\"thumbnailUrl\" srcset=\"https:\/\/radiorevelacionfm.cl\/wp-content\/uploads\/2025\/02\/9a655c7e-f8a5-4f2d-a442-825e46cf46e2-1-1-1.jpeg 900w, https:\/\/radiorevelacionfm.cl\/wp-content\/uploads\/2025\/02\/9a655c7e-f8a5-4f2d-a442-825e46cf46e2-1-1-1-300x200.jpeg 300w, https:\/\/radiorevelacionfm.cl\/wp-content\/uploads\/2025\/02\/9a655c7e-f8a5-4f2d-a442-825e46cf46e2-1-1-1-768x512.jpeg 768w, https:\/\/radiorevelacionfm.cl\/wp-content\/uploads\/2025\/02\/9a655c7e-f8a5-4f2d-a442-825e46cf46e2-1-1-1-705x470.jpeg 705w, https:\/\/radiorevelacionfm.cl\/wp-content\/uploads\/2025\/02\/9a655c7e-f8a5-4f2d-a442-825e46cf46e2-1-1-1-450x300.jpeg 450w, https:\/\/radiorevelacionfm.cl\/wp-content\/uploads\/2025\/02\/9a655c7e-f8a5-4f2d-a442-825e46cf46e2-1-1-1-600x400.jpeg 600w\" sizes=\"(max-width: 900px) 100vw, 900px\" \/><\/div><\/div><\/div><\/div><div class=\"flex_column av_one_full  flex_column_div av-zero-column-padding first  avia-builder-el-2  el_after_av_one_full  el_before_av_one_full  column-top-margin\" style='border-radius:0px; '><section class=\"av_textblock_section \"  itemscope=\"itemscope\" itemtype=\"https:\/\/schema.org\/BlogPosting\" itemprop=\"blogPost\" ><div class='avia_textblock  '   itemprop=\"text\" ><p style=\"text-align: center;\"><span style=\"font-size: 18pt;\"><b>Coordinan acciones para garantizar el derecho a la educaci\u00f3n de ni\u00f1as, ni\u00f1os y adolescentes migrantes<\/b><\/span><\/p>\n<div id=\"gtx-trans\" style=\"position: absolute; left: -50px; top: 4.31534px;\">\n<div class=\"gtx-trans-icon\"><\/div>\n<\/div>\n<\/div><\/section><\/div><div class=\"flex_column av_one_full  flex_column_div av-zero-column-padding first  avia-builder-el-4  el_after_av_one_full  el_before_av_hr  column-top-margin\" style='border-radius:0px; '><section class=\"av_textblock_section \"  itemscope=\"itemscope\" itemtype=\"https:\/\/schema.org\/BlogPosting\" itemprop=\"blogPost\" ><div class='avia_textblock  '   itemprop=\"text\" ><p class=\"v1MsoNormal\" style=\"text-align: justify;\">La Secretaria Regional Ministerial de Educaci\u00f3n, Isabel Garrido, se reuni\u00f3 con Maritza Fern\u00e1ndez, directora regional del Servicio Nacional de Migraciones, para coordinar acciones conjuntas que faciliten el proceso de regularizaci\u00f3n de ni\u00f1os, adolescentes y j\u00f3venes extranjeros para su incorporaci\u00f3n al sistema escolar chileno.<\/p>\n<p class=\"v1MsoNormal\" style=\"text-align: justify;\">Ambas autoridades hicieron un llamado a las familias migrantes a acercarse a la oficina de Migraciones en Coyhaique para recibir la informaci\u00f3n y orientaci\u00f3n sobre tr\u00e1mites de regularizaci\u00f3n, y a la oficina Ayuda MINEDUC para diversos tr\u00e1mites, entre ellos la solicitud del Identificador Provisorio Escolar (IPE), que entrega el Ministerio de Educaci\u00f3n a los ni\u00f1os, ni\u00f1as, j\u00f3venes y adultos extranjeros, que no cuenten con RUN y que deseen incorporarse al sistema escolar chileno, en cualquiera de sus niveles de educaci\u00f3n regular o a trav\u00e9s de validaci\u00f3n de estudios.<\/p>\n<p class=\"v1MsoNormal\" style=\"text-align: justify;\">En ese contexto, las autoridades acordaron que durante marzo, en el per\u00edodo de matriculas, se instalar\u00e1n puestos informativos en los establecimientos con mayor concentraci\u00f3n de estudiantes migrantes, para realizar en terreno tr\u00e1mites de regularizaci\u00f3n de la poblaci\u00f3n escolar.<\/p>\n<p class=\"v1MsoNormal\" style=\"text-align: justify;\">\u201cEl objetivo de esta reuni\u00f3n fue establecer una alianza de trabajo para lograr la regularizaci\u00f3n migratoria de todas las ni\u00f1as, ni\u00f1os y adolescentes migrantes, especialmente aquellos que se encuentran con Identificador Provisorio Escolar (IPE). Mediante esta alianza estrat\u00e9gica esperamos que nuestro servicio se acerque a los establecimientos educacionales a trav\u00e9s de operativos en terreno para regularizar a todos los ni\u00f1os migrantes, ya que la pol\u00edtica migratoria resguarda los derechos de los ni\u00f1os, entre ellos el derecho a la educaci\u00f3n. Invitamos a todos los padres y apoderados a regularizar la situaci\u00f3n migratoria de sus hijos y consultar en los establecimientos la documentaci\u00f3n que requieren para este tr\u00e1mite en el \u00e1mbito escolar. Tambi\u00e9n pueden concurrir a la oficina regional de Migraciones en Coyhaique ubicada en calle Francisco Bilbao 411 (segundo piso) a solicitar informaci\u00f3n o a regularizar la situaci\u00f3n de sus hijos e hijas\u201d, coment\u00f3 Maritza Fern\u00e1ndez.<\/p>\n<p class=\"v1MsoNormal\" style=\"text-align: justify;\">Por su parte, la SEREMI Isabel Garrido expres\u00f3 que: \u201cComo Ministerio estamos impulsando activamente una pol\u00edtica de protecci\u00f3n y resguardo del derecho a la educaci\u00f3n de las y los ni\u00f1os migrantes. Por ello invitamos a todas las personas y familias que se encuentran migrando en nuestra regi\u00f3n que se acerquen a la oficina Ayuda Mineduc ubicada en Calle Bilbao 540 donde podr\u00e1n realizar todos los tr\u00e1mites relacionados con validaci\u00f3n de estudios, de ingreso al sistema escolar, y obtenci\u00f3n del Identificador Provisorio Escolar (IPE), entre otros\u201d.<\/p>\n<\/div><\/section><\/div><div  style='height:50px' class='hr hr-invisible   avia-builder-el-6  el_after_av_one_full  el_before_av_social_share '><span class='hr-inner ' ><span class='hr-inner-style'><\/span><\/span><\/div><\/p>\n<div  class='av-social-sharing-box  avia-builder-el-7  el_after_av_hr  el_before_av_hr  '><div class='av-share-box'><h5 class='av-share-link-description av-no-toc '>Compartir esta noticia<\/h5><ul class='av-share-box-list noLightbox'><li class='av-share-link av-social-link-facebook' ><a target=\"_blank\" aria-label=\"Compartir en Facebook\" href='https:\/\/www.facebook.com\/sharer.php?u=https:\/\/radiorevelacionfm.cl\/?p=50678&#038;t=Coordinan%20acciones%20para%20garantizar%20el%20derecho%20a%20la%20educaci%C3%B3n%20de%20ni%C3%B1as%2C%20ni%C3%B1os%20y%20adolescentes%20migrantes' aria-hidden='false' data-av_icon='\ue8f3' data-av_iconfont='entypo-fontello' title='' data-avia-related-tooltip='Compartir en Facebook' rel=\"noopener\"><span class='avia_hidden_link_text'>Compartir en Facebook<\/span><\/a><\/li><li class='av-share-link av-social-link-twitter' ><a target=\"_blank\" aria-label=\"Compartir en Twitter\" href='https:\/\/twitter.com\/share?text=Coordinan%20acciones%20para%20garantizar%20el%20derecho%20a%20la%20educaci%C3%B3n%20de%20ni%C3%B1as%2C%20ni%C3%B1os%20y%20adolescentes%20migrantes&#038;url=https:\/\/radiorevelacionfm.cl\/?p=50678' aria-hidden='false' data-av_icon='\ue8f1' data-av_iconfont='entypo-fontello' title='' data-avia-related-tooltip='Compartir en Twitter' rel=\"noopener\"><span class='avia_hidden_link_text'>Compartir en Twitter<\/span><\/a><\/li><li class='av-share-link av-social-link-whatsapp' ><a target=\"_blank\" aria-label=\"Compartir en Whatsapp\" href='https:\/\/api.whatsapp.com\/send?text=https:\/\/radiorevelacionfm.cl\/?p=50678' aria-hidden='false' data-av_icon='\uf232' data-av_iconfont='entypo-fontello' title='' data-avia-related-tooltip='Compartir en Whatsapp' rel=\"noopener\"><span class='avia_hidden_link_text'>Compartir en Whatsapp<\/span><\/a><\/li><li class='av-share-link av-social-link-linkedin' ><a target=\"_blank\" aria-label=\"Compartir en LinkedIn\" href='https:\/\/linkedin.com\/shareArticle?mini=true&#038;title=Coordinan%20acciones%20para%20garantizar%20el%20derecho%20a%20la%20educaci%C3%B3n%20de%20ni%C3%B1as%2C%20ni%C3%B1os%20y%20adolescentes%20migrantes&#038;url=https:\/\/radiorevelacionfm.cl\/?p=50678' aria-hidden='false' data-av_icon='\ue8fc' data-av_iconfont='entypo-fontello' title='' data-avia-related-tooltip='Compartir en LinkedIn' rel=\"noopener\"><span class='avia_hidden_link_text'>Compartir en LinkedIn<\/span><\/a><\/li><li class='av-share-link av-social-link-mail' ><a  aria-label=\"Compartir por correo\" href='mailto:?subject=Coordinan%20acciones%20para%20garantizar%20el%20derecho%20a%20la%20educaci%C3%B3n%20de%20ni%C3%B1as%2C%20ni%C3%B1os%20y%20adolescentes%20migrantes&#038;body=https:\/\/radiorevelacionfm.cl\/?p=50678' aria-hidden='false' data-av_icon='\ue805' data-av_iconfont='entypo-fontello' title='' data-avia-related-tooltip='Compartir por correo'><span class='avia_hidden_link_text'>Compartir por correo<\/span><\/a><\/li><\/ul><\/div><\/div>\n<div  style='height:50px' class='hr hr-invisible   avia-builder-el-8  el_after_av_social_share  el_before_av_comments_list '><span class='hr-inner ' ><span class='hr-inner-style'><\/span><\/span><\/div>\n<div  class='av-buildercomment  av-blog-meta-html-info-disabled av-blog-meta-tag-disabled  '><\/div>\n","protected":false},"excerpt":{"rendered":"","protected":false},"author":1,"featured_media":50679,"comment_status":"open","ping_status":"open","sticky":false,"template":"","format":"standard","meta":{"footnotes":""},"categories":[49],"tags":[],"class_list":["post-50678","post","type-post","status-publish","format-standard","has-post-thumbnail","hentry","category-educacion"],"jetpack_featured_media_url":"https:\/\/radiorevelacionfm.cl\/wp-content\/uploads\/2025\/02\/9a655c7e-f8a5-4f2d-a442-825e46cf46e2-1-1-1.jpeg","_links":{"self":[{"href":"https:\/\/radiorevelacionfm.cl\/index.php?rest_route=\/wp\/v2\/posts\/50678","targetHints":{"allow":["GET"]}}],"collection":[{"href":"https:\/\/radiorevelacionfm.cl\/index.php?rest_route=\/wp\/v2\/posts"}],"about":[{"href":"https:\/\/radiorevelacionfm.cl\/index.php?rest_route=\/wp\/v2\/types\/post"}],"author":[{"embeddable":true,"href":"https:\/\/radiorevelacionfm.cl\/index.php?rest_route=\/wp\/v2\/users\/1"}],"replies":[{"embeddable":true,"href":"https:\/\/radiorevelacionfm.cl\/index.php?rest_route=%2Fwp%2Fv2%2Fcomments&post=50678"}],"version-history":[{"count":1,"href":"https:\/\/radiorevelacionfm.cl\/index.php?rest_route=\/wp\/v2\/posts\/50678\/revisions"}],"predecessor-version":[{"id":50680,"href":"https:\/\/radiorevelacionfm.cl\/index.php?rest_route=\/wp\/v2\/posts\/50678\/revisions\/50680"}],"wp:featuredmedia":[{"embeddable":true,"href":"https:\/\/radiorevelacionfm.cl\/index.php?rest_route=\/wp\/v2\/media\/50679"}],"wp:attachment":[{"href":"https:\/\/radiorevelacionfm.cl\/index.php?rest_route=%2Fwp%2Fv2%2Fmedia&parent=50678"}],"wp:term":[{"taxonomy":"category","embeddable":true,"href":"https:\/\/radiorevelacionfm.cl\/index.php?rest_route=%2Fwp%2Fv2%2Fcategories&post=50678"},{"taxonomy":"post_tag","embeddable":true,"href":"https:\/\/radiorevelacionfm.cl\/index.php?rest_route=%2Fwp%2Fv2%2Ftags&post=50678"}],"curies":[{"name":"wp","href":"https:\/\/api.w.org\/{rel}","templated":true}]}}