{"id":50676,"date":"2025-02-18T15:52:54","date_gmt":"2025-02-18T18:52:54","guid":{"rendered":"https:\/\/radiorevelacionfm.cl\/?p=50676"},"modified":"2025-02-18T15:52:54","modified_gmt":"2025-02-18T18:52:54","slug":"seremi-de-vivienda-se-refiere-a-declaraciones-sobre-el-proyecto-habitacional-flor-de-mayo-de-bahia-murta","status":"publish","type":"post","link":"https:\/\/radiorevelacionfm.cl\/?p=50676","title":{"rendered":"Seremi de Vivienda se refiere a declaraciones sobre el Proyecto Habitacional Flor de Mayo, de Bah\u00eda Murta"},"content":{"rendered":"<div class=\"flex_column av_one_full  flex_column_div av-zero-column-padding first  avia-builder-el-0  el_before_av_one_full  avia-builder-el-first  \" style='border-radius:0px; '><div  class='avia-image-container  av-styling-    avia-builder-el-1  avia-builder-el-no-sibling  avia-align-center '  itemprop=\"image\" itemscope=\"itemscope\" itemtype=\"https:\/\/schema.org\/ImageObject\"  ><div class='avia-image-container-inner'><div class='avia-image-overlay-wrap'><img decoding=\"async\" class='wp-image-17254 avia-img-lazy-loading-not-17254 avia_image' src=\"https:\/\/radiorevelacionfm.cl\/wp-content\/uploads\/2022\/05\/seremi-de-vivienda-aysen-paulina-ruz-1_optimized.jpg\" alt='' title='seremi-de-vivienda-ays\u00e9n-paulina-ruz-(1)_optimized' height=\"600\" width=\"993\"  itemprop=\"thumbnailUrl\" srcset=\"https:\/\/radiorevelacionfm.cl\/wp-content\/uploads\/2022\/05\/seremi-de-vivienda-aysen-paulina-ruz-1_optimized.jpg 993w, https:\/\/radiorevelacionfm.cl\/wp-content\/uploads\/2022\/05\/seremi-de-vivienda-aysen-paulina-ruz-1_optimized-300x181.jpg 300w, https:\/\/radiorevelacionfm.cl\/wp-content\/uploads\/2022\/05\/seremi-de-vivienda-aysen-paulina-ruz-1_optimized-768x464.jpg 768w, https:\/\/radiorevelacionfm.cl\/wp-content\/uploads\/2022\/05\/seremi-de-vivienda-aysen-paulina-ruz-1_optimized-705x426.jpg 705w, https:\/\/radiorevelacionfm.cl\/wp-content\/uploads\/2022\/05\/seremi-de-vivienda-aysen-paulina-ruz-1_optimized-600x363.jpg 600w\" sizes=\"(max-width: 993px) 100vw, 993px\" \/><\/div><\/div><\/div><\/div><div class=\"flex_column av_one_full  flex_column_div av-zero-column-padding first  avia-builder-el-2  el_after_av_one_full  el_before_av_one_full  column-top-margin\" style='border-radius:0px; '><section class=\"av_textblock_section \"  itemscope=\"itemscope\" itemtype=\"https:\/\/schema.org\/BlogPosting\" itemprop=\"blogPost\" ><div class='avia_textblock  '   itemprop=\"text\" ><p style=\"text-align: center;\"><strong><span style=\"font-size: 18pt;\">Seremi de Vivienda se refiere a declaraciones sobre el Proyecto Habitacional Flor de Mayo, de Bah\u00eda Murta<\/span><\/strong><\/p>\n<div id=\"gtx-trans\" style=\"position: absolute; left: -50px; top: 4.31534px;\">\n<div class=\"gtx-trans-icon\"><\/div>\n<\/div>\n<\/div><\/section><\/div><div class=\"flex_column av_one_full  flex_column_div av-zero-column-padding first  avia-builder-el-4  el_after_av_one_full  el_before_av_hr  column-top-margin\" style='border-radius:0px; '><section class=\"av_textblock_section \"  itemscope=\"itemscope\" itemtype=\"https:\/\/schema.org\/BlogPosting\" itemprop=\"blogPost\" ><div class='avia_textblock  '   itemprop=\"text\" ><p style=\"text-align: justify;\">A trav\u00e9s de una Declaraci\u00f3n p\u00fablica este martes, 18 de febrero de 2025, la Seremi de Vivienda y Urbanismo de la Regi\u00f3n de Ays\u00e9n, se refiri\u00f3 respecto al proyecto de 13 viviendas del Comit\u00e9 Flor de Mayo en Bah\u00eda Murta, considerando necesario aclarar lo siguiente:<\/p>\n<p style=\"text-align: justify;\"><strong>El proyecto ha sido objeto de fiscalizaci\u00f3n y acciones concretas desde que se detectaron irregularidades: <\/strong>En marzo de 2024, el contrato con la empresa constructora anterior fue terminado debido a problemas de insolvencia econ\u00f3mica. Posteriormente, se inici\u00f3 una auditor\u00eda por parte de la Contralor\u00eda Regional a Serviu Ays\u00e9n. Dicho proceso de revisi\u00f3n detect\u00f3 deficiencias en la ejecuci\u00f3n de las fundaciones de las viviendas.<\/p>\n<p style=\"text-align: justify;\"><strong>Desde que esta Seremi tom\u00f3 conocimiento de los hechos, se ha trabajado activamente en la b\u00fasqueda de soluciones: <\/strong>En noviembre de 2024, se envi\u00f3 oficio a la Divisi\u00f3n T\u00e9cnica (DITEC) del MINVU, solicit\u00e1ndose una fiscalizaci\u00f3n estructural de las viviendas, junto con iniciarse un proceso de auditor\u00eda integral del proyecto. Esto sumado a una serie de solicitudes y gestiones realizadas desde la Seremi de Vivienda y Urbanismo.<\/p>\n<p style=\"text-align: justify;\"><strong>Seremi de Vivienda y Urbanismo ha implementado medidas para resguardar el proyecto y evitar su deterioro: <\/strong>Seremi ha solicitado a Serviu un cierre perimetral del recinto para evitar el ingreso de personas ajenas al proyecto. Adicionalmente, se han registrado intentos de ocupaci\u00f3n indebida, lo cual ha sido debidamente reportado.<\/p>\n<p style=\"text-align: justify;\"><strong>Las irregularidades detectadas fueron informadas a las instancias correspondientes, y actualmente est\u00e1n bajo investigaci\u00f3n: <\/strong>La Contralor\u00eda Regional remiti\u00f3 los antecedentes a la Fiscal\u00eda Regional del Ministerio P\u00fablico, deriv\u00e1ndolos posteriormente al Consejo de Defensa del Estado.<\/p>\n<p style=\"text-align: justify;\"><strong>La Seremi ha sostenido reuniones con la presidenta del comit\u00e9, entregando soluciones a las dudas y disyuntivas que se han presentado: <\/strong>A trav\u00e9s de la misma representante de los beneficiarios, se ha trabajado en conjunto para responder inquietudes y avanzar en la correcta finalizaci\u00f3n de las viviendas.<\/p>\n<p style=\"text-align: justify;\"><strong>Se rechazan categ\u00f3ricamente las acusaciones de inacci\u00f3n, complicidad o encubrimiento en contra de la Seremi y su equipo: <\/strong>Esta Secretaria Regional Ministerial y su Asesora de Gesti\u00f3n, han actuado con total transparencia, colaborando con las entidades fiscalizadoras y proponiendo soluciones concretas para remediar la situaci\u00f3n.<\/p>\n<p style=\"text-align: justify;\">Hacemos un llamado a la responsabilidad en la entrega de informaci\u00f3n a la comunidad. Entendemos la preocupaci\u00f3n y angustia generada en las familias afectadas y reafirmamos nuestro compromiso de trabajar incansablemente para dar una soluci\u00f3n efectiva a esta problem\u00e1tica.<\/p>\n<\/div><\/section><\/div><div  style='height:50px' class='hr hr-invisible   avia-builder-el-6  el_after_av_one_full  el_before_av_social_share '><span class='hr-inner ' ><span class='hr-inner-style'><\/span><\/span><\/div><\/p>\n<div  class='av-social-sharing-box  avia-builder-el-7  el_after_av_hr  el_before_av_hr  '><div class='av-share-box'><h5 class='av-share-link-description av-no-toc '>Compartir esta noticia<\/h5><ul class='av-share-box-list noLightbox'><li class='av-share-link av-social-link-facebook' ><a target=\"_blank\" aria-label=\"Compartir en Facebook\" href='https:\/\/www.facebook.com\/sharer.php?u=https:\/\/radiorevelacionfm.cl\/?p=50676&#038;t=Seremi%20de%20Vivienda%20se%20refiere%20a%20declaraciones%20sobre%20el%20Proyecto%20Habitacional%20Flor%20de%20Mayo%2C%20de%20Bah%C3%ADa%20Murta' aria-hidden='false' data-av_icon='\ue8f3' data-av_iconfont='entypo-fontello' title='' data-avia-related-tooltip='Compartir en Facebook' rel=\"noopener\"><span class='avia_hidden_link_text'>Compartir en Facebook<\/span><\/a><\/li><li class='av-share-link av-social-link-twitter' ><a target=\"_blank\" aria-label=\"Compartir en Twitter\" href='https:\/\/twitter.com\/share?text=Seremi%20de%20Vivienda%20se%20refiere%20a%20declaraciones%20sobre%20el%20Proyecto%20Habitacional%20Flor%20de%20Mayo%2C%20de%20Bah%C3%ADa%20Murta&#038;url=https:\/\/radiorevelacionfm.cl\/?p=50676' aria-hidden='false' data-av_icon='\ue8f1' data-av_iconfont='entypo-fontello' title='' data-avia-related-tooltip='Compartir en Twitter' rel=\"noopener\"><span class='avia_hidden_link_text'>Compartir en Twitter<\/span><\/a><\/li><li class='av-share-link av-social-link-whatsapp' ><a target=\"_blank\" aria-label=\"Compartir en Whatsapp\" href='https:\/\/api.whatsapp.com\/send?text=https:\/\/radiorevelacionfm.cl\/?p=50676' aria-hidden='false' data-av_icon='\uf232' data-av_iconfont='entypo-fontello' title='' data-avia-related-tooltip='Compartir en Whatsapp' rel=\"noopener\"><span class='avia_hidden_link_text'>Compartir en Whatsapp<\/span><\/a><\/li><li class='av-share-link av-social-link-linkedin' ><a target=\"_blank\" aria-label=\"Compartir en LinkedIn\" href='https:\/\/linkedin.com\/shareArticle?mini=true&#038;title=Seremi%20de%20Vivienda%20se%20refiere%20a%20declaraciones%20sobre%20el%20Proyecto%20Habitacional%20Flor%20de%20Mayo%2C%20de%20Bah%C3%ADa%20Murta&#038;url=https:\/\/radiorevelacionfm.cl\/?p=50676' aria-hidden='false' data-av_icon='\ue8fc' data-av_iconfont='entypo-fontello' title='' data-avia-related-tooltip='Compartir en LinkedIn' rel=\"noopener\"><span class='avia_hidden_link_text'>Compartir en LinkedIn<\/span><\/a><\/li><li class='av-share-link av-social-link-mail' ><a  aria-label=\"Compartir por correo\" href='mailto:?subject=Seremi%20de%20Vivienda%20se%20refiere%20a%20declaraciones%20sobre%20el%20Proyecto%20Habitacional%20Flor%20de%20Mayo%2C%20de%20Bah%C3%ADa%20Murta&#038;body=https:\/\/radiorevelacionfm.cl\/?p=50676' aria-hidden='false' data-av_icon='\ue805' data-av_iconfont='entypo-fontello' title='' data-avia-related-tooltip='Compartir por correo'><span class='avia_hidden_link_text'>Compartir por correo<\/span><\/a><\/li><\/ul><\/div><\/div>\n<div  style='height:50px' class='hr hr-invisible   avia-builder-el-8  el_after_av_social_share  el_before_av_comments_list '><span class='hr-inner ' ><span class='hr-inner-style'><\/span><\/span><\/div>\n<div  class='av-buildercomment  av-blog-meta-html-info-disabled av-blog-meta-tag-disabled  '><\/div>\n","protected":false},"excerpt":{"rendered":"","protected":false},"author":1,"featured_media":17254,"comment_status":"open","ping_status":"open","sticky":false,"template":"","format":"standard","meta":{"footnotes":""},"categories":[57],"tags":[],"class_list":["post-50676","post","type-post","status-publish","format-standard","has-post-thumbnail","hentry","category-vivienda"],"jetpack_featured_media_url":"https:\/\/radiorevelacionfm.cl\/wp-content\/uploads\/2022\/05\/seremi-de-vivienda-aysen-paulina-ruz-1_optimized.jpg","_links":{"self":[{"href":"https:\/\/radiorevelacionfm.cl\/index.php?rest_route=\/wp\/v2\/posts\/50676","targetHints":{"allow":["GET"]}}],"collection":[{"href":"https:\/\/radiorevelacionfm.cl\/index.php?rest_route=\/wp\/v2\/posts"}],"about":[{"href":"https:\/\/radiorevelacionfm.cl\/index.php?rest_route=\/wp\/v2\/types\/post"}],"author":[{"embeddable":true,"href":"https:\/\/radiorevelacionfm.cl\/index.php?rest_route=\/wp\/v2\/users\/1"}],"replies":[{"embeddable":true,"href":"https:\/\/radiorevelacionfm.cl\/index.php?rest_route=%2Fwp%2Fv2%2Fcomments&post=50676"}],"version-history":[{"count":1,"href":"https:\/\/radiorevelacionfm.cl\/index.php?rest_route=\/wp\/v2\/posts\/50676\/revisions"}],"predecessor-version":[{"id":50677,"href":"https:\/\/radiorevelacionfm.cl\/index.php?rest_route=\/wp\/v2\/posts\/50676\/revisions\/50677"}],"wp:featuredmedia":[{"embeddable":true,"href":"https:\/\/radiorevelacionfm.cl\/index.php?rest_route=\/wp\/v2\/media\/17254"}],"wp:attachment":[{"href":"https:\/\/radiorevelacionfm.cl\/index.php?rest_route=%2Fwp%2Fv2%2Fmedia&parent=50676"}],"wp:term":[{"taxonomy":"category","embeddable":true,"href":"https:\/\/radiorevelacionfm.cl\/index.php?rest_route=%2Fwp%2Fv2%2Fcategories&post=50676"},{"taxonomy":"post_tag","embeddable":true,"href":"https:\/\/radiorevelacionfm.cl\/index.php?rest_route=%2Fwp%2Fv2%2Ftags&post=50676"}],"curies":[{"name":"wp","href":"https:\/\/api.w.org\/{rel}","templated":true}]}}