{"id":50670,"date":"2025-02-18T12:43:18","date_gmt":"2025-02-18T15:43:18","guid":{"rendered":"https:\/\/radiorevelacionfm.cl\/?p=50670"},"modified":"2025-02-18T17:56:20","modified_gmt":"2025-02-18T20:56:20","slug":"una-respuesta-clara-para-las-familias-del-comite-habitacional-flor-de-mayo-de-bahia-murta","status":"publish","type":"post","link":"https:\/\/radiorevelacionfm.cl\/?p=50670","title":{"rendered":"Piden una respuesta clara para las familias del comit\u00e9 habitacional Flor de Mayo de Bah\u00eda Murta"},"content":{"rendered":"<div class=\"flex_column av_one_full  flex_column_div av-zero-column-padding first  avia-builder-el-0  el_before_av_one_full  avia-builder-el-first  \" style='border-radius:0px; '><div  class='avia-image-container  av-styling-    avia-builder-el-1  avia-builder-el-no-sibling  avia-align-center '  itemprop=\"image\" itemscope=\"itemscope\" itemtype=\"https:\/\/schema.org\/ImageObject\"  ><div class='avia-image-container-inner'><div class='avia-image-overlay-wrap'><img decoding=\"async\" class='wp-image-50671 avia-img-lazy-loading-not-50671 avia_image' src=\"https:\/\/radiorevelacionfm.cl\/wp-content\/uploads\/2025\/02\/dsc02231_optimized-1.jpg\" alt='' title='dsc02231_optimized (1)' height=\"600\" width=\"1066\"  itemprop=\"thumbnailUrl\" srcset=\"https:\/\/radiorevelacionfm.cl\/wp-content\/uploads\/2025\/02\/dsc02231_optimized-1.jpg 1066w, https:\/\/radiorevelacionfm.cl\/wp-content\/uploads\/2025\/02\/dsc02231_optimized-1-300x169.jpg 300w, https:\/\/radiorevelacionfm.cl\/wp-content\/uploads\/2025\/02\/dsc02231_optimized-1-1030x580.jpg 1030w, https:\/\/radiorevelacionfm.cl\/wp-content\/uploads\/2025\/02\/dsc02231_optimized-1-768x432.jpg 768w, https:\/\/radiorevelacionfm.cl\/wp-content\/uploads\/2025\/02\/dsc02231_optimized-1-705x397.jpg 705w, https:\/\/radiorevelacionfm.cl\/wp-content\/uploads\/2025\/02\/dsc02231_optimized-1-450x253.jpg 450w, https:\/\/radiorevelacionfm.cl\/wp-content\/uploads\/2025\/02\/dsc02231_optimized-1-600x338.jpg 600w\" sizes=\"(max-width: 1066px) 100vw, 1066px\" \/><\/div><\/div><\/div><\/div>\n<div class=\"flex_column av_one_full  flex_column_div av-zero-column-padding first  avia-builder-el-2  el_after_av_one_full  el_before_av_one_full  column-top-margin\" style='border-radius:0px; '><section class=\"av_textblock_section \"  itemscope=\"itemscope\" itemtype=\"https:\/\/schema.org\/BlogPosting\" itemprop=\"blogPost\" ><div class='avia_textblock  '   itemprop=\"text\" ><p style=\"text-align: center;\"><strong><span style=\"font-size: 18pt;\">Piden una respuesta clara para las familias del comit\u00e9 habitacional Flor de Mayo de Bah\u00eda Murta<\/span><\/strong><\/p>\n<div id=\"gtx-trans\" style=\"position: absolute; left: -50px; top: 4.31534px;\">\n<div class=\"gtx-trans-icon\"><\/div>\n<\/div>\n<\/div><\/section><\/div><div class=\"flex_column av_one_full  flex_column_div av-zero-column-padding first  avia-builder-el-4  el_after_av_one_full  el_before_av_hr  column-top-margin\" style='border-radius:0px; '><section class=\"av_textblock_section \"  itemscope=\"itemscope\" itemtype=\"https:\/\/schema.org\/BlogPosting\" itemprop=\"blogPost\" ><div class='avia_textblock  '   itemprop=\"text\" ><p style=\"text-align: justify;\">El proyecto habitacional del Comit\u00e9 Flor de Mayo, se constituy\u00f3 el 27 de julio del 2015, comenzando el gran sue\u00f1o de la casa propia para 13 familias de Bah\u00eda Murta. Dando el primer gran paso para convertir en realidad este esperado anhelo, en el 2017, durante la gesti\u00f3n del ex alcalde Marcelo Santana Vargas, el grupo solicit\u00f3 el patrocinio de la Municipalidad de R\u00edo Ib\u00e1\u00f1ez.<\/p>\n<p style=\"text-align: justify;\">A trav\u00e9s de la EGIS municipal, se logr\u00f3 conformar el comit\u00e9 para postular a la modalidad de \u00abConstrucci\u00f3n de Conjunto Habitacional en Localidades de hasta 5.000 Habitantes\u00bb del Programa Habitabilidad Rural D.S. N\u00ba10 (V. y U.) 2015, la respectiva recopilaci\u00f3n de antecedentes para postular al subsidio y la exitosa gesti\u00f3n de un terreno de 16.000 m\u00b2 ante Bienes Nacionales, que se traspasaron a Serviu Ays\u00e9n, instituci\u00f3n que asign\u00f3 solo 5.902,50 m\u00b2 para la edificaci\u00f3n de las viviendas.<\/p>\n<p style=\"text-align: justify;\">No osbtante, en el a\u00f1o 2019, el Comit\u00e9 Habitacional Flor de Mayo decidi\u00f3 renunciar al patrocinio del municipio, para continuar con el desarrollo de la iniciativa bajo la entidad patrocinante particular \u00abAlejandro Figueroa Cifuentes\u00bb. Dentro de esta nueva figura, se obtuvo el subsidio en 2020 y se dio el vamos al inicio de obras en 2023.<\/p>\n<p style=\"text-align: justify;\">El sue\u00f1o de la casa propia para el comit\u00e9 y sus integrantes parec\u00eda bien encaminado, sin embargo, en diciembre del 2023 aproximadamente, a menos de un a\u00f1o, la empresa encargada de ejecutar la construcci\u00f3n se declar\u00f3 en quiebra.<\/p>\n<p style=\"text-align: justify;\">De acuerdo al relato de las 13 familias afectadas de Bah\u00eda Murta, posterior a este lamentable hecho, que ocurri\u00f3 hace m\u00e1s de un a\u00f1o, se han sentido en total abandono, sin encontrar respuestas claras por parte de Serviu Ays\u00e9n, ni de la Seremi de Vivienda y Urbanismo de Ays\u00e9n, respecto a cu\u00e1ndo se retomar\u00e1 el desarrollo del proyecto.<\/p>\n<p style=\"text-align: justify;\">Ahora, la preocupaci\u00f3n y angustia de nuestras vecinas y vecinos ha llegado a niveles impensados. \u00bfLa raz\u00f3n? Un lapidario informe de una auditor\u00eda realizada por Contralor\u00eda al proceso que indica lo siguiente: \u201cSe constat\u00f3 que en la obra Construcci\u00f3n 13 Viviendas, Comit\u00e9 Flor de Mayor\u00bb de la localidad lacustre, las partidas B.1.3 \u00abEmplantillado G-5\u00bb, B.1.4 \u00abHormig\u00f3n G-20 cimientos\u00bb y B.1.7 \u00abPilar 1515\u00bb, que corresponden a los cimientos de la totalidad de las viviendas, no fueron ejecutadas\u201d.<\/p>\n<p style=\"text-align: justify;\">El hallazgo mencionado, de acuerdo al documento \u201cse visualiza en las fotograf\u00edas Nos 7, 8, 9 y 10, del Anexo N\u00b0 8, del presente. No obstante, en los estados de pago Nos 1, 3, 4 y 6 fueron pagados avances por dichos trabajos que ascienden a la suma total de 105,59 UF\u201d.<\/p>\n<p style=\"text-align: justify;\">En relaci\u00f3n a esta grave y desoladora situaci\u00f3n de nuestras 13 familias de Bah\u00eda Murta, la Municipalidad de R\u00edo Ib\u00e1\u00f1ez compromete la mayor dedicaci\u00f3n y esfuerzo para encontrar respuestas esclarecedoras. Con el mismo \u00edmpetud, solicita a los servicios correspondientes que asuman las responsabilidades administrativas y pol\u00edticas frente a este atropello a la esperanza de personas que, hace casi 10 a\u00f1os, luchan por tener finalmente su casa propia.<\/p>\n<\/div><\/section><\/div><\/p>\n<div  style='height:50px' class='hr hr-invisible   avia-builder-el-6  el_after_av_one_full  el_before_av_social_share '><span class='hr-inner ' ><span class='hr-inner-style'><\/span><\/span><\/div>\n<div  class='av-social-sharing-box  avia-builder-el-7  el_after_av_hr  el_before_av_hr  '><div class='av-share-box'><h5 class='av-share-link-description av-no-toc '>Compartir esta noticia<\/h5><ul class='av-share-box-list noLightbox'><li class='av-share-link av-social-link-facebook' ><a target=\"_blank\" aria-label=\"Compartir en Facebook\" href='https:\/\/www.facebook.com\/sharer.php?u=https:\/\/radiorevelacionfm.cl\/?p=50670&#038;t=Piden%20una%20respuesta%20clara%20para%20las%20familias%20del%20comit%C3%A9%20habitacional%20Flor%20de%20Mayo%20de%20Bah%C3%ADa%20Murta' aria-hidden='false' data-av_icon='\ue8f3' data-av_iconfont='entypo-fontello' title='' data-avia-related-tooltip='Compartir en Facebook' rel=\"noopener\"><span class='avia_hidden_link_text'>Compartir en Facebook<\/span><\/a><\/li><li class='av-share-link av-social-link-twitter' ><a target=\"_blank\" aria-label=\"Compartir en Twitter\" href='https:\/\/twitter.com\/share?text=Piden%20una%20respuesta%20clara%20para%20las%20familias%20del%20comit%C3%A9%20habitacional%20Flor%20de%20Mayo%20de%20Bah%C3%ADa%20Murta&#038;url=https:\/\/radiorevelacionfm.cl\/?p=50670' aria-hidden='false' data-av_icon='\ue8f1' data-av_iconfont='entypo-fontello' title='' data-avia-related-tooltip='Compartir en Twitter' rel=\"noopener\"><span class='avia_hidden_link_text'>Compartir en Twitter<\/span><\/a><\/li><li class='av-share-link av-social-link-whatsapp' ><a target=\"_blank\" aria-label=\"Compartir en Whatsapp\" href='https:\/\/api.whatsapp.com\/send?text=https:\/\/radiorevelacionfm.cl\/?p=50670' aria-hidden='false' data-av_icon='\uf232' data-av_iconfont='entypo-fontello' title='' data-avia-related-tooltip='Compartir en Whatsapp' rel=\"noopener\"><span class='avia_hidden_link_text'>Compartir en Whatsapp<\/span><\/a><\/li><li class='av-share-link av-social-link-linkedin' ><a target=\"_blank\" aria-label=\"Compartir en LinkedIn\" href='https:\/\/linkedin.com\/shareArticle?mini=true&#038;title=Piden%20una%20respuesta%20clara%20para%20las%20familias%20del%20comit%C3%A9%20habitacional%20Flor%20de%20Mayo%20de%20Bah%C3%ADa%20Murta&#038;url=https:\/\/radiorevelacionfm.cl\/?p=50670' aria-hidden='false' data-av_icon='\ue8fc' data-av_iconfont='entypo-fontello' title='' data-avia-related-tooltip='Compartir en LinkedIn' rel=\"noopener\"><span class='avia_hidden_link_text'>Compartir en LinkedIn<\/span><\/a><\/li><li class='av-share-link av-social-link-mail' ><a  aria-label=\"Compartir por correo\" href='mailto:?subject=Piden%20una%20respuesta%20clara%20para%20las%20familias%20del%20comit%C3%A9%20habitacional%20Flor%20de%20Mayo%20de%20Bah%C3%ADa%20Murta&#038;body=https:\/\/radiorevelacionfm.cl\/?p=50670' aria-hidden='false' data-av_icon='\ue805' data-av_iconfont='entypo-fontello' title='' data-avia-related-tooltip='Compartir por correo'><span class='avia_hidden_link_text'>Compartir por correo<\/span><\/a><\/li><\/ul><\/div><\/div>\n<div  style='height:50px' class='hr hr-invisible   avia-builder-el-8  el_after_av_social_share  el_before_av_comments_list '><span class='hr-inner ' ><span class='hr-inner-style'><\/span><\/span><\/div>\n<div  class='av-buildercomment  av-blog-meta-html-info-disabled av-blog-meta-tag-disabled  '><\/div>\n","protected":false},"excerpt":{"rendered":"","protected":false},"author":1,"featured_media":50671,"comment_status":"open","ping_status":"open","sticky":false,"template":"","format":"standard","meta":{"footnotes":""},"categories":[57],"tags":[],"class_list":["post-50670","post","type-post","status-publish","format-standard","has-post-thumbnail","hentry","category-vivienda"],"jetpack_featured_media_url":"https:\/\/radiorevelacionfm.cl\/wp-content\/uploads\/2025\/02\/dsc02231_optimized-1.jpg","_links":{"self":[{"href":"https:\/\/radiorevelacionfm.cl\/index.php?rest_route=\/wp\/v2\/posts\/50670","targetHints":{"allow":["GET"]}}],"collection":[{"href":"https:\/\/radiorevelacionfm.cl\/index.php?rest_route=\/wp\/v2\/posts"}],"about":[{"href":"https:\/\/radiorevelacionfm.cl\/index.php?rest_route=\/wp\/v2\/types\/post"}],"author":[{"embeddable":true,"href":"https:\/\/radiorevelacionfm.cl\/index.php?rest_route=\/wp\/v2\/users\/1"}],"replies":[{"embeddable":true,"href":"https:\/\/radiorevelacionfm.cl\/index.php?rest_route=%2Fwp%2Fv2%2Fcomments&post=50670"}],"version-history":[{"count":2,"href":"https:\/\/radiorevelacionfm.cl\/index.php?rest_route=\/wp\/v2\/posts\/50670\/revisions"}],"predecessor-version":[{"id":50684,"href":"https:\/\/radiorevelacionfm.cl\/index.php?rest_route=\/wp\/v2\/posts\/50670\/revisions\/50684"}],"wp:featuredmedia":[{"embeddable":true,"href":"https:\/\/radiorevelacionfm.cl\/index.php?rest_route=\/wp\/v2\/media\/50671"}],"wp:attachment":[{"href":"https:\/\/radiorevelacionfm.cl\/index.php?rest_route=%2Fwp%2Fv2%2Fmedia&parent=50670"}],"wp:term":[{"taxonomy":"category","embeddable":true,"href":"https:\/\/radiorevelacionfm.cl\/index.php?rest_route=%2Fwp%2Fv2%2Fcategories&post=50670"},{"taxonomy":"post_tag","embeddable":true,"href":"https:\/\/radiorevelacionfm.cl\/index.php?rest_route=%2Fwp%2Fv2%2Ftags&post=50670"}],"curies":[{"name":"wp","href":"https:\/\/api.w.org\/{rel}","templated":true}]}}