{"id":50666,"date":"2025-02-18T12:23:45","date_gmt":"2025-02-18T15:23:45","guid":{"rendered":"https:\/\/radiorevelacionfm.cl\/?p=50666"},"modified":"2025-02-18T12:27:25","modified_gmt":"2025-02-18T15:27:25","slug":"empresa-electrica-registro-mas-de-100-postes-chocados-en-sus-redes-en-la-region-de-aysen","status":"publish","type":"post","link":"https:\/\/radiorevelacionfm.cl\/?p=50666","title":{"rendered":"Empresa El\u00e9ctrica registr\u00f3 m\u00e1s de 100 postes chocados en sus redes en la regi\u00f3n de Ays\u00e9n"},"content":{"rendered":"<div class=\"flex_column av_one_full  flex_column_div av-zero-column-padding first  avia-builder-el-0  el_before_av_one_full  avia-builder-el-first  \" style='border-radius:0px; '><div  class='avia-image-container  av-styling-    avia-builder-el-1  avia-builder-el-no-sibling  avia-align-center '  itemprop=\"image\" itemscope=\"itemscope\" itemtype=\"https:\/\/schema.org\/ImageObject\"  ><div class='avia-image-container-inner'><div class='avia-image-overlay-wrap'><img decoding=\"async\" class='wp-image-50667 avia-img-lazy-loading-not-50667 avia_image' src=\"https:\/\/radiorevelacionfm.cl\/wp-content\/uploads\/2025\/02\/choque-a-postes-4-1_optimized-1.jpeg\" alt='' title='choque-a-postes-(4)-(1)_optimized (1)' height=\"600\" width=\"923\"  itemprop=\"thumbnailUrl\" srcset=\"https:\/\/radiorevelacionfm.cl\/wp-content\/uploads\/2025\/02\/choque-a-postes-4-1_optimized-1.jpeg 923w, https:\/\/radiorevelacionfm.cl\/wp-content\/uploads\/2025\/02\/choque-a-postes-4-1_optimized-1-300x195.jpeg 300w, https:\/\/radiorevelacionfm.cl\/wp-content\/uploads\/2025\/02\/choque-a-postes-4-1_optimized-1-768x499.jpeg 768w, https:\/\/radiorevelacionfm.cl\/wp-content\/uploads\/2025\/02\/choque-a-postes-4-1_optimized-1-705x458.jpeg 705w, https:\/\/radiorevelacionfm.cl\/wp-content\/uploads\/2025\/02\/choque-a-postes-4-1_optimized-1-450x293.jpeg 450w, https:\/\/radiorevelacionfm.cl\/wp-content\/uploads\/2025\/02\/choque-a-postes-4-1_optimized-1-600x390.jpeg 600w\" sizes=\"(max-width: 923px) 100vw, 923px\" \/><\/div><\/div><\/div><\/div>\n<div class=\"flex_column av_one_full  flex_column_div av-zero-column-padding first  avia-builder-el-2  el_after_av_one_full  el_before_av_one_full  column-top-margin\" style='border-radius:0px; '><section class=\"av_textblock_section \"  itemscope=\"itemscope\" itemtype=\"https:\/\/schema.org\/BlogPosting\" itemprop=\"blogPost\" ><div class='avia_textblock  '   itemprop=\"text\" ><p style=\"text-align: center;\"><strong><span style=\"font-size: 18pt;\">Empresa El\u00e9ctrica registr\u00f3 m\u00e1s de 100 postes chocados en sus redes en la regi\u00f3n de Ays\u00e9n<\/span><\/strong><\/p>\n<div id=\"gtx-trans\" style=\"position: absolute; left: -50px; top: 4.31534px;\">\n<div class=\"gtx-trans-icon\"><\/div>\n<\/div>\n<\/div><\/section><\/div><div class=\"flex_column av_one_full  flex_column_div av-zero-column-padding first  avia-builder-el-4  el_after_av_one_full  el_before_av_hr  column-top-margin\" style='border-radius:0px; '><section class=\"av_textblock_section \"  itemscope=\"itemscope\" itemtype=\"https:\/\/schema.org\/BlogPosting\" itemprop=\"blogPost\" ><div class='avia_textblock  '   itemprop=\"text\" ><p style=\"text-align: justify;\"><em>El da\u00f1o a este tipo de instalaciones el\u00e9ctricas implica trabajos de reposici\u00f3n entre 4 y 8 horas.<\/em><\/p>\n<p style=\"text-align: justify;\"><em>\u00a0<\/em>Durante el 2024, un total de 111 postes se vieron afectados en la regi\u00f3n debido a distintos incidentes, generando impactos en la continuidad del suministro el\u00e9ctrico y en las redes de telecomunicaciones. De acuerdo con el balance entregado por Edelaysen, los casos registrados corresponden a 68 choques de veh\u00edculos en las instalaciones el\u00e9ctricas; 27 arrastres de infraestructura el\u00e9ctrica y 16 afectaciones a redes de telecomunicaciones, centrando el mayor n\u00famero en las comunas de Coyhaique y Puerto Ays\u00e9n respectivamente.<\/p>\n<p style=\"text-align: justify;\">Desde la empresa destacaron la importancia de reforzar la prevenci\u00f3n, responsabilidad en la conducci\u00f3n y el respeto por las normas de tr\u00e1nsito para reducir estos eventos y minimizar sus efectos en el servicio del suministro el\u00e9ctrico.<\/p>\n<p style=\"text-align: justify;\">En tal sentido, Manuel Subiabre, ejecutivo de Edelaysen destac\u00f3 que: \u201cNuestro equipo trabaja permanentemente para reponer el servicio en el menor tiempo posible cuando ocurren este tipo de situaciones. No obstante, es clave reforzar la prevenci\u00f3n y el autocuidado para evitar incidentes que afectan la infraestructura el\u00e9ctrica y la calidad de servicio para la comunidad\u201d.<\/p>\n<p style=\"text-align: justify;\">El ejecutivo agreg\u00f3 que \u201cnuestra invitaci\u00f3n es a manejar con cuidado y a la defensiva, para as\u00ed resguardar tanto a las personas como a la infraestructura el\u00e9ctrica. Considerando que un poste chocado requiere faenas de reposici\u00f3n que pueden extenderse entre 4 y 8 horas, dependiendo de la afectaci\u00f3n\u201d.<\/p>\n<p style=\"text-align: justify;\">La el\u00e9ctrica mencion\u00f3 que los clientes pueden reportar emergencias el\u00e9ctricas a trav\u00e9s de la l\u00ednea gratuita 800 600 803, en la p\u00e1gina web\u00a0<a href=\"https:\/\/nam10.safelinks.protection.outlook.com\/?url=http%3A%2F%2Fwww.edelaysen.cl%2F&amp;data=05%7C02%7Cmaria.marchant%40saesa.cl%7C7fd0acd1cc894baa40e308dd4b813868%7C136d6ab55b55496f97cb2424247715ed%7C0%7C0%7C638749740546299860%7CUnknown%7CTWFpbGZsb3d8eyJFbXB0eU1hcGkiOnRydWUsIlYiOiIwLjAuMDAwMCIsIlAiOiJXaW4zMiIsIkFOIjoiTWFpbCIsIldUIjoyfQ%3D%3D%7C0%7C%7C%7C&amp;sdata=AyvA%2BeP3HwY%2BPbZKkBhGfkSt%2BzWbBWSrh72DWzYhBNQ%3D&amp;reserved=0\">www.edelaysen.cl<\/a>\u00a0o mediante la APP Edelaysen. As\u00ed mismo, Edelaysen inform\u00f3 que contin\u00faa monitoreando y gestionando este tipo de eventos con protocolos de atenci\u00f3n orientados a garantizar la seguridad y continuidad del suministro el\u00e9ctrico.<\/p>\n<\/div><\/section><\/div><\/p>\n<div  style='height:50px' class='hr hr-invisible   avia-builder-el-6  el_after_av_one_full  el_before_av_social_share '><span class='hr-inner ' ><span class='hr-inner-style'><\/span><\/span><\/div>\n<div  class='av-social-sharing-box  avia-builder-el-7  el_after_av_hr  el_before_av_hr  '><div class='av-share-box'><h5 class='av-share-link-description av-no-toc '>Compartir esta noticia<\/h5><ul class='av-share-box-list noLightbox'><li class='av-share-link av-social-link-facebook' ><a target=\"_blank\" aria-label=\"Compartir en Facebook\" href='https:\/\/www.facebook.com\/sharer.php?u=https:\/\/radiorevelacionfm.cl\/?p=50666&#038;t=Empresa%20El%C3%A9ctrica%20registr%C3%B3%20m%C3%A1s%20de%20100%20postes%20chocados%20en%20sus%20redes%20en%20la%20regi%C3%B3n%20de%20Ays%C3%A9n' aria-hidden='false' data-av_icon='\ue8f3' data-av_iconfont='entypo-fontello' title='' data-avia-related-tooltip='Compartir en Facebook' rel=\"noopener\"><span class='avia_hidden_link_text'>Compartir en Facebook<\/span><\/a><\/li><li class='av-share-link av-social-link-twitter' ><a target=\"_blank\" aria-label=\"Compartir en Twitter\" href='https:\/\/twitter.com\/share?text=Empresa%20El%C3%A9ctrica%20registr%C3%B3%20m%C3%A1s%20de%20100%20postes%20chocados%20en%20sus%20redes%20en%20la%20regi%C3%B3n%20de%20Ays%C3%A9n&#038;url=https:\/\/radiorevelacionfm.cl\/?p=50666' aria-hidden='false' data-av_icon='\ue8f1' data-av_iconfont='entypo-fontello' title='' data-avia-related-tooltip='Compartir en Twitter' rel=\"noopener\"><span class='avia_hidden_link_text'>Compartir en Twitter<\/span><\/a><\/li><li class='av-share-link av-social-link-whatsapp' ><a target=\"_blank\" aria-label=\"Compartir en Whatsapp\" href='https:\/\/api.whatsapp.com\/send?text=https:\/\/radiorevelacionfm.cl\/?p=50666' aria-hidden='false' data-av_icon='\uf232' data-av_iconfont='entypo-fontello' title='' data-avia-related-tooltip='Compartir en Whatsapp' rel=\"noopener\"><span class='avia_hidden_link_text'>Compartir en Whatsapp<\/span><\/a><\/li><li class='av-share-link av-social-link-linkedin' ><a target=\"_blank\" aria-label=\"Compartir en LinkedIn\" href='https:\/\/linkedin.com\/shareArticle?mini=true&#038;title=Empresa%20El%C3%A9ctrica%20registr%C3%B3%20m%C3%A1s%20de%20100%20postes%20chocados%20en%20sus%20redes%20en%20la%20regi%C3%B3n%20de%20Ays%C3%A9n&#038;url=https:\/\/radiorevelacionfm.cl\/?p=50666' aria-hidden='false' data-av_icon='\ue8fc' data-av_iconfont='entypo-fontello' title='' data-avia-related-tooltip='Compartir en LinkedIn' rel=\"noopener\"><span class='avia_hidden_link_text'>Compartir en LinkedIn<\/span><\/a><\/li><li class='av-share-link av-social-link-mail' ><a  aria-label=\"Compartir por correo\" href='mailto:?subject=Empresa%20El%C3%A9ctrica%20registr%C3%B3%20m%C3%A1s%20de%20100%20postes%20chocados%20en%20sus%20redes%20en%20la%20regi%C3%B3n%20de%20Ays%C3%A9n&#038;body=https:\/\/radiorevelacionfm.cl\/?p=50666' aria-hidden='false' data-av_icon='\ue805' data-av_iconfont='entypo-fontello' title='' data-avia-related-tooltip='Compartir por correo'><span class='avia_hidden_link_text'>Compartir por correo<\/span><\/a><\/li><\/ul><\/div><\/div>\n<div  style='height:50px' class='hr hr-invisible   avia-builder-el-8  el_after_av_social_share  el_before_av_comments_list '><span class='hr-inner ' ><span class='hr-inner-style'><\/span><\/span><\/div>\n<div  class='av-buildercomment  av-blog-meta-html-info-disabled av-blog-meta-tag-disabled  '><\/div>\n","protected":false},"excerpt":{"rendered":"","protected":false},"author":1,"featured_media":50667,"comment_status":"open","ping_status":"open","sticky":false,"template":"","format":"standard","meta":{"footnotes":""},"categories":[38],"tags":[],"class_list":["post-50666","post","type-post","status-publish","format-standard","has-post-thumbnail","hentry","category-regional"],"jetpack_featured_media_url":"https:\/\/radiorevelacionfm.cl\/wp-content\/uploads\/2025\/02\/choque-a-postes-4-1_optimized-1.jpeg","_links":{"self":[{"href":"https:\/\/radiorevelacionfm.cl\/index.php?rest_route=\/wp\/v2\/posts\/50666","targetHints":{"allow":["GET"]}}],"collection":[{"href":"https:\/\/radiorevelacionfm.cl\/index.php?rest_route=\/wp\/v2\/posts"}],"about":[{"href":"https:\/\/radiorevelacionfm.cl\/index.php?rest_route=\/wp\/v2\/types\/post"}],"author":[{"embeddable":true,"href":"https:\/\/radiorevelacionfm.cl\/index.php?rest_route=\/wp\/v2\/users\/1"}],"replies":[{"embeddable":true,"href":"https:\/\/radiorevelacionfm.cl\/index.php?rest_route=%2Fwp%2Fv2%2Fcomments&post=50666"}],"version-history":[{"count":2,"href":"https:\/\/radiorevelacionfm.cl\/index.php?rest_route=\/wp\/v2\/posts\/50666\/revisions"}],"predecessor-version":[{"id":50669,"href":"https:\/\/radiorevelacionfm.cl\/index.php?rest_route=\/wp\/v2\/posts\/50666\/revisions\/50669"}],"wp:featuredmedia":[{"embeddable":true,"href":"https:\/\/radiorevelacionfm.cl\/index.php?rest_route=\/wp\/v2\/media\/50667"}],"wp:attachment":[{"href":"https:\/\/radiorevelacionfm.cl\/index.php?rest_route=%2Fwp%2Fv2%2Fmedia&parent=50666"}],"wp:term":[{"taxonomy":"category","embeddable":true,"href":"https:\/\/radiorevelacionfm.cl\/index.php?rest_route=%2Fwp%2Fv2%2Fcategories&post=50666"},{"taxonomy":"post_tag","embeddable":true,"href":"https:\/\/radiorevelacionfm.cl\/index.php?rest_route=%2Fwp%2Fv2%2Ftags&post=50666"}],"curies":[{"name":"wp","href":"https:\/\/api.w.org\/{rel}","templated":true}]}}