{"id":5066,"date":"2021-06-09T13:37:25","date_gmt":"2021-06-09T16:37:25","guid":{"rendered":"https:\/\/radiorevelacionfm.cl\/?p=5066"},"modified":"2021-06-09T13:37:25","modified_gmt":"2021-06-09T16:37:25","slug":"compleja-situacion-vive-pobladora-de-melinka-notificada-de-desalojo-por-ocupacion-de-faja-costera-en-litoral-aysenino","status":"publish","type":"post","link":"https:\/\/radiorevelacionfm.cl\/?p=5066","title":{"rendered":"Compleja situaci\u00f3n vive pobladora de Melinka notificada de desalojo por ocupaci\u00f3n de faja costera en litoral aysenino"},"content":{"rendered":"<div class=\"flex_column av_one_full  flex_column_div av-zero-column-padding first  avia-builder-el-0  el_before_av_one_full  avia-builder-el-first  \" style='border-radius:0px; '><div  class='avia-image-container  av-styling-    avia-builder-el-1  avia-builder-el-no-sibling  avia-align-center '  itemprop=\"image\" itemscope=\"itemscope\" itemtype=\"https:\/\/schema.org\/ImageObject\"  ><div class='avia-image-container-inner'><div class='avia-image-overlay-wrap'><img decoding=\"async\" class='wp-image-3491 avia-img-lazy-loading-not-3491 avia_image' src=\"https:\/\/radiorevelacionfm.cl\/wp-content\/uploads\/2021\/04\/melinka01_optimized.jpg\" alt='' title='melinka01_optimized' height=\"800\" width=\"1201\"  itemprop=\"thumbnailUrl\" srcset=\"https:\/\/radiorevelacionfm.cl\/wp-content\/uploads\/2021\/04\/melinka01_optimized.jpg 1201w, https:\/\/radiorevelacionfm.cl\/wp-content\/uploads\/2021\/04\/melinka01_optimized-300x200.jpg 300w, https:\/\/radiorevelacionfm.cl\/wp-content\/uploads\/2021\/04\/melinka01_optimized-1030x686.jpg 1030w, https:\/\/radiorevelacionfm.cl\/wp-content\/uploads\/2021\/04\/melinka01_optimized-768x512.jpg 768w, https:\/\/radiorevelacionfm.cl\/wp-content\/uploads\/2021\/04\/melinka01_optimized-705x470.jpg 705w, https:\/\/radiorevelacionfm.cl\/wp-content\/uploads\/2021\/04\/melinka01_optimized-600x400.jpg 600w\" sizes=\"(max-width: 1201px) 100vw, 1201px\" \/><\/div><\/div><\/div><\/div><div class=\"flex_column av_one_full  flex_column_div av-zero-column-padding first  avia-builder-el-2  el_after_av_one_full  el_before_av_one_full  column-top-margin\" style='border-radius:0px; '><section class=\"av_textblock_section \"  itemscope=\"itemscope\" itemtype=\"https:\/\/schema.org\/BlogPosting\" itemprop=\"blogPost\" ><div class='avia_textblock  '   itemprop=\"text\" ><p style=\"text-align: center;\"><strong><span style=\"font-size: 18pt;\">Compleja situaci\u00f3n vive pobladora de Melinka notificada de desalojo por ocupaci\u00f3n de faja costera en el litoral aysenino<\/span><\/strong><\/p>\n<div id=\"gtx-trans\" style=\"position: absolute; left: -50px; top: 4.31534px;\">\n<div class=\"gtx-trans-icon\"><\/div>\n<\/div>\n<\/div><\/section><\/div><div class=\"flex_column av_one_full  flex_column_div av-zero-column-padding first  avia-builder-el-4  el_after_av_one_full  el_before_av_hr  column-top-margin\" style='border-radius:0px; '><section class=\"av_textblock_section \"  itemscope=\"itemscope\" itemtype=\"https:\/\/schema.org\/BlogPosting\" itemprop=\"blogPost\" ><div class='avia_textblock  '   itemprop=\"text\" ><p style=\"text-align: justify;\">En los \u00faltimos d\u00edas, el senador David Sandoval pudo conocer la situaci\u00f3n de una pobladora de Melinka, quien fue notificada por la Capitan\u00eda de Puerto de la capital de Las Guaitecas, para desalojar el terreno que ocupa en el borde costero, faja que est\u00e1 bajo la administraci\u00f3n de la Subsecretar\u00eda de Fuerzas Armadas.<\/p>\n<p style=\"text-align: justify;\">Por ese motivo es que el parlamentario defini\u00f3 oficiar a la Direcci\u00f3n General del Territorio Mar\u00edtimo y de Marina Mercante (DIRECTEMAR), a fin de conocer el n\u00famero de pobladores y pobladoras que han sido notificadas a lo largo del litoral aysenino, y as\u00ed ver el real impacto que tiene esta situaci\u00f3n en la zona. \u201cHemos visto con atenci\u00f3n esto y el impacto que puede tener. Por eso estamos haciendo el requerimiento de informaci\u00f3n para saber cu\u00e1nta es la gente involucrada, porque lo que est\u00e1 aconteciendo, en este caso en Melinka, perfectamente puede estar sucediendo en otras zonas del sector costero regional\u201d, se\u00f1al\u00f3.<\/p>\n<p style=\"text-align: justify;\">Sandoval estima que se debe enfrentar el problema, pues si bien entiende la exigencia del cumplimiento de las normas que hace la DIRECTEMAR, se tiene que tomar en cuenta que esto tambi\u00e9n tiene un car\u00e1cter social. \u201cPor eso, y considerando lo extenso de nuestro litoral, queremos saber detalles de la situaci\u00f3n\u201d, subray\u00f3.<\/p>\n<p style=\"text-align: justify;\">Adem\u00e1s, el legislador destac\u00f3 la preocupaci\u00f3n y compromiso mostrado por el concejal electo de Las Guaitecas, Juan Carlos Vargas Remolcoy, quien alert\u00f3 de la situaci\u00f3n que se est\u00e1 produciendo en Melinka. \u201cEs un tema no menor, un tema social, que puede estar muy extendido en el litoral y que con toda seguridad requerir\u00e1 de un enfoque distinto. Estamos haciendo todas las gestiones pertinentes para contar con esta informaci\u00f3n a la brevedad posible, y definir cu\u00e1les son los cursos de acci\u00f3n que se van a tener, m\u00e1s all\u00e1 de los requerimientos de desalojo de estos terrenos ocupados por pobladores y pobladoras del litoral de nuestra regi\u00f3n\u201d, concluy\u00f3.<\/p>\n<p style=\"text-align: justify;\">Al respecto, el concejal electo Vargas indic\u00f3 que luego de recibir la informaci\u00f3n que afecta a una pobladora de la localidad, se contact\u00f3 con el senador Sandoval a fin de ver caminos de soluci\u00f3n a este tema. \u201cPor eso estamos solicitando informaci\u00f3n a DIRECTEMAR para determinar qu\u00e9 impacto puede tener la ocupaci\u00f3n de estos terrenos en el borde costero y as\u00ed buscar\u00a0 un plan de desarrollo de nuestro litoral, de manera que estas familias no se vean afectadas y tambi\u00e9n podamos cumplir con la normativa vigente\u201d, explic\u00f3.<\/p>\n<p style=\"text-align: justify;\">\u201cHoy sabemos que DIRECTEMAR est\u00e1 cumpliendo con su labor fiscalizadora, pero tambi\u00e9n tenemos que tomar en consideraci\u00f3n que estas familias llevan m\u00e1s de 15, 20 e incluso 40 a\u00f1os viviendo en estos sectores\u201d, concluy\u00f3 Vargas.<\/p>\n<\/div><\/section><\/div><div  style='height:50px' class='hr hr-invisible   avia-builder-el-6  el_after_av_one_full  el_before_av_social_share '><span class='hr-inner ' ><span class='hr-inner-style'><\/span><\/span><\/div><\/p>\n<div  class='av-social-sharing-box  avia-builder-el-7  el_after_av_hr  el_before_av_hr  '><div class='av-share-box'><h5 class='av-share-link-description av-no-toc '>Compartir esta noticia<\/h5><ul class='av-share-box-list noLightbox'><li class='av-share-link av-social-link-facebook' ><a target=\"_blank\" aria-label=\"Compartir en Facebook\" href='https:\/\/www.facebook.com\/sharer.php?u=https:\/\/radiorevelacionfm.cl\/?p=5066&#038;t=Compleja%20situaci%C3%B3n%20vive%20pobladora%20de%20Melinka%20notificada%20de%20desalojo%20por%20ocupaci%C3%B3n%20de%20faja%20costera%20en%20litoral%20aysenino' aria-hidden='false' data-av_icon='\ue8f3' data-av_iconfont='entypo-fontello' title='' data-avia-related-tooltip='Compartir en Facebook' rel=\"noopener\"><span class='avia_hidden_link_text'>Compartir en Facebook<\/span><\/a><\/li><li class='av-share-link av-social-link-twitter' ><a target=\"_blank\" aria-label=\"Compartir en Twitter\" href='https:\/\/twitter.com\/share?text=Compleja%20situaci%C3%B3n%20vive%20pobladora%20de%20Melinka%20notificada%20de%20desalojo%20por%20ocupaci%C3%B3n%20de%20faja%20costera%20en%20litoral%20aysenino&#038;url=https:\/\/radiorevelacionfm.cl\/?p=5066' aria-hidden='false' data-av_icon='\ue8f1' data-av_iconfont='entypo-fontello' title='' data-avia-related-tooltip='Compartir en Twitter' rel=\"noopener\"><span class='avia_hidden_link_text'>Compartir en Twitter<\/span><\/a><\/li><li class='av-share-link av-social-link-whatsapp' ><a target=\"_blank\" aria-label=\"Compartir en Whatsapp\" href='https:\/\/api.whatsapp.com\/send?text=https:\/\/radiorevelacionfm.cl\/?p=5066' aria-hidden='false' data-av_icon='\uf232' data-av_iconfont='entypo-fontello' title='' data-avia-related-tooltip='Compartir en Whatsapp' rel=\"noopener\"><span class='avia_hidden_link_text'>Compartir en Whatsapp<\/span><\/a><\/li><li class='av-share-link av-social-link-linkedin' ><a target=\"_blank\" aria-label=\"Compartir en LinkedIn\" href='https:\/\/linkedin.com\/shareArticle?mini=true&#038;title=Compleja%20situaci%C3%B3n%20vive%20pobladora%20de%20Melinka%20notificada%20de%20desalojo%20por%20ocupaci%C3%B3n%20de%20faja%20costera%20en%20litoral%20aysenino&#038;url=https:\/\/radiorevelacionfm.cl\/?p=5066' aria-hidden='false' data-av_icon='\ue8fc' data-av_iconfont='entypo-fontello' title='' data-avia-related-tooltip='Compartir en LinkedIn' rel=\"noopener\"><span class='avia_hidden_link_text'>Compartir en LinkedIn<\/span><\/a><\/li><li class='av-share-link av-social-link-mail' ><a  aria-label=\"Compartir por correo\" href='mailto:?subject=Compleja%20situaci%C3%B3n%20vive%20pobladora%20de%20Melinka%20notificada%20de%20desalojo%20por%20ocupaci%C3%B3n%20de%20faja%20costera%20en%20litoral%20aysenino&#038;body=https:\/\/radiorevelacionfm.cl\/?p=5066' aria-hidden='false' data-av_icon='\ue805' data-av_iconfont='entypo-fontello' title='' data-avia-related-tooltip='Compartir por correo'><span class='avia_hidden_link_text'>Compartir por correo<\/span><\/a><\/li><\/ul><\/div><\/div>\n<div  style='height:50px' class='hr hr-invisible   avia-builder-el-8  el_after_av_social_share  el_before_av_comments_list '><span class='hr-inner ' ><span class='hr-inner-style'><\/span><\/span><\/div>\n<div  class='av-buildercomment  av-blog-meta-html-info-disabled av-blog-meta-tag-disabled  '><\/div>\n","protected":false},"excerpt":{"rendered":"","protected":false},"author":1,"featured_media":3491,"comment_status":"open","ping_status":"open","sticky":false,"template":"","format":"standard","meta":{"footnotes":""},"categories":[38],"tags":[],"class_list":["post-5066","post","type-post","status-publish","format-standard","has-post-thumbnail","hentry","category-regional"],"jetpack_featured_media_url":"https:\/\/radiorevelacionfm.cl\/wp-content\/uploads\/2021\/04\/melinka01_optimized.jpg","_links":{"self":[{"href":"https:\/\/radiorevelacionfm.cl\/index.php?rest_route=\/wp\/v2\/posts\/5066","targetHints":{"allow":["GET"]}}],"collection":[{"href":"https:\/\/radiorevelacionfm.cl\/index.php?rest_route=\/wp\/v2\/posts"}],"about":[{"href":"https:\/\/radiorevelacionfm.cl\/index.php?rest_route=\/wp\/v2\/types\/post"}],"author":[{"embeddable":true,"href":"https:\/\/radiorevelacionfm.cl\/index.php?rest_route=\/wp\/v2\/users\/1"}],"replies":[{"embeddable":true,"href":"https:\/\/radiorevelacionfm.cl\/index.php?rest_route=%2Fwp%2Fv2%2Fcomments&post=5066"}],"version-history":[{"count":1,"href":"https:\/\/radiorevelacionfm.cl\/index.php?rest_route=\/wp\/v2\/posts\/5066\/revisions"}],"predecessor-version":[{"id":5067,"href":"https:\/\/radiorevelacionfm.cl\/index.php?rest_route=\/wp\/v2\/posts\/5066\/revisions\/5067"}],"wp:featuredmedia":[{"embeddable":true,"href":"https:\/\/radiorevelacionfm.cl\/index.php?rest_route=\/wp\/v2\/media\/3491"}],"wp:attachment":[{"href":"https:\/\/radiorevelacionfm.cl\/index.php?rest_route=%2Fwp%2Fv2%2Fmedia&parent=5066"}],"wp:term":[{"taxonomy":"category","embeddable":true,"href":"https:\/\/radiorevelacionfm.cl\/index.php?rest_route=%2Fwp%2Fv2%2Fcategories&post=5066"},{"taxonomy":"post_tag","embeddable":true,"href":"https:\/\/radiorevelacionfm.cl\/index.php?rest_route=%2Fwp%2Fv2%2Ftags&post=5066"}],"curies":[{"name":"wp","href":"https:\/\/api.w.org\/{rel}","templated":true}]}}