{"id":50659,"date":"2025-02-18T10:13:50","date_gmt":"2025-02-18T13:13:50","guid":{"rendered":"https:\/\/radiorevelacionfm.cl\/?p=50659"},"modified":"2025-02-18T10:13:50","modified_gmt":"2025-02-18T13:13:50","slug":"firman-convenio-para-fortalecer-la-formacion-de-mujeres-en-diversas-areas-productivas-de-la-region","status":"publish","type":"post","link":"https:\/\/radiorevelacionfm.cl\/?p=50659","title":{"rendered":"Firman convenio para fortalecer la formaci\u00f3n de mujeres en diversas \u00e1reas productivas de la regi\u00f3n"},"content":{"rendered":"<div class=\"flex_column av_one_full  flex_column_div av-zero-column-padding first  avia-builder-el-0  el_before_av_one_full  avia-builder-el-first  \" style='border-radius:0px; '><div  class='avia-image-container  av-styling-    avia-builder-el-1  avia-builder-el-no-sibling  avia-align-center '  itemprop=\"image\" itemscope=\"itemscope\" itemtype=\"https:\/\/schema.org\/ImageObject\"  ><div class='avia-image-container-inner'><div class='avia-image-overlay-wrap'><img decoding=\"async\" class='wp-image-50660 avia-img-lazy-loading-not-50660 avia_image' src=\"https:\/\/radiorevelacionfm.cl\/wp-content\/uploads\/2025\/02\/cft-1-1_optimized.jpeg\" alt='' title='cft-1-(1)_optimized' height=\"600\" width=\"800\"  itemprop=\"thumbnailUrl\" srcset=\"https:\/\/radiorevelacionfm.cl\/wp-content\/uploads\/2025\/02\/cft-1-1_optimized.jpeg 800w, https:\/\/radiorevelacionfm.cl\/wp-content\/uploads\/2025\/02\/cft-1-1_optimized-300x225.jpeg 300w, https:\/\/radiorevelacionfm.cl\/wp-content\/uploads\/2025\/02\/cft-1-1_optimized-768x576.jpeg 768w, https:\/\/radiorevelacionfm.cl\/wp-content\/uploads\/2025\/02\/cft-1-1_optimized-705x529.jpeg 705w, https:\/\/radiorevelacionfm.cl\/wp-content\/uploads\/2025\/02\/cft-1-1_optimized-450x338.jpeg 450w, https:\/\/radiorevelacionfm.cl\/wp-content\/uploads\/2025\/02\/cft-1-1_optimized-600x450.jpeg 600w\" sizes=\"(max-width: 800px) 100vw, 800px\" \/><\/div><\/div><\/div><\/div><div class=\"flex_column av_one_full  flex_column_div av-zero-column-padding first  avia-builder-el-2  el_after_av_one_full  el_before_av_one_full  column-top-margin\" style='border-radius:0px; '><section class=\"av_textblock_section \"  itemscope=\"itemscope\" itemtype=\"https:\/\/schema.org\/BlogPosting\" itemprop=\"blogPost\" ><div class='avia_textblock  '   itemprop=\"text\" ><p style=\"text-align: center;\"><strong><span style=\"font-size: 18pt;\">Firman convenio para fortalecer la formaci\u00f3n de mujeres en diversas \u00e1reas productivas de la regi\u00f3n<\/span><\/strong><\/p>\n<div id=\"gtx-trans\" style=\"position: absolute; left: -50px; top: 4.31534px;\">\n<div class=\"gtx-trans-icon\"><\/div>\n<\/div>\n<\/div><\/section><\/div><div class=\"flex_column av_one_full  flex_column_div av-zero-column-padding first  avia-builder-el-4  el_after_av_one_full  el_before_av_hr  column-top-margin\" style='border-radius:0px; '><section class=\"av_textblock_section \"  itemscope=\"itemscope\" itemtype=\"https:\/\/schema.org\/BlogPosting\" itemprop=\"blogPost\" ><div class='avia_textblock  '   itemprop=\"text\" ><p dir=\"ltr\" style=\"text-align: justify;\">Este lunes el Servicio Nacional de la Mujer y la Equidad de G\u00e9nero (SernamEG) y el Centro de Formaci\u00f3n T\u00e9cnica Estatal de la Regi\u00f3n de Ays\u00e9n, firmaron un convenio de colaboraci\u00f3n para formalizar el v\u00ednculo entre ambas instituciones y tambi\u00e9n para avanzar en materias de g\u00e9nero, poniendo el foco en que la oferta acad\u00e9mica del CFT Ays\u00e9n contempla la participaci\u00f3n de mujeres en carreras y rubros que hist\u00f3ricamente en la regi\u00f3n han sido espacios ocupados por hombres.<\/p>\n<p dir=\"ltr\" style=\"text-align: justify;\">Si bien es cierto que el CFT y SernamEG ya han trabajado en conjunto en la comunas de Coyhaique y Ays\u00e9n, en el marco de los diversos programas que tiene el servicio en el territorio, esta firma viene a concretar una alianza virtuosa que busca disminuir las brechas de g\u00e9nero en el \u00e1rea de la formaci\u00f3n educacional, para fortalecer la autonom\u00eda econ\u00f3mica de las ayseninas a trav\u00e9s de su incorporaci\u00f3n en diversos \u00e1mbitos productivos de la regi\u00f3n.<\/p>\n<p dir=\"ltr\" style=\"text-align: justify;\">As\u00ed lo estableci\u00f3 la directora regional de SernamEG Ays\u00e9n, Patricia Baeza Cabezas, quien se\u00f1al\u00f3 que \u00abeste convenio viene a formalizar el trabajo que en conjunto hemos venido realizando con el CFT Ays\u00e9n, en materia de poder entregar herramientas a las mujeres que son parte de nuestros programas como el 4 a 7 y el Mujeres Jefas de Hogar. Por otra parte, esto nos permite apoyar la labor del Centro de Formaci\u00f3n T\u00e9cnica en materia de fomentar la participaci\u00f3n de las mujeres en rubros que hist\u00f3ricamente han sido masculinizados\u00bb.<\/p>\n<p dir=\"ltr\" style=\"text-align: justify;\">Por su parte, el rector de la casa de estudios estatal, V\u00edctor Hugo \u00c1lvarez Vel\u00e1squez, explic\u00f3 que \u00abde acuerdo con un estudio realizado hace poco, en el litoral tenemos principalmente una industria de pesca, salmonicultura y acuicultura, que est\u00e1 masculinizada. Y hoy con nuestras carreras, la de Mantenimiento Industrial, Electromec\u00e1nica, Procesos Acu\u00edcolas, hemos ido incorporando mujeres, y mujeres que son jefas de hogar la verdad, por lo que firmar con SernamEG hoy viene a reforzar este trabajo\u00bb.<\/p>\n<p dir=\"ltr\" style=\"text-align: justify;\">Dentro del convenio se detalla que ambas instituciones realizar\u00e1n actividades en conjunto, en torno a los temas que trabaja el SernamEG y para beneficio de quienes estudian en el CFT, con un enfoque en derechos y g\u00e9nero. De esta manera, tambi\u00e9n se busca vincular a las estudiantes con la oferta program\u00e1tica vigente del servicio, para que puedan recibir toda la informaci\u00f3n sobre los apoyos estatales existentes en materias de autonom\u00eda econ\u00f3mica y otros \u00e1mbitos.<\/p>\n<\/div><\/section><\/div><div  style='height:50px' class='hr hr-invisible   avia-builder-el-6  el_after_av_one_full  el_before_av_social_share '><span class='hr-inner ' ><span class='hr-inner-style'><\/span><\/span><\/div><\/p>\n<div  class='av-social-sharing-box  avia-builder-el-7  el_after_av_hr  el_before_av_hr  '><div class='av-share-box'><h5 class='av-share-link-description av-no-toc '>Compartir esta noticia<\/h5><ul class='av-share-box-list noLightbox'><li class='av-share-link av-social-link-facebook' ><a target=\"_blank\" aria-label=\"Compartir en Facebook\" href='https:\/\/www.facebook.com\/sharer.php?u=https:\/\/radiorevelacionfm.cl\/?p=50659&#038;t=Firman%20convenio%20para%20fortalecer%20la%20formaci%C3%B3n%20de%20mujeres%20en%20diversas%20%C3%A1reas%20productivas%20de%20la%20regi%C3%B3n' aria-hidden='false' data-av_icon='\ue8f3' data-av_iconfont='entypo-fontello' title='' data-avia-related-tooltip='Compartir en Facebook' rel=\"noopener\"><span class='avia_hidden_link_text'>Compartir en Facebook<\/span><\/a><\/li><li class='av-share-link av-social-link-twitter' ><a target=\"_blank\" aria-label=\"Compartir en Twitter\" href='https:\/\/twitter.com\/share?text=Firman%20convenio%20para%20fortalecer%20la%20formaci%C3%B3n%20de%20mujeres%20en%20diversas%20%C3%A1reas%20productivas%20de%20la%20regi%C3%B3n&#038;url=https:\/\/radiorevelacionfm.cl\/?p=50659' aria-hidden='false' data-av_icon='\ue8f1' data-av_iconfont='entypo-fontello' title='' data-avia-related-tooltip='Compartir en Twitter' rel=\"noopener\"><span class='avia_hidden_link_text'>Compartir en Twitter<\/span><\/a><\/li><li class='av-share-link av-social-link-whatsapp' ><a target=\"_blank\" aria-label=\"Compartir en Whatsapp\" href='https:\/\/api.whatsapp.com\/send?text=https:\/\/radiorevelacionfm.cl\/?p=50659' aria-hidden='false' data-av_icon='\uf232' data-av_iconfont='entypo-fontello' title='' data-avia-related-tooltip='Compartir en Whatsapp' rel=\"noopener\"><span class='avia_hidden_link_text'>Compartir en Whatsapp<\/span><\/a><\/li><li class='av-share-link av-social-link-linkedin' ><a target=\"_blank\" aria-label=\"Compartir en LinkedIn\" href='https:\/\/linkedin.com\/shareArticle?mini=true&#038;title=Firman%20convenio%20para%20fortalecer%20la%20formaci%C3%B3n%20de%20mujeres%20en%20diversas%20%C3%A1reas%20productivas%20de%20la%20regi%C3%B3n&#038;url=https:\/\/radiorevelacionfm.cl\/?p=50659' aria-hidden='false' data-av_icon='\ue8fc' data-av_iconfont='entypo-fontello' title='' data-avia-related-tooltip='Compartir en LinkedIn' rel=\"noopener\"><span class='avia_hidden_link_text'>Compartir en LinkedIn<\/span><\/a><\/li><li class='av-share-link av-social-link-mail' ><a  aria-label=\"Compartir por correo\" href='mailto:?subject=Firman%20convenio%20para%20fortalecer%20la%20formaci%C3%B3n%20de%20mujeres%20en%20diversas%20%C3%A1reas%20productivas%20de%20la%20regi%C3%B3n&#038;body=https:\/\/radiorevelacionfm.cl\/?p=50659' aria-hidden='false' data-av_icon='\ue805' data-av_iconfont='entypo-fontello' title='' data-avia-related-tooltip='Compartir por correo'><span class='avia_hidden_link_text'>Compartir por correo<\/span><\/a><\/li><\/ul><\/div><\/div>\n<div  style='height:50px' class='hr hr-invisible   avia-builder-el-8  el_after_av_social_share  el_before_av_comments_list '><span class='hr-inner ' ><span class='hr-inner-style'><\/span><\/span><\/div>\n<div  class='av-buildercomment  av-blog-meta-html-info-disabled av-blog-meta-tag-disabled  '><\/div>\n","protected":false},"excerpt":{"rendered":"","protected":false},"author":1,"featured_media":50660,"comment_status":"open","ping_status":"open","sticky":false,"template":"","format":"standard","meta":{"footnotes":""},"categories":[38],"tags":[],"class_list":["post-50659","post","type-post","status-publish","format-standard","has-post-thumbnail","hentry","category-regional"],"jetpack_featured_media_url":"https:\/\/radiorevelacionfm.cl\/wp-content\/uploads\/2025\/02\/cft-1-1_optimized.jpeg","_links":{"self":[{"href":"https:\/\/radiorevelacionfm.cl\/index.php?rest_route=\/wp\/v2\/posts\/50659","targetHints":{"allow":["GET"]}}],"collection":[{"href":"https:\/\/radiorevelacionfm.cl\/index.php?rest_route=\/wp\/v2\/posts"}],"about":[{"href":"https:\/\/radiorevelacionfm.cl\/index.php?rest_route=\/wp\/v2\/types\/post"}],"author":[{"embeddable":true,"href":"https:\/\/radiorevelacionfm.cl\/index.php?rest_route=\/wp\/v2\/users\/1"}],"replies":[{"embeddable":true,"href":"https:\/\/radiorevelacionfm.cl\/index.php?rest_route=%2Fwp%2Fv2%2Fcomments&post=50659"}],"version-history":[{"count":1,"href":"https:\/\/radiorevelacionfm.cl\/index.php?rest_route=\/wp\/v2\/posts\/50659\/revisions"}],"predecessor-version":[{"id":50661,"href":"https:\/\/radiorevelacionfm.cl\/index.php?rest_route=\/wp\/v2\/posts\/50659\/revisions\/50661"}],"wp:featuredmedia":[{"embeddable":true,"href":"https:\/\/radiorevelacionfm.cl\/index.php?rest_route=\/wp\/v2\/media\/50660"}],"wp:attachment":[{"href":"https:\/\/radiorevelacionfm.cl\/index.php?rest_route=%2Fwp%2Fv2%2Fmedia&parent=50659"}],"wp:term":[{"taxonomy":"category","embeddable":true,"href":"https:\/\/radiorevelacionfm.cl\/index.php?rest_route=%2Fwp%2Fv2%2Fcategories&post=50659"},{"taxonomy":"post_tag","embeddable":true,"href":"https:\/\/radiorevelacionfm.cl\/index.php?rest_route=%2Fwp%2Fv2%2Ftags&post=50659"}],"curies":[{"name":"wp","href":"https:\/\/api.w.org\/{rel}","templated":true}]}}