{"id":50633,"date":"2025-02-16T16:07:40","date_gmt":"2025-02-16T19:07:40","guid":{"rendered":"https:\/\/radiorevelacionfm.cl\/?p=50633"},"modified":"2025-02-16T16:07:40","modified_gmt":"2025-02-16T19:07:40","slug":"injuv-difunde-su-programa-hablemos-de-todo-como-prioridad-del-bienestar-integral-de-las-juventudes-de-la-region","status":"publish","type":"post","link":"https:\/\/radiorevelacionfm.cl\/?p=50633","title":{"rendered":"INJUV difunde su programa Hablemos De Todo como prioridad del bienestar integral de las juventudes de la regi\u00f3n"},"content":{"rendered":"<div class=\"flex_column av_one_full  flex_column_div av-zero-column-padding first  avia-builder-el-0  el_before_av_one_full  avia-builder-el-first  \" style='border-radius:0px; '><div  class='avia-image-container  av-styling-    avia-builder-el-1  avia-builder-el-no-sibling  avia-align-center '  itemprop=\"image\" itemscope=\"itemscope\" itemtype=\"https:\/\/schema.org\/ImageObject\"  ><div class='avia-image-container-inner'><div class='avia-image-overlay-wrap'><img decoding=\"async\" class='wp-image-50634 avia-img-lazy-loading-not-50634 avia_image' src=\"https:\/\/radiorevelacionfm.cl\/wp-content\/uploads\/2025\/02\/foto-2-72-1-1_optimized-1.jpg\" alt='' title='foto-2-(72)-(1)-(1)_optimized (1)' height=\"600\" width=\"835\"  itemprop=\"thumbnailUrl\" srcset=\"https:\/\/radiorevelacionfm.cl\/wp-content\/uploads\/2025\/02\/foto-2-72-1-1_optimized-1.jpg 835w, https:\/\/radiorevelacionfm.cl\/wp-content\/uploads\/2025\/02\/foto-2-72-1-1_optimized-1-300x216.jpg 300w, https:\/\/radiorevelacionfm.cl\/wp-content\/uploads\/2025\/02\/foto-2-72-1-1_optimized-1-768x552.jpg 768w, https:\/\/radiorevelacionfm.cl\/wp-content\/uploads\/2025\/02\/foto-2-72-1-1_optimized-1-705x507.jpg 705w, https:\/\/radiorevelacionfm.cl\/wp-content\/uploads\/2025\/02\/foto-2-72-1-1_optimized-1-450x323.jpg 450w, https:\/\/radiorevelacionfm.cl\/wp-content\/uploads\/2025\/02\/foto-2-72-1-1_optimized-1-600x431.jpg 600w\" sizes=\"(max-width: 835px) 100vw, 835px\" \/><\/div><\/div><\/div><\/div><div class=\"flex_column av_one_full  flex_column_div av-zero-column-padding first  avia-builder-el-2  el_after_av_one_full  el_before_av_one_full  column-top-margin\" style='border-radius:0px; '><section class=\"av_textblock_section \"  itemscope=\"itemscope\" itemtype=\"https:\/\/schema.org\/BlogPosting\" itemprop=\"blogPost\" ><div class='avia_textblock  '   itemprop=\"text\" ><p style=\"text-align: center;\"><strong><span style=\"font-size: 18pt;\">INJUV difunde su programa Hablemos De Todo como prioridad del bienestar integral de las juventudes de la regi\u00f3n<\/span><\/strong><\/p>\n<div id=\"gtx-trans\" style=\"position: absolute; left: -50px; top: 4.31534px;\">\n<div class=\"gtx-trans-icon\"><\/div>\n<\/div>\n<\/div><\/section><\/div><div class=\"flex_column av_one_full  flex_column_div av-zero-column-padding first  avia-builder-el-4  el_after_av_one_full  el_before_av_hr  column-top-margin\" style='border-radius:0px; '><section class=\"av_textblock_section \"  itemscope=\"itemscope\" itemtype=\"https:\/\/schema.org\/BlogPosting\" itemprop=\"blogPost\" ><div class='avia_textblock  '   itemprop=\"text\" ><p style=\"text-align: justify;\">Con el objetivo de resaltar la importancia de una buena\u00a0 salud mental y fomentar el bienestar, autocuidado y la participaci\u00f3n de las juventudes en la regi\u00f3n de Ays\u00e9n para\u00a0 este a\u00f1o 2025,\u00a0 el Instituto Nacional de la Juventud, se despleg\u00f3 por los diferentes balnearios de la comuna de Coyhaique para difundir su programa Hablemos de Todo.<\/p>\n<p style=\"text-align: justify;\">Hasta el Lago Elizalde, Lago La Paloma, Los Chochos y Tejas Verdes, se desplegaron funcionarios de INJUV Ays\u00e9n para entregar tarjetas, folletos\u00a0 y todo el merchandising disponible para las juventudes del programa Hablemos de Todo. La\u00a0 iniciativa, estuvo enfocada en informar sobre autocuidado y bienestar a las y los j\u00f3venes, a trav\u00e9s de la entrega de informaci\u00f3n libre de estigmatizaci\u00f3n sobre tem\u00e1ticas asociadas a las conductas de autocuidado, ofreciendo asistencia, contenci\u00f3n y orientaci\u00f3n. En la oportunidad tambi\u00e9n, se hizo difusi\u00f3n a la comunidad juvenil presente, de la oferta program\u00e1tica que desarrollar\u00e1 el servicio durante este a\u00f1o.<\/p>\n<p style=\"text-align: justify;\">\u201cSabemos que el verano es un momento para disfrutar, pero tambi\u00e9n es clave para seguir cuid\u00e1ndonos. Por eso, desde INJUV Ays\u00e9n quisimos estar donde las juventudes pasan su tiempo libre, llevando informaci\u00f3n clara sobre bienestar y salud mental. La idea es que sepan que no tienen que enfrentar todo solos o solas y que hay apoyo disponible. Queremos que el 2025 sea un a\u00f1o donde las juventudes de Ays\u00e9n se sientan acompa\u00f1adas, informadas y con m\u00e1s herramientas para su propio bienestar\u201d, puntualiz\u00f3 el director regional de INJUV Ays\u00e9n, Camilo Trivi\u00f1o Urtubia.<\/p>\n<p style=\"text-align: justify;\"><strong>Juventudes informadas <\/strong><\/p>\n<p style=\"text-align: justify;\">Marcela Torres Vergara,\u00a0 destac\u00f3 el trabajo de INJUV y se\u00f1al\u00f3 que \u201cencuentro bueno que difundan este tipo de programas, porque muchas veces uno no tiene idea que existen, as\u00ed sabemos que\u00a0 tenemos m\u00e1s opciones donde recurrir si nos sentimos tristes o bajoneados, la salud mental es importante y tenemos que cuidarla\u201d.<\/p>\n<p style=\"text-align: justify;\">En tanto, Joaqu\u00edn Moya Contreras, indic\u00f3 que \u201cno ten\u00eda idea que exist\u00eda un chat para hablar con un psic\u00f3logo, tengo un amigo que lo necesita, le dar\u00e9 una de las tarjetas para que escanee el c\u00f3digo QR, espero que sigan informando sobre este tema, as\u00ed m\u00e1s personas saben y si se encuentran mal pueden pedir ayuda\u201d.<\/p>\n<p style=\"text-align: justify;\">Cabe destacar que el programa Hablemos de Todo tiene un servicio de chat en l\u00ednea gratuito, donde psic\u00f3logas y psic\u00f3logos atienden las consultas de las y los j\u00f3venes. Se encuentran operativos de lunes a viernes de 10:00 a 21:00 horas y los s\u00e1bados de 11:00 a 17:00 horas. A trav\u00e9s de la entrega de informaci\u00f3n, contenci\u00f3n o derivaci\u00f3n buscan dar respuesta eficaz a problemas o consultas de bienestar y autocuidado, las conversaciones entre las juventudes y el profesional de la salud mental son totalmente confidenciales.<\/p>\n<p style=\"text-align: justify;\">Las subtem\u00e1ticas que se priorizar\u00e1n para trabajar con las juventudes este a\u00f1o 2025 son:\u00a0Ansiedad, Consumo de Alcohol y Drogas, Interrupci\u00f3n Voluntaria del Embarazo. Temas que fueron elegidos por las y los j\u00f3venes mediante una votaci\u00f3n,\u00a0 que se llev\u00f3 a cabo en un Encuentro Territorial desarrollado el a\u00f1o 2024 y que ser\u00e1n el foco principal de abordaje del programa\u00a0<em>Hablemos de Todo<\/em>\u00a0en la regi\u00f3n de Ays\u00e9n.<\/p>\n<p style=\"text-align: justify;\">Las juventudes interesadas en obtener informaci\u00f3n referente a los diversos temas mencionados anteriormente pueden acceder a trav\u00e9s del siguiente link: <a href=\"http:\/\/hablemosdetodo.injuv.gob.cl\">http:\/\/hablemosdetodo.injuv.gob.cl<\/a> , escribirnos a nuestras redes sociales,\u00a0 Fan Page, Instagram y Twitter @injuvaysen\u00a0o visitarnos presencialmente en la Direcci\u00f3n Regional de INJUV Ays\u00e9n, ubicada en Manuel Rodr\u00edguez #239, Coyhaique, de lunes a viernes durante las ma\u00f1anas de 09:00 a 13:00 horas y en la tardes de 14:00 a 17:30 horas, viernes hasta las 16:00 horas.<\/p>\n<\/div><\/section><\/div><div  style='height:50px' class='hr hr-invisible   avia-builder-el-6  el_after_av_one_full  el_before_av_social_share '><span class='hr-inner ' ><span class='hr-inner-style'><\/span><\/span><\/div><\/p>\n<div  class='av-social-sharing-box  avia-builder-el-7  el_after_av_hr  el_before_av_hr  '><div class='av-share-box'><h5 class='av-share-link-description av-no-toc '>Compartir esta noticia<\/h5><ul class='av-share-box-list noLightbox'><li class='av-share-link av-social-link-facebook' ><a target=\"_blank\" aria-label=\"Compartir en Facebook\" href='https:\/\/www.facebook.com\/sharer.php?u=https:\/\/radiorevelacionfm.cl\/?p=50633&#038;t=INJUV%20difunde%20su%20programa%20Hablemos%20De%20Todo%20como%20prioridad%20del%20bienestar%20integral%20de%20las%20juventudes%20de%20la%20regi%C3%B3n' aria-hidden='false' data-av_icon='\ue8f3' data-av_iconfont='entypo-fontello' title='' data-avia-related-tooltip='Compartir en Facebook' rel=\"noopener\"><span class='avia_hidden_link_text'>Compartir en Facebook<\/span><\/a><\/li><li class='av-share-link av-social-link-twitter' ><a target=\"_blank\" aria-label=\"Compartir en Twitter\" href='https:\/\/twitter.com\/share?text=INJUV%20difunde%20su%20programa%20Hablemos%20De%20Todo%20como%20prioridad%20del%20bienestar%20integral%20de%20las%20juventudes%20de%20la%20regi%C3%B3n&#038;url=https:\/\/radiorevelacionfm.cl\/?p=50633' aria-hidden='false' data-av_icon='\ue8f1' data-av_iconfont='entypo-fontello' title='' data-avia-related-tooltip='Compartir en Twitter' rel=\"noopener\"><span class='avia_hidden_link_text'>Compartir en Twitter<\/span><\/a><\/li><li class='av-share-link av-social-link-whatsapp' ><a target=\"_blank\" aria-label=\"Compartir en Whatsapp\" href='https:\/\/api.whatsapp.com\/send?text=https:\/\/radiorevelacionfm.cl\/?p=50633' aria-hidden='false' data-av_icon='\uf232' data-av_iconfont='entypo-fontello' title='' data-avia-related-tooltip='Compartir en Whatsapp' rel=\"noopener\"><span class='avia_hidden_link_text'>Compartir en Whatsapp<\/span><\/a><\/li><li class='av-share-link av-social-link-linkedin' ><a target=\"_blank\" aria-label=\"Compartir en LinkedIn\" href='https:\/\/linkedin.com\/shareArticle?mini=true&#038;title=INJUV%20difunde%20su%20programa%20Hablemos%20De%20Todo%20como%20prioridad%20del%20bienestar%20integral%20de%20las%20juventudes%20de%20la%20regi%C3%B3n&#038;url=https:\/\/radiorevelacionfm.cl\/?p=50633' aria-hidden='false' data-av_icon='\ue8fc' data-av_iconfont='entypo-fontello' title='' data-avia-related-tooltip='Compartir en LinkedIn' rel=\"noopener\"><span class='avia_hidden_link_text'>Compartir en LinkedIn<\/span><\/a><\/li><li class='av-share-link av-social-link-mail' ><a  aria-label=\"Compartir por correo\" href='mailto:?subject=INJUV%20difunde%20su%20programa%20Hablemos%20De%20Todo%20como%20prioridad%20del%20bienestar%20integral%20de%20las%20juventudes%20de%20la%20regi%C3%B3n&#038;body=https:\/\/radiorevelacionfm.cl\/?p=50633' aria-hidden='false' data-av_icon='\ue805' data-av_iconfont='entypo-fontello' title='' data-avia-related-tooltip='Compartir por correo'><span class='avia_hidden_link_text'>Compartir por correo<\/span><\/a><\/li><\/ul><\/div><\/div>\n<div  style='height:50px' class='hr hr-invisible   avia-builder-el-8  el_after_av_social_share  el_before_av_comments_list '><span class='hr-inner ' ><span class='hr-inner-style'><\/span><\/span><\/div>\n<div  class='av-buildercomment  av-blog-meta-html-info-disabled av-blog-meta-tag-disabled  '><\/div>\n","protected":false},"excerpt":{"rendered":"","protected":false},"author":1,"featured_media":50634,"comment_status":"open","ping_status":"open","sticky":false,"template":"","format":"standard","meta":{"footnotes":""},"categories":[38],"tags":[],"class_list":["post-50633","post","type-post","status-publish","format-standard","has-post-thumbnail","hentry","category-regional"],"jetpack_featured_media_url":"https:\/\/radiorevelacionfm.cl\/wp-content\/uploads\/2025\/02\/foto-2-72-1-1_optimized-1.jpg","_links":{"self":[{"href":"https:\/\/radiorevelacionfm.cl\/index.php?rest_route=\/wp\/v2\/posts\/50633","targetHints":{"allow":["GET"]}}],"collection":[{"href":"https:\/\/radiorevelacionfm.cl\/index.php?rest_route=\/wp\/v2\/posts"}],"about":[{"href":"https:\/\/radiorevelacionfm.cl\/index.php?rest_route=\/wp\/v2\/types\/post"}],"author":[{"embeddable":true,"href":"https:\/\/radiorevelacionfm.cl\/index.php?rest_route=\/wp\/v2\/users\/1"}],"replies":[{"embeddable":true,"href":"https:\/\/radiorevelacionfm.cl\/index.php?rest_route=%2Fwp%2Fv2%2Fcomments&post=50633"}],"version-history":[{"count":1,"href":"https:\/\/radiorevelacionfm.cl\/index.php?rest_route=\/wp\/v2\/posts\/50633\/revisions"}],"predecessor-version":[{"id":50635,"href":"https:\/\/radiorevelacionfm.cl\/index.php?rest_route=\/wp\/v2\/posts\/50633\/revisions\/50635"}],"wp:featuredmedia":[{"embeddable":true,"href":"https:\/\/radiorevelacionfm.cl\/index.php?rest_route=\/wp\/v2\/media\/50634"}],"wp:attachment":[{"href":"https:\/\/radiorevelacionfm.cl\/index.php?rest_route=%2Fwp%2Fv2%2Fmedia&parent=50633"}],"wp:term":[{"taxonomy":"category","embeddable":true,"href":"https:\/\/radiorevelacionfm.cl\/index.php?rest_route=%2Fwp%2Fv2%2Fcategories&post=50633"},{"taxonomy":"post_tag","embeddable":true,"href":"https:\/\/radiorevelacionfm.cl\/index.php?rest_route=%2Fwp%2Fv2%2Ftags&post=50633"}],"curies":[{"name":"wp","href":"https:\/\/api.w.org\/{rel}","templated":true}]}}