{"id":50630,"date":"2025-02-16T15:36:29","date_gmt":"2025-02-16T18:36:29","guid":{"rendered":"https:\/\/radiorevelacionfm.cl\/?p=50630"},"modified":"2025-02-16T15:36:29","modified_gmt":"2025-02-16T18:36:29","slug":"escuela-de-verano-de-junaeb-entusiasmo-y-entrego-valiosos-momentos-a-ninos-y-ninas-de-tortel","status":"publish","type":"post","link":"https:\/\/radiorevelacionfm.cl\/?p=50630","title":{"rendered":"Escuela de verano de Junaeb entusiasm\u00f3 y entreg\u00f3 valiosos momentos a ni\u00f1os y ni\u00f1as de Tortel"},"content":{"rendered":"<div class=\"flex_column av_one_full  flex_column_div av-zero-column-padding first  avia-builder-el-0  el_before_av_one_full  avia-builder-el-first  \" style='border-radius:0px; '><div  class='avia-image-container  av-styling-    avia-builder-el-1  avia-builder-el-no-sibling  avia-align-center '  itemprop=\"image\" itemscope=\"itemscope\" itemtype=\"https:\/\/schema.org\/ImageObject\"  ><div class='avia-image-container-inner'><div class='avia-image-overlay-wrap'><img decoding=\"async\" class='wp-image-50631 avia-img-lazy-loading-not-50631 avia_image' src=\"https:\/\/radiorevelacionfm.cl\/wp-content\/uploads\/2025\/02\/CIERRE-ESCUELA-VERANO-TORTEL-13-1-1.jpg\" alt='' title='CIERRE ESCUELA VERANO TORTEL 13 (1) (1)' height=\"745\" width=\"802\"  itemprop=\"thumbnailUrl\" srcset=\"https:\/\/radiorevelacionfm.cl\/wp-content\/uploads\/2025\/02\/CIERRE-ESCUELA-VERANO-TORTEL-13-1-1.jpg 802w, https:\/\/radiorevelacionfm.cl\/wp-content\/uploads\/2025\/02\/CIERRE-ESCUELA-VERANO-TORTEL-13-1-1-300x279.jpg 300w, https:\/\/radiorevelacionfm.cl\/wp-content\/uploads\/2025\/02\/CIERRE-ESCUELA-VERANO-TORTEL-13-1-1-768x713.jpg 768w, https:\/\/radiorevelacionfm.cl\/wp-content\/uploads\/2025\/02\/CIERRE-ESCUELA-VERANO-TORTEL-13-1-1-705x655.jpg 705w, https:\/\/radiorevelacionfm.cl\/wp-content\/uploads\/2025\/02\/CIERRE-ESCUELA-VERANO-TORTEL-13-1-1-450x418.jpg 450w, https:\/\/radiorevelacionfm.cl\/wp-content\/uploads\/2025\/02\/CIERRE-ESCUELA-VERANO-TORTEL-13-1-1-600x557.jpg 600w\" sizes=\"(max-width: 802px) 100vw, 802px\" \/><\/div><\/div><\/div><\/div><div class=\"flex_column av_one_full  flex_column_div av-zero-column-padding first  avia-builder-el-2  el_after_av_one_full  el_before_av_one_full  column-top-margin\" style='border-radius:0px; '><section class=\"av_textblock_section \"  itemscope=\"itemscope\" itemtype=\"https:\/\/schema.org\/BlogPosting\" itemprop=\"blogPost\" ><div class='avia_textblock  '   itemprop=\"text\" ><p style=\"text-align: center;\"><strong><span style=\"font-size: 18pt;\">Escuela de verano de Junaeb entusiasm\u00f3 y entreg\u00f3 valiosos momentos a ni\u00f1os y ni\u00f1as de Tortel<\/span><\/strong><\/p>\n<div id=\"gtx-trans\" style=\"position: absolute; left: -50px; top: 4.31534px;\">\n<div class=\"gtx-trans-icon\"><\/div>\n<\/div>\n<\/div><\/section><\/div><div class=\"flex_column av_one_full  flex_column_div av-zero-column-padding first  avia-builder-el-4  el_after_av_one_full  el_before_av_hr  column-top-margin\" style='border-radius:0px; '><section class=\"av_textblock_section \"  itemscope=\"itemscope\" itemtype=\"https:\/\/schema.org\/BlogPosting\" itemprop=\"blogPost\" ><div class='avia_textblock  '   itemprop=\"text\" ><p style=\"text-align: justify;\"><em>Junaeb, Ministerio de Desarrollo Social y el Municipio se unieron para entregar jornadas, talleres y actividades donde los m\u00e1s peque\u00f1os aprendieron de forma din\u00e1mica y muy participativa.<\/em><\/p>\n<p style=\"text-align: justify;\">El hermoso entorno natural que posee Tortel, fue el incentivo para que ni\u00f1os, ni\u00f1as y adolescentes den cuenta de sus habilidades en talleres de m\u00fasica, educaci\u00f3n f\u00edsica, manualidades, pintura, entre otros. Esto gracias al programa Escuela de Verano de la Junaeb, que en esta oportunidad ejecut\u00f3 la Ilustre Municipalidad de Tortel con apoyo del Ministerio de Desarrollo Social.<\/p>\n<p style=\"text-align: justify;\">Este trabajo intersectorial permiti\u00f3 llevar a cabo entretenidas y din\u00e1micas jornadas, que fueron disfrutadas al m\u00e1ximo por los principales actores y beneficiados, como as\u00ed tambi\u00e9n, suma una nueva experiencia para cada uno de los profesionales que trabaj\u00f3 e interactu\u00f3 con los ni\u00f1os.<\/p>\n<p style=\"text-align: justify;\">El resultado de esta escuela de verano fue, una muestra de los talleres, donde las familias, padres y apoderados no quisieron perderse ni un segundo de lo realizado por sus hijos, de esta forma, tel\u00e9fono en mano registraron mediante fotograf\u00edas y videos el cierre de la iniciativa 2025. La que estuvo acompa\u00f1ada tambi\u00e9n por autoridades como la alcaldesa, Marisela Jim\u00e9nez.<\/p>\n<p style=\"text-align: justify;\">\u201cLa importancia de la escuela de verano para nuestros ni\u00f1os y ni\u00f1as de la comuna es que, se genera un espacio de encuentro para cada uno de ellos, un espacio seguro donde pueden compartir, disfrutar en el periodo de vacaciones. Es muy importante ya que los padres trabajan, tambi\u00e9n vienen personas tortelinas que vienen a vacacionar, tienen hijos, comparten ac\u00e1, se conocen, es muy buena esta instancia para nuestros ni\u00f1os. Queremos seguir fortaleciendo el trabajo municipal para poder seguir generando estas actividades en vacaciones de invierno, verano, para nuestros ni\u00f1os y ni\u00f1as\u201d, indic\u00f3 la autoridad comunal.<\/p>\n<p style=\"text-align: justify;\">En representaci\u00f3n de la Junta Nacional de Auxilio Escolar y Becas, JUNAEB, estuvo en la ceremonia de cierre de la escuela de verano 2025 en Tortel, el coordinador del programa \u201cact\u00edvate en vacaciones\u201d a nivel regional, Marcos Saavedra Quintallana y Mar\u00eda In\u00e9s Co\u00f1uecar, \u201cel rol de Junaeb, es fundamental en todo lo que tiene que ver en el desarrollo con los ni\u00f1os y ni\u00f1as, no solo a nivel regional, sino que, a nivel pa\u00eds. Este proyecto se desarrolla gracias tambi\u00e9n al aporte importante que ha hecho Mideso para estas vacaciones de verano. Decir adem\u00e1s que, es fundamental esta iniciativa para los ni\u00f1os, porque desarrollan sus habilidades que muchas veces se encuentran muy escondiditas y esta es una forma que tienen para desarrollarse, reconocerse a s\u00ed mismos, reconocer su historia y su entorno, creo que eso es fundamental\u201d.<\/p>\n<p style=\"text-align: justify;\">En tanto, el director de Dideco en la Municipalidad de Tortel, Juliano Cubillos, resalt\u00f3 que la escuela de verano 2025, vino a robustecer la oferta program\u00e1tica en el territorio, calificando la instancia como todo un \u00e9xito debido a que con esto se puede reivindicar el trabajo en familia, con la infancia y todo ello respaldado con la labor de los y las monitoras que acompa\u00f1aron el proceso.<\/p>\n<p style=\"text-align: justify;\">Para el profesor de educaci\u00f3n f\u00edsica, Patricio Pacheco, coordinador y monitor de la escuela de verano en Tortel, esta fue una experiencia profesional y personal muy enriquecedora, ya que, ha podido rescatar el cordial trabajo con los ni\u00f1os del territorio, en una zona tan aparatada, los beneficiarios hicieron a\u00fan m\u00e1s fructificarte la funci\u00f3n del equipo que llev\u00f3 adelante el programa en su versi\u00f3n 2025.<\/p>\n<p style=\"text-align: justify;\">De igual forma, el coordinador de la oficina local de la ni\u00f1ez en Tortel, Felipe Alvarado, puso en valor el llevar a cabo el programa escuela de verano de la Junaeb en esta comuna. Resaltando que, en la actualidad existe poca oferta program\u00e1tica en la zona y esta iniciativa ha sido un total acierto, enfatizando que, requieren seguir coordin\u00e1ndose con otros servicios para entregar nuevos espacios a los ni\u00f1os, ni\u00f1as y adolescentes de Tortel.<\/p>\n<p style=\"text-align: justify;\">Katherine Araya, fue la TENS encargada del \u00e1rea de salud que considera el programa \u201cact\u00edvate en vacaciones\u201d y dio cuenta del buen desarrollado de la escuela de verano, donde no hubo mayores inconvenientes, fue un espacio seguro para los ni\u00f1os, lo que dio tranquilidad a los padres de cada uno de ellos. \u201cPara la familia esta oportunidad es de seguridad, en verdad, porque se sienten que sus hijos est\u00e1n mucho m\u00e1s protegidos, ya sea por los monitores o por el encargado de salud en este caso\u201d.<\/p>\n<p style=\"text-align: justify;\">La implementaci\u00f3n de programas y proyectos durante periodo de vacaciones, abordan situaciones de mayor vulnerabilidad a la que se exponen Ni\u00f1os y Ni\u00f1as, comparada con la que tienen durante el a\u00f1o escolar. En ese contexto los proyectos \u201cAct\u00edvate en Vacaciones\u201d de JUNAEB otorgan espacios de protecci\u00f3n y oportunidad para el aprendizaje adicional, promueve estilos de vida saludable y suman un valor agregado a la trayectoria educativa de los y las estudiantes.<\/p>\n<\/div><\/section><\/div><div  style='height:50px' class='hr hr-invisible   avia-builder-el-6  el_after_av_one_full  el_before_av_social_share '><span class='hr-inner ' ><span class='hr-inner-style'><\/span><\/span><\/div><\/p>\n<div  class='av-social-sharing-box  avia-builder-el-7  el_after_av_hr  el_before_av_hr  '><div class='av-share-box'><h5 class='av-share-link-description av-no-toc '>Compartir esta noticia<\/h5><ul class='av-share-box-list noLightbox'><li class='av-share-link av-social-link-facebook' ><a target=\"_blank\" aria-label=\"Compartir en Facebook\" href='https:\/\/www.facebook.com\/sharer.php?u=https:\/\/radiorevelacionfm.cl\/?p=50630&#038;t=Escuela%20de%20verano%20de%20Junaeb%20entusiasm%C3%B3%20y%20entreg%C3%B3%20valiosos%20momentos%20a%20ni%C3%B1os%20y%20ni%C3%B1as%20de%20Tortel' aria-hidden='false' data-av_icon='\ue8f3' data-av_iconfont='entypo-fontello' title='' data-avia-related-tooltip='Compartir en Facebook' rel=\"noopener\"><span class='avia_hidden_link_text'>Compartir en Facebook<\/span><\/a><\/li><li class='av-share-link av-social-link-twitter' ><a target=\"_blank\" aria-label=\"Compartir en Twitter\" href='https:\/\/twitter.com\/share?text=Escuela%20de%20verano%20de%20Junaeb%20entusiasm%C3%B3%20y%20entreg%C3%B3%20valiosos%20momentos%20a%20ni%C3%B1os%20y%20ni%C3%B1as%20de%20Tortel&#038;url=https:\/\/radiorevelacionfm.cl\/?p=50630' aria-hidden='false' data-av_icon='\ue8f1' data-av_iconfont='entypo-fontello' title='' data-avia-related-tooltip='Compartir en Twitter' rel=\"noopener\"><span class='avia_hidden_link_text'>Compartir en Twitter<\/span><\/a><\/li><li class='av-share-link av-social-link-whatsapp' ><a target=\"_blank\" aria-label=\"Compartir en Whatsapp\" href='https:\/\/api.whatsapp.com\/send?text=https:\/\/radiorevelacionfm.cl\/?p=50630' aria-hidden='false' data-av_icon='\uf232' data-av_iconfont='entypo-fontello' title='' data-avia-related-tooltip='Compartir en Whatsapp' rel=\"noopener\"><span class='avia_hidden_link_text'>Compartir en Whatsapp<\/span><\/a><\/li><li class='av-share-link av-social-link-linkedin' ><a target=\"_blank\" aria-label=\"Compartir en LinkedIn\" href='https:\/\/linkedin.com\/shareArticle?mini=true&#038;title=Escuela%20de%20verano%20de%20Junaeb%20entusiasm%C3%B3%20y%20entreg%C3%B3%20valiosos%20momentos%20a%20ni%C3%B1os%20y%20ni%C3%B1as%20de%20Tortel&#038;url=https:\/\/radiorevelacionfm.cl\/?p=50630' aria-hidden='false' data-av_icon='\ue8fc' data-av_iconfont='entypo-fontello' title='' data-avia-related-tooltip='Compartir en LinkedIn' rel=\"noopener\"><span class='avia_hidden_link_text'>Compartir en LinkedIn<\/span><\/a><\/li><li class='av-share-link av-social-link-mail' ><a  aria-label=\"Compartir por correo\" href='mailto:?subject=Escuela%20de%20verano%20de%20Junaeb%20entusiasm%C3%B3%20y%20entreg%C3%B3%20valiosos%20momentos%20a%20ni%C3%B1os%20y%20ni%C3%B1as%20de%20Tortel&#038;body=https:\/\/radiorevelacionfm.cl\/?p=50630' aria-hidden='false' data-av_icon='\ue805' data-av_iconfont='entypo-fontello' title='' data-avia-related-tooltip='Compartir por correo'><span class='avia_hidden_link_text'>Compartir por correo<\/span><\/a><\/li><\/ul><\/div><\/div>\n<div  style='height:50px' class='hr hr-invisible   avia-builder-el-8  el_after_av_social_share  el_before_av_comments_list '><span class='hr-inner ' ><span class='hr-inner-style'><\/span><\/span><\/div>\n<div  class='av-buildercomment  av-blog-meta-html-info-disabled av-blog-meta-tag-disabled  '><\/div>\n","protected":false},"excerpt":{"rendered":"","protected":false},"author":1,"featured_media":50631,"comment_status":"open","ping_status":"open","sticky":false,"template":"","format":"standard","meta":{"footnotes":""},"categories":[38],"tags":[],"class_list":["post-50630","post","type-post","status-publish","format-standard","has-post-thumbnail","hentry","category-regional"],"jetpack_featured_media_url":"https:\/\/radiorevelacionfm.cl\/wp-content\/uploads\/2025\/02\/CIERRE-ESCUELA-VERANO-TORTEL-13-1-1.jpg","_links":{"self":[{"href":"https:\/\/radiorevelacionfm.cl\/index.php?rest_route=\/wp\/v2\/posts\/50630","targetHints":{"allow":["GET"]}}],"collection":[{"href":"https:\/\/radiorevelacionfm.cl\/index.php?rest_route=\/wp\/v2\/posts"}],"about":[{"href":"https:\/\/radiorevelacionfm.cl\/index.php?rest_route=\/wp\/v2\/types\/post"}],"author":[{"embeddable":true,"href":"https:\/\/radiorevelacionfm.cl\/index.php?rest_route=\/wp\/v2\/users\/1"}],"replies":[{"embeddable":true,"href":"https:\/\/radiorevelacionfm.cl\/index.php?rest_route=%2Fwp%2Fv2%2Fcomments&post=50630"}],"version-history":[{"count":1,"href":"https:\/\/radiorevelacionfm.cl\/index.php?rest_route=\/wp\/v2\/posts\/50630\/revisions"}],"predecessor-version":[{"id":50632,"href":"https:\/\/radiorevelacionfm.cl\/index.php?rest_route=\/wp\/v2\/posts\/50630\/revisions\/50632"}],"wp:featuredmedia":[{"embeddable":true,"href":"https:\/\/radiorevelacionfm.cl\/index.php?rest_route=\/wp\/v2\/media\/50631"}],"wp:attachment":[{"href":"https:\/\/radiorevelacionfm.cl\/index.php?rest_route=%2Fwp%2Fv2%2Fmedia&parent=50630"}],"wp:term":[{"taxonomy":"category","embeddable":true,"href":"https:\/\/radiorevelacionfm.cl\/index.php?rest_route=%2Fwp%2Fv2%2Fcategories&post=50630"},{"taxonomy":"post_tag","embeddable":true,"href":"https:\/\/radiorevelacionfm.cl\/index.php?rest_route=%2Fwp%2Fv2%2Ftags&post=50630"}],"curies":[{"name":"wp","href":"https:\/\/api.w.org\/{rel}","templated":true}]}}