{"id":50628,"date":"2025-02-16T22:35:03","date_gmt":"2025-02-17T01:35:03","guid":{"rendered":"https:\/\/radiorevelacionfm.cl\/?p=50628"},"modified":"2025-02-16T22:35:03","modified_gmt":"2025-02-17T01:35:03","slug":"revitalizando-los-juegos-en-mi-territorio-un-motor-de-aprendizaje-en-el-jardin-infantil-lobito-feroz","status":"publish","type":"post","link":"https:\/\/radiorevelacionfm.cl\/?p=50628","title":{"rendered":"\u201cRevitalizando los juegos en mi territorio\u201d, un motor de aprendizaje en el Jard\u00edn Infantil Lobito Feroz"},"content":{"rendered":"<div class=\"flex_column av_one_full  flex_column_div av-zero-column-padding first  avia-builder-el-0  el_before_av_one_full  avia-builder-el-first  \" style='border-radius:0px; '><div  class='avia-image-container  av-styling-    avia-builder-el-1  avia-builder-el-no-sibling  avia-align-center '  itemprop=\"image\" itemscope=\"itemscope\" itemtype=\"https:\/\/schema.org\/ImageObject\"  ><div class='avia-image-container-inner'><div class='avia-image-overlay-wrap'><img decoding=\"async\" class='wp-image-50636 avia-img-lazy-loading-not-50636 avia_image' src=\"https:\/\/radiorevelacionfm.cl\/wp-content\/uploads\/2025\/02\/IMG_20250121_160034-1-1.jpg\" alt='' title='IMG_20250121_160034 (1) (1)' height=\"600\" width=\"800\"  itemprop=\"thumbnailUrl\" srcset=\"https:\/\/radiorevelacionfm.cl\/wp-content\/uploads\/2025\/02\/IMG_20250121_160034-1-1.jpg 800w, https:\/\/radiorevelacionfm.cl\/wp-content\/uploads\/2025\/02\/IMG_20250121_160034-1-1-300x225.jpg 300w, https:\/\/radiorevelacionfm.cl\/wp-content\/uploads\/2025\/02\/IMG_20250121_160034-1-1-768x576.jpg 768w, https:\/\/radiorevelacionfm.cl\/wp-content\/uploads\/2025\/02\/IMG_20250121_160034-1-1-705x529.jpg 705w, https:\/\/radiorevelacionfm.cl\/wp-content\/uploads\/2025\/02\/IMG_20250121_160034-1-1-450x338.jpg 450w, https:\/\/radiorevelacionfm.cl\/wp-content\/uploads\/2025\/02\/IMG_20250121_160034-1-1-600x450.jpg 600w\" sizes=\"(max-width: 800px) 100vw, 800px\" \/><\/div><\/div><\/div><\/div><div class=\"flex_column av_one_full  flex_column_div av-zero-column-padding first  avia-builder-el-2  el_after_av_one_full  el_before_av_one_full  column-top-margin\" style='border-radius:0px; '><section class=\"av_textblock_section \"  itemscope=\"itemscope\" itemtype=\"https:\/\/schema.org\/BlogPosting\" itemprop=\"blogPost\" ><div class='avia_textblock  '   itemprop=\"text\" ><p style=\"text-align: center;\"><strong><span style=\"font-size: 18pt;\">\u201cRevitalizando los juegos en mi territorio\u201d, un motor de aprendizaje en el Jard\u00edn Infantil Lobito Feroz<\/span><\/strong><\/p>\n<div id=\"gtx-trans\" style=\"position: absolute; left: -50px; top: 4.31534px;\">\n<div class=\"gtx-trans-icon\"><\/div>\n<\/div>\n<\/div><\/section><\/div><\/p>\n<div class=\"flex_column av_one_full  flex_column_div av-zero-column-padding first  avia-builder-el-4  el_after_av_one_full  el_before_av_hr  column-top-margin\" style='border-radius:0px; '><section class=\"av_textblock_section \"  itemscope=\"itemscope\" itemtype=\"https:\/\/schema.org\/BlogPosting\" itemprop=\"blogPost\" ><div class='avia_textblock  '   itemprop=\"text\" ><p style=\"text-align: justify;\">Un c\u00edrculo de extensi\u00f3n en Junji es una instancia en donde los equipos educativos exponen respecto de pr\u00e1cticas educativas exitosas, dando la oportunidad de generar espacios di\u00e1logo, entorno a una reflexi\u00f3n cr\u00edtica y colectiva, de manera intencionada y orientada a una mejora<\/p>\n<p style=\"text-align: justify;\">Es en esta l\u00ednea que el jard\u00edn infantil \u201cLobito Feroz\u201d de Junji en Puerto Ays\u00e9n, dio a conocer los resultados de su pr\u00e1ctica pedag\u00f3gica \u201cRevitalizando los Juegos en ni Territorio\u201d, en una jornada junto a las familias, equipos de otras unidades educativas y las redes de apoyo.<\/p>\n<p style=\"text-align: justify;\">Yasna Guti\u00e9rrez Calqu\u00edn, educadora quien lider\u00f3 esta pr\u00e1ctica pedag\u00f3gica, coment\u00f3 c\u00f3mo surgi\u00f3 la idea: \u201cEsta iniciativa nace de una jornada que participamos con Cristina, nuestra Kimelfe, de patrimonio cultural e inmaterial, en donde nos dieron la tarea, en conjunto con nuestro asesor intercultural, de poder hacer un proyecto, aplicarlo y potenciar el patrimonio que cada uno tiene dentro de sus jardines. Entonces despu\u00e9s de esto trabajamos en conjunto con las familias, en reuniones de apoderados, una encuesta sobre los juegos que para ellos eran m\u00e1s relevantes\u201d.<\/p>\n<p style=\"text-align: justify;\">C\u00edrculo de Extensi\u00f3n que adem\u00e1s abord\u00f3 como culturalmente los juegos que comparte un territorio contribuyen a la formaci\u00f3n de identidad y valores de los ni\u00f1os y ni\u00f1as, dando una perspectiva respecto de esta tem\u00e1tica como una herramienta de apoyo pedag\u00f3gico.<\/p>\n<p style=\"text-align: justify;\">Contexto que es explicado por Adri\u00e1n Quinchavil Nahuel, asesor intercultural de Junji Ays\u00e9n: \u201cDesde el enfoque intercultural de Junji, es muy importante fomentar la construcci\u00f3n de v\u00ednculos afectivos basados en el respeto y la valoraci\u00f3n de la diversidad cultural. En este sentido, el c\u00edrculo de extensi\u00f3n, revitalizando los juegos de nuestro territorio, permiti\u00f3 compartir con otros establecimientos educativos y redes locales una experiencia que destaca desde el principio de juego propuestas en las bases curriculares y tambi\u00e9n desde saberes tradicionales\u201d.<\/p>\n<p style=\"text-align: justify;\">Un arduo trabajo investigativo y en equipo, realizado por las educadoras y t\u00e9cnicos del nivel medio menor, una instancia que enorgullece a la comunidad educativa: \u201cEste proyecto, como bien dice su nombre \u201cRevitalizando los juegos\u201d ha sido un proyecto que el equipo educativo de ese nivel, principalmente el medio menor, trabaj\u00f3 por meses. Ellas proyectaron un inicio con el trabajo mancomunado con las redes de apoyo, de las familias y de los ni\u00f1os y las ni\u00f1as. Y todo esto tomando como base lo principal que hacemos como instituci\u00f3n que es aprender a partir del juego. Vimos ni\u00f1os y ni\u00f1as disfrutando, gozando, aprendiendo felices\u201d dijo muy contenta Andrea Bahamonde G\u00f3mez, directora del jard\u00edn infantil Lobito Feroz .<\/p>\n<p style=\"text-align: justify;\"><strong>Desarrollo en aula para fomentar el inter\u00e9s de ni\u00f1os y ni\u00f1as<\/strong><\/p>\n<p style=\"text-align: justify;\">\u201cEmpezamos a hacer una instalaci\u00f3n art\u00edstica para conocer cu\u00e1l eran los reales intereses de ni\u00f1os y ni\u00f1as en relaci\u00f3n a los juegos. Ofreci\u00e9ndoles una gran gama de ellos, en donde pudimos rescatar a trav\u00e9s de una documentaci\u00f3n pedag\u00f3gica, cu\u00e1les eran para ellos los m\u00e1s relevantes y as\u00ed incluirlos en las votaciones. Lo fuimos trabajando semana a semana, en los que ellos fueron votando los que eran para ellos eran m\u00e1s importante y tambi\u00e9n para sus familias. De igual forma Todos los materiales en todos los juegos, ni\u00f1os y ni\u00f1as participaron confeccionando el material para finalizar jugando con lo creado\u201d explic\u00f3 Yasna Guti\u00e9rrez Calqu\u00edn, educadora.<\/p>\n<p style=\"text-align: justify;\">Este proyecto de aula cont\u00f3 con la colaboraci\u00f3n del Servicio del Patrimonio Cultural y su directora regional coment\u00f3 al respecto: \u201cUna muy bonita experiencia conocimos ac\u00e1 en el jard\u00edn \u00abLobito Feroz\u00bb de Puerto Ays\u00e9n. La verdad es que es muy interesante ver c\u00f3mo algunos conceptos que utilizamos constantemente dentro del servicios del patrimonio, que es el patrimonio inmaterial, puede plasmarse en esta actividad tan l\u00fadica, en esta actividad tan bonita hacer y descubrir con los ni\u00f1os y ni\u00f1as que es algo que es algo antiguo, que es algo valioso, que se puede rescatar\u201d dijo.<\/p>\n<p style=\"text-align: justify;\">Jard\u00edn infantil <a href=\"https:\/\/www.facebook.com\/hashtag\/lobitoferoz?__eep__=6&amp;__cft__%5b0%5d=AZXSdkzGVUFzEDOSiaKxrgtxZ9Y3VvFrycRer3__jmGhs20AkbcaeLEiJuS29CKosIojxAQBcGMqHoPYEGSWIJRkHRuSBdf6X2Nn3q3m0ItvK9GVjbmla-UvkFT3Yo6GBvat_izjTlJcJOjHEcZ1mytSCl6EJ33qXBBvYGAuHiaoXFEDMQ-kQQYedWCOtlUOMbnTzj97zPhk4ujeSr9IjlEV&amp;__tn__=*NK-R\"><strong>#LobitoFeroz<\/strong><\/a> est\u00e1 ubicado en Puerto Ays\u00e9n, en Eleuterio Ram\u00edrez #1660, y posee vacantes para este a\u00f1os 2025 para ni\u00f1os y ni\u00f1as de 0 a 4 a\u00f1os con jornada de extensi\u00f3n hasta las 18:30 hrs. M\u00e1s informaci\u00f3n comunic\u00e1ndote con la plataforma SIAC: 672577307- 672577371 \u00f3 mjarar@junji.cl &#8211; <a href=\"mailto:snaguelquin@junji.cl\">snaguelquin@junji.cl<\/a>. Adem\u00e1s, se puede inscribir directamente en <a href=\"http:\/\/www.junji.gob.cl\/?fbclid=IwZXh0bgNhZW0CMTAAAR0Llf_KOv9yp2RvMe2pakF02F-Yl-uoZpWLzldVONm5Z0wPXT4C8ykILqY_aem_BAd2ofcf0FZ92yfCnLMoOQ\"><strong>www.junji.gob.cl<\/strong><\/a><\/p>\n<\/div><\/section><\/div>\n<div  style='height:50px' class='hr hr-invisible   avia-builder-el-6  el_after_av_one_full  el_before_av_social_share '><span class='hr-inner ' ><span class='hr-inner-style'><\/span><\/span><\/div>\n<div  class='av-social-sharing-box  avia-builder-el-7  el_after_av_hr  el_before_av_hr  '><div class='av-share-box'><h5 class='av-share-link-description av-no-toc '>Compartir esta noticia<\/h5><ul class='av-share-box-list noLightbox'><li class='av-share-link av-social-link-facebook' ><a target=\"_blank\" aria-label=\"Compartir en Facebook\" href='https:\/\/www.facebook.com\/sharer.php?u=https:\/\/radiorevelacionfm.cl\/?p=50628&#038;t=%E2%80%9CRevitalizando%20los%20juegos%20en%20mi%20territorio%E2%80%9D%2C%20un%20motor%20de%20aprendizaje%20en%20el%20Jard%C3%ADn%20Infantil%20Lobito%20Feroz' aria-hidden='false' data-av_icon='\ue8f3' data-av_iconfont='entypo-fontello' title='' data-avia-related-tooltip='Compartir en Facebook' rel=\"noopener\"><span class='avia_hidden_link_text'>Compartir en Facebook<\/span><\/a><\/li><li class='av-share-link av-social-link-twitter' ><a target=\"_blank\" aria-label=\"Compartir en Twitter\" href='https:\/\/twitter.com\/share?text=%E2%80%9CRevitalizando%20los%20juegos%20en%20mi%20territorio%E2%80%9D%2C%20un%20motor%20de%20aprendizaje%20en%20el%20Jard%C3%ADn%20Infantil%20Lobito%20Feroz&#038;url=https:\/\/radiorevelacionfm.cl\/?p=50628' aria-hidden='false' data-av_icon='\ue8f1' data-av_iconfont='entypo-fontello' title='' data-avia-related-tooltip='Compartir en Twitter' rel=\"noopener\"><span class='avia_hidden_link_text'>Compartir en Twitter<\/span><\/a><\/li><li class='av-share-link av-social-link-whatsapp' ><a target=\"_blank\" aria-label=\"Compartir en Whatsapp\" href='https:\/\/api.whatsapp.com\/send?text=https:\/\/radiorevelacionfm.cl\/?p=50628' aria-hidden='false' data-av_icon='\uf232' data-av_iconfont='entypo-fontello' title='' data-avia-related-tooltip='Compartir en Whatsapp' rel=\"noopener\"><span class='avia_hidden_link_text'>Compartir en Whatsapp<\/span><\/a><\/li><li class='av-share-link av-social-link-linkedin' ><a target=\"_blank\" aria-label=\"Compartir en LinkedIn\" href='https:\/\/linkedin.com\/shareArticle?mini=true&#038;title=%E2%80%9CRevitalizando%20los%20juegos%20en%20mi%20territorio%E2%80%9D%2C%20un%20motor%20de%20aprendizaje%20en%20el%20Jard%C3%ADn%20Infantil%20Lobito%20Feroz&#038;url=https:\/\/radiorevelacionfm.cl\/?p=50628' aria-hidden='false' data-av_icon='\ue8fc' data-av_iconfont='entypo-fontello' title='' data-avia-related-tooltip='Compartir en LinkedIn' rel=\"noopener\"><span class='avia_hidden_link_text'>Compartir en LinkedIn<\/span><\/a><\/li><li class='av-share-link av-social-link-mail' ><a  aria-label=\"Compartir por correo\" href='mailto:?subject=%E2%80%9CRevitalizando%20los%20juegos%20en%20mi%20territorio%E2%80%9D%2C%20un%20motor%20de%20aprendizaje%20en%20el%20Jard%C3%ADn%20Infantil%20Lobito%20Feroz&#038;body=https:\/\/radiorevelacionfm.cl\/?p=50628' aria-hidden='false' data-av_icon='\ue805' data-av_iconfont='entypo-fontello' title='' data-avia-related-tooltip='Compartir por correo'><span class='avia_hidden_link_text'>Compartir por correo<\/span><\/a><\/li><\/ul><\/div><\/div>\n<div  style='height:50px' class='hr hr-invisible   avia-builder-el-8  el_after_av_social_share  el_before_av_comments_list '><span class='hr-inner ' ><span class='hr-inner-style'><\/span><\/span><\/div>\n<div  class='av-buildercomment  av-blog-meta-html-info-disabled av-blog-meta-tag-disabled  '><\/div>\n","protected":false},"excerpt":{"rendered":"","protected":false},"author":1,"featured_media":50636,"comment_status":"open","ping_status":"open","sticky":false,"template":"","format":"standard","meta":{"footnotes":""},"categories":[49],"tags":[],"class_list":["post-50628","post","type-post","status-publish","format-standard","has-post-thumbnail","hentry","category-educacion"],"jetpack_featured_media_url":"https:\/\/radiorevelacionfm.cl\/wp-content\/uploads\/2025\/02\/IMG_20250121_160034-1-1.jpg","_links":{"self":[{"href":"https:\/\/radiorevelacionfm.cl\/index.php?rest_route=\/wp\/v2\/posts\/50628","targetHints":{"allow":["GET"]}}],"collection":[{"href":"https:\/\/radiorevelacionfm.cl\/index.php?rest_route=\/wp\/v2\/posts"}],"about":[{"href":"https:\/\/radiorevelacionfm.cl\/index.php?rest_route=\/wp\/v2\/types\/post"}],"author":[{"embeddable":true,"href":"https:\/\/radiorevelacionfm.cl\/index.php?rest_route=\/wp\/v2\/users\/1"}],"replies":[{"embeddable":true,"href":"https:\/\/radiorevelacionfm.cl\/index.php?rest_route=%2Fwp%2Fv2%2Fcomments&post=50628"}],"version-history":[{"count":2,"href":"https:\/\/radiorevelacionfm.cl\/index.php?rest_route=\/wp\/v2\/posts\/50628\/revisions"}],"predecessor-version":[{"id":50637,"href":"https:\/\/radiorevelacionfm.cl\/index.php?rest_route=\/wp\/v2\/posts\/50628\/revisions\/50637"}],"wp:featuredmedia":[{"embeddable":true,"href":"https:\/\/radiorevelacionfm.cl\/index.php?rest_route=\/wp\/v2\/media\/50636"}],"wp:attachment":[{"href":"https:\/\/radiorevelacionfm.cl\/index.php?rest_route=%2Fwp%2Fv2%2Fmedia&parent=50628"}],"wp:term":[{"taxonomy":"category","embeddable":true,"href":"https:\/\/radiorevelacionfm.cl\/index.php?rest_route=%2Fwp%2Fv2%2Fcategories&post=50628"},{"taxonomy":"post_tag","embeddable":true,"href":"https:\/\/radiorevelacionfm.cl\/index.php?rest_route=%2Fwp%2Fv2%2Ftags&post=50628"}],"curies":[{"name":"wp","href":"https:\/\/api.w.org\/{rel}","templated":true}]}}