{"id":50623,"date":"2025-02-14T18:16:40","date_gmt":"2025-02-14T21:16:40","guid":{"rendered":"https:\/\/radiorevelacionfm.cl\/?p=50623"},"modified":"2025-02-18T10:02:21","modified_gmt":"2025-02-18T13:02:21","slug":"parque-nacional-queulat-cierra-sendero-ventisquero-colgante-por-mejoras","status":"publish","type":"post","link":"https:\/\/radiorevelacionfm.cl\/?p=50623","title":{"rendered":"Parque Nacional Queulat cierra sendero Ventisquero Colgante por trabajos de mejoramiento"},"content":{"rendered":"<div class=\"flex_column av_one_full  flex_column_div av-zero-column-padding first  avia-builder-el-0  el_before_av_one_full  avia-builder-el-first  \" style='border-radius:0px; '><div  class='avia-image-container  av-styling-    avia-builder-el-1  avia-builder-el-no-sibling  avia-align-center '  itemprop=\"image\" itemscope=\"itemscope\" itemtype=\"https:\/\/schema.org\/ImageObject\"  ><div class='avia-image-container-inner'><div class='avia-image-overlay-wrap'><img decoding=\"async\" class='wp-image-50624 avia-img-lazy-loading-not-50624 avia_image' src=\"https:\/\/radiorevelacionfm.cl\/wp-content\/uploads\/2025\/02\/Parque-Nacional-Queulat-1-1.jpg\" alt='' title='Parque Nacional Queulat (1) (1)' height=\"600\" width=\"800\"  itemprop=\"thumbnailUrl\" srcset=\"https:\/\/radiorevelacionfm.cl\/wp-content\/uploads\/2025\/02\/Parque-Nacional-Queulat-1-1.jpg 800w, https:\/\/radiorevelacionfm.cl\/wp-content\/uploads\/2025\/02\/Parque-Nacional-Queulat-1-1-300x225.jpg 300w, https:\/\/radiorevelacionfm.cl\/wp-content\/uploads\/2025\/02\/Parque-Nacional-Queulat-1-1-768x576.jpg 768w, https:\/\/radiorevelacionfm.cl\/wp-content\/uploads\/2025\/02\/Parque-Nacional-Queulat-1-1-705x529.jpg 705w, https:\/\/radiorevelacionfm.cl\/wp-content\/uploads\/2025\/02\/Parque-Nacional-Queulat-1-1-450x338.jpg 450w, https:\/\/radiorevelacionfm.cl\/wp-content\/uploads\/2025\/02\/Parque-Nacional-Queulat-1-1-600x450.jpg 600w\" sizes=\"(max-width: 800px) 100vw, 800px\" \/><\/div><\/div><\/div><\/div>\n<div class=\"flex_column av_one_full  flex_column_div av-zero-column-padding first  avia-builder-el-2  el_after_av_one_full  el_before_av_one_full  column-top-margin\" style='border-radius:0px; '><section class=\"av_textblock_section \"  itemscope=\"itemscope\" itemtype=\"https:\/\/schema.org\/BlogPosting\" itemprop=\"blogPost\" ><div class='avia_textblock  '   itemprop=\"text\" ><p style=\"text-align: center;\"><strong><span style=\"font-size: 18pt;\">Parque Nacional Queulat cierra sendero Ventisquero Colgante por trabajos de mejoramiento<\/span><\/strong><\/p>\n<div id=\"gtx-trans\" style=\"position: absolute; left: -50px; top: 4.31534px;\">\n<div class=\"gtx-trans-icon\"><\/div>\n<\/div>\n<\/div><\/section><\/div>\n<div class=\"flex_column av_one_full  flex_column_div av-zero-column-padding first  avia-builder-el-4  el_after_av_one_full  el_before_av_hr  column-top-margin\" style='border-radius:0px; '><section class=\"av_textblock_section \"  itemscope=\"itemscope\" itemtype=\"https:\/\/schema.org\/BlogPosting\" itemprop=\"blogPost\" ><div class='avia_textblock  '   itemprop=\"text\" ><p style=\"text-align: justify;\"><em><span style=\"font-family: arial, sans-serif;\">Medida temporal se concretar\u00e1 a partir del 24 de febrero de 2025 por trabajos de mejoramiento. Sin embargo, otros senderos seguir\u00e1n habilitados y permitir\u00e1n disfrutar de la biodiversidad y de la vista del ventisquero Colgante.<\/span><\/em><\/p>\n<div>\n<p style=\"text-align: justify;\">El Gobierno Regional de Ays\u00e9n ha destinado una inversi\u00f3n de 1790 millones de pesos para el mejoramiento de infraestructura de uso p\u00fablico del Parque Nacional Queulat, mientras que la Direcci\u00f3n de Arquitectura del Ministerio de Obras P\u00fablicas (MOP) act\u00faa como unidad t\u00e9cnica encargada de la ejecuci\u00f3n de las obras y\u00a0 la Corporaci\u00f3n Nacional Forestal (CONAF) como unidad formuladora.<\/p>\n<p style=\"text-align: justify;\">El proyecto contempla la intervenci\u00f3n de dos senderos dentro del Parque Nacional: el sendero Ventisquero Colgante y el sendero Laguna T\u00e9mpanos, este \u00faltimo de 600 metros de extensi\u00f3n, el cual ser\u00e1 cerrado en marzo, para dar inicio a su mejoramiento.<\/p>\n<p style=\"text-align: justify;\">Como parte de estos trabajos, a partir del 24 de febrero comenzar\u00e1 la renovaci\u00f3n del\u00a0sendero Ventisquero Colgante, de 3,3 km de extensi\u00f3n, con el objetivo de mejorar la experiencia de los visitantes y su seguridad, por lo cual\u00a0se encontrar\u00e1 cerrado\u00a0mientras dure su intervenci\u00f3n. Posteriormente se desarrollar\u00e1 el mejoramiento del sendero T\u00e9mpanos y la construcci\u00f3n de cinco miradores y un muelle en la laguna T\u00e9mpanos. Se estima que la duraci\u00f3n total de las obras ser\u00e1 de 290 d\u00edas.<\/p>\n<p style=\"text-align: justify;\">Esta es la segunda licitaci\u00f3n de mejoramiento del Parque Nacional Queulat. Anteriormente, se ejecutaron obras en los senderos que actualmente est\u00e1n disponibles para el uso p\u00fablico y que permanecer\u00e1n abiertos. Estas mejoras incluyeron la instalaci\u00f3n de pasarelas, escaleras, miradores, se\u00f1al\u00e9tica, estacionamientos y mejoras en los caminos de acceso, con una inversi\u00f3n superior a los 2600 millones de pesos. Todas estas intervenciones forman parte del mismo proyecto, el cual se ha planificado y ejecutado en distintas etapas.<\/p>\n<p style=\"text-align: justify;\">Juan Reyes, administrador del Parque Nacional Queulat, comenta que \u201ca pesar de estos cierres, otros atractivos y senderos del parque nacional permanecer\u00e1n abiertos para los visitantes como son los senderos: Explorador, Levi\u00f1anco, Interpretativo El Aluvi\u00f3n, Huella Glaciaci\u00f3n, como tambi\u00e9n el sendero Panor\u00e1mico y Ciudad de los C\u00e9sares, que de igual manera se puede observar el ventisquero colgante\u201d.<\/p>\n<p style=\"text-align: justify;\">Estas obras, que forman parte de la segunda etapa del plan de mejoramiento de la infraestructura del \u00e1rea protegida, tienen como objetivo optimizar la experiencia de los visitantes y reforzar la seguridad del lugar. Los avances contribuyen al fortalecimiento del turismo sustentable, apoyan la conservaci\u00f3n de la biodiversidad del \u00e1rea protegida y fomentan el turismo local.<\/p>\n<p style=\"text-align: justify;\">Es importante recordar que se debe planificar el viaje con anticipaci\u00f3n. Si se tiene pensado visitar el Parque Nacional Queulat, tenga en cuenta el cierre de este sendero. Adem\u00e1s, no olvide comprar su boleto con antelaci\u00f3n en\u00a0<a role=\"link\" href=\"https:\/\/www.pasesparques.cl\/\" target=\"_blank\" rel=\"noopener\" data-saferedirecturl=\"https:\/\/www.google.com\/url?q=https:\/\/www.pasesparques.cl\/&amp;source=gmail&amp;ust=1739969882694000&amp;usg=AOvVaw1VtGnTxHBEWExuIav-lwV0\">pasesparques.cl<\/a>.<\/p>\n<p style=\"text-align: justify;\">Adem\u00e1s, es fundamental resaltar que, para disfrutar de esta y otras \u00e1reas protegidas, es necesario respetar la normativa vigente, lo que permite cuidar la flora y fauna del lugar y, de este modo, conservar y proteger el patrimonio natural y cultural de la zona como tambi\u00e9n tener una experiencia satisfactoria.<\/p>\n<\/div>\n<\/div><\/section><\/div><div  style='height:50px' class='hr hr-invisible   avia-builder-el-6  el_after_av_one_full  el_before_av_social_share '><span class='hr-inner ' ><span class='hr-inner-style'><\/span><\/span><\/div><\/p>\n<div  class='av-social-sharing-box  avia-builder-el-7  el_after_av_hr  el_before_av_hr  '><div class='av-share-box'><h5 class='av-share-link-description av-no-toc '>Compartir esta noticia<\/h5><ul class='av-share-box-list noLightbox'><li class='av-share-link av-social-link-facebook' ><a target=\"_blank\" aria-label=\"Compartir en Facebook\" href='https:\/\/www.facebook.com\/sharer.php?u=https:\/\/radiorevelacionfm.cl\/?p=50623&#038;t=Parque%20Nacional%20Queulat%20cierra%20sendero%20Ventisquero%20Colgante%20por%20trabajos%20de%20mejoramiento' aria-hidden='false' data-av_icon='\ue8f3' data-av_iconfont='entypo-fontello' title='' data-avia-related-tooltip='Compartir en Facebook' rel=\"noopener\"><span class='avia_hidden_link_text'>Compartir en Facebook<\/span><\/a><\/li><li class='av-share-link av-social-link-twitter' ><a target=\"_blank\" aria-label=\"Compartir en Twitter\" href='https:\/\/twitter.com\/share?text=Parque%20Nacional%20Queulat%20cierra%20sendero%20Ventisquero%20Colgante%20por%20trabajos%20de%20mejoramiento&#038;url=https:\/\/radiorevelacionfm.cl\/?p=50623' aria-hidden='false' data-av_icon='\ue8f1' data-av_iconfont='entypo-fontello' title='' data-avia-related-tooltip='Compartir en Twitter' rel=\"noopener\"><span class='avia_hidden_link_text'>Compartir en Twitter<\/span><\/a><\/li><li class='av-share-link av-social-link-whatsapp' ><a target=\"_blank\" aria-label=\"Compartir en Whatsapp\" href='https:\/\/api.whatsapp.com\/send?text=https:\/\/radiorevelacionfm.cl\/?p=50623' aria-hidden='false' data-av_icon='\uf232' data-av_iconfont='entypo-fontello' title='' data-avia-related-tooltip='Compartir en Whatsapp' rel=\"noopener\"><span class='avia_hidden_link_text'>Compartir en Whatsapp<\/span><\/a><\/li><li class='av-share-link av-social-link-linkedin' ><a target=\"_blank\" aria-label=\"Compartir en LinkedIn\" href='https:\/\/linkedin.com\/shareArticle?mini=true&#038;title=Parque%20Nacional%20Queulat%20cierra%20sendero%20Ventisquero%20Colgante%20por%20trabajos%20de%20mejoramiento&#038;url=https:\/\/radiorevelacionfm.cl\/?p=50623' aria-hidden='false' data-av_icon='\ue8fc' data-av_iconfont='entypo-fontello' title='' data-avia-related-tooltip='Compartir en LinkedIn' rel=\"noopener\"><span class='avia_hidden_link_text'>Compartir en LinkedIn<\/span><\/a><\/li><li class='av-share-link av-social-link-mail' ><a  aria-label=\"Compartir por correo\" href='mailto:?subject=Parque%20Nacional%20Queulat%20cierra%20sendero%20Ventisquero%20Colgante%20por%20trabajos%20de%20mejoramiento&#038;body=https:\/\/radiorevelacionfm.cl\/?p=50623' aria-hidden='false' data-av_icon='\ue805' data-av_iconfont='entypo-fontello' title='' data-avia-related-tooltip='Compartir por correo'><span class='avia_hidden_link_text'>Compartir por correo<\/span><\/a><\/li><\/ul><\/div><\/div>\n<div  style='height:50px' class='hr hr-invisible   avia-builder-el-8  el_after_av_social_share  el_before_av_comments_list '><span class='hr-inner ' ><span class='hr-inner-style'><\/span><\/span><\/div>\n<div  class='av-buildercomment  av-blog-meta-html-info-disabled av-blog-meta-tag-disabled  '><\/div>\n","protected":false},"excerpt":{"rendered":"","protected":false},"author":1,"featured_media":50624,"comment_status":"open","ping_status":"open","sticky":false,"template":"","format":"standard","meta":{"footnotes":""},"categories":[54],"tags":[],"class_list":["post-50623","post","type-post","status-publish","format-standard","has-post-thumbnail","hentry","category-turismo"],"jetpack_featured_media_url":"https:\/\/radiorevelacionfm.cl\/wp-content\/uploads\/2025\/02\/Parque-Nacional-Queulat-1-1.jpg","_links":{"self":[{"href":"https:\/\/radiorevelacionfm.cl\/index.php?rest_route=\/wp\/v2\/posts\/50623","targetHints":{"allow":["GET"]}}],"collection":[{"href":"https:\/\/radiorevelacionfm.cl\/index.php?rest_route=\/wp\/v2\/posts"}],"about":[{"href":"https:\/\/radiorevelacionfm.cl\/index.php?rest_route=\/wp\/v2\/types\/post"}],"author":[{"embeddable":true,"href":"https:\/\/radiorevelacionfm.cl\/index.php?rest_route=\/wp\/v2\/users\/1"}],"replies":[{"embeddable":true,"href":"https:\/\/radiorevelacionfm.cl\/index.php?rest_route=%2Fwp%2Fv2%2Fcomments&post=50623"}],"version-history":[{"count":4,"href":"https:\/\/radiorevelacionfm.cl\/index.php?rest_route=\/wp\/v2\/posts\/50623\/revisions"}],"predecessor-version":[{"id":50662,"href":"https:\/\/radiorevelacionfm.cl\/index.php?rest_route=\/wp\/v2\/posts\/50623\/revisions\/50662"}],"wp:featuredmedia":[{"embeddable":true,"href":"https:\/\/radiorevelacionfm.cl\/index.php?rest_route=\/wp\/v2\/media\/50624"}],"wp:attachment":[{"href":"https:\/\/radiorevelacionfm.cl\/index.php?rest_route=%2Fwp%2Fv2%2Fmedia&parent=50623"}],"wp:term":[{"taxonomy":"category","embeddable":true,"href":"https:\/\/radiorevelacionfm.cl\/index.php?rest_route=%2Fwp%2Fv2%2Fcategories&post=50623"},{"taxonomy":"post_tag","embeddable":true,"href":"https:\/\/radiorevelacionfm.cl\/index.php?rest_route=%2Fwp%2Fv2%2Ftags&post=50623"}],"curies":[{"name":"wp","href":"https:\/\/api.w.org\/{rel}","templated":true}]}}