{"id":50620,"date":"2025-02-18T11:35:06","date_gmt":"2025-02-18T14:35:06","guid":{"rendered":"https:\/\/radiorevelacionfm.cl\/?p=50620"},"modified":"2025-02-18T11:35:06","modified_gmt":"2025-02-18T14:35:06","slug":"ciatica-una-afeccion-comun-con-diversas-alternativas-de-tratamiento","status":"publish","type":"post","link":"https:\/\/radiorevelacionfm.cl\/?p=50620","title":{"rendered":"Ci\u00e1tica: una afecci\u00f3n com\u00fan con diversas alternativas de tratamiento"},"content":{"rendered":"<div class=\"flex_column av_one_full  flex_column_div av-zero-column-padding first  avia-builder-el-0  el_before_av_one_full  avia-builder-el-first  \" style='border-radius:0px; '><div  class='avia-image-container  av-styling-    avia-builder-el-1  avia-builder-el-no-sibling  avia-align-center '  itemprop=\"image\" itemscope=\"itemscope\" itemtype=\"https:\/\/schema.org\/ImageObject\"  ><div class='avia-image-container-inner'><div class='avia-image-overlay-wrap'><img decoding=\"async\" class='wp-image-50621 avia-img-lazy-loading-not-50621 avia_image' src=\"https:\/\/radiorevelacionfm.cl\/wp-content\/uploads\/2025\/02\/CIATICA-CLINICA-MIGUEL-CLARO-1-1.jpg\" alt='' title='CI\u00c1TICA - CL\u00cdNICA MIGUEL CLARO (1) (1)' height=\"600\" width=\"900\"  itemprop=\"thumbnailUrl\" srcset=\"https:\/\/radiorevelacionfm.cl\/wp-content\/uploads\/2025\/02\/CIATICA-CLINICA-MIGUEL-CLARO-1-1.jpg 900w, https:\/\/radiorevelacionfm.cl\/wp-content\/uploads\/2025\/02\/CIATICA-CLINICA-MIGUEL-CLARO-1-1-300x200.jpg 300w, https:\/\/radiorevelacionfm.cl\/wp-content\/uploads\/2025\/02\/CIATICA-CLINICA-MIGUEL-CLARO-1-1-768x512.jpg 768w, https:\/\/radiorevelacionfm.cl\/wp-content\/uploads\/2025\/02\/CIATICA-CLINICA-MIGUEL-CLARO-1-1-705x470.jpg 705w, https:\/\/radiorevelacionfm.cl\/wp-content\/uploads\/2025\/02\/CIATICA-CLINICA-MIGUEL-CLARO-1-1-450x300.jpg 450w, https:\/\/radiorevelacionfm.cl\/wp-content\/uploads\/2025\/02\/CIATICA-CLINICA-MIGUEL-CLARO-1-1-600x400.jpg 600w\" sizes=\"(max-width: 900px) 100vw, 900px\" \/><\/div><\/div><\/div><\/div><div class=\"flex_column av_one_full  flex_column_div av-zero-column-padding first  avia-builder-el-2  el_after_av_one_full  el_before_av_one_full  column-top-margin\" style='border-radius:0px; '><section class=\"av_textblock_section \"  itemscope=\"itemscope\" itemtype=\"https:\/\/schema.org\/BlogPosting\" itemprop=\"blogPost\" ><div class='avia_textblock  '   itemprop=\"text\" ><p style=\"text-align: center;\"><strong><span style=\"font-size: 18pt;\">Ci\u00e1tica: una afecci\u00f3n com\u00fan con diversas alternativas de tratamiento<\/span><\/strong><\/p>\n<div id=\"gtx-trans\" style=\"position: absolute; left: -50px; top: 4.31534px;\">\n<div class=\"gtx-trans-icon\"><\/div>\n<\/div>\n<\/div><\/section><\/div><div class=\"flex_column av_one_full  flex_column_div av-zero-column-padding first  avia-builder-el-4  el_after_av_one_full  el_before_av_hr  column-top-margin\" style='border-radius:0px; '><section class=\"av_textblock_section \"  itemscope=\"itemscope\" itemtype=\"https:\/\/schema.org\/BlogPosting\" itemprop=\"blogPost\" ><div class='avia_textblock  '   itemprop=\"text\" ><p style=\"text-align: justify;\">La ci\u00e1tica es una patolog\u00eda frecuente que puede afectar significativamente la calidad de vida de quienes la padecen. Se caracteriza por un dolor que se origina en la regi\u00f3n lumbar y se irradia por la parte posterior del gl\u00fateo y la pierna, llegando incluso hasta el pie.<\/p>\n<p style=\"text-align: justify;\">\u201cEste dolor, de car\u00e1cter intenso y de naturaleza el\u00e9ctrica, puede agravarse con maniobras como la tos, el estornudo o el esfuerzo f\u00edsico, llegando a ser altamente incapacitante en su fase aguda\u201d, explica el doctor Waldo Escobar, neurocirujano de Cl\u00ednica Miguel Claro.<\/p>\n<p style=\"text-align: justify;\">El diagn\u00f3stico de esta afecci\u00f3n se basa en una evaluaci\u00f3n m\u00e9dica que permite determinar la presencia de signos espec\u00edficos. Para su diagn\u00f3stico, el especialista puede realizar pruebas f\u00edsicas en una primera consulta, tales como elevaci\u00f3n de la pierna, la evaluaci\u00f3n de los reflejos y la resistencia a ciertos movimientos son herramientas clave en la identificaci\u00f3n de esta condici\u00f3n.<\/p>\n<p style=\"text-align: justify;\"><strong>Opciones de tratamientos<\/strong><\/p>\n<p style=\"text-align: justify;\">Mientras que el tratamiento depende de la severidad de los s\u00edntomas y de la evoluci\u00f3n del cuadro cl\u00ednico. Entre las alternativas m\u00e1s utilizadas se encuentran:<\/p>\n<ul style=\"text-align: justify;\">\n<li><strong>Medicamentos<\/strong>: Incluye el uso de antiinflamatorios, corticoides, y anticonvulsivos, entre otros, con el fin de reducir la inflamaci\u00f3n y el dolor.<\/li>\n<li><strong>Rehabilitaci\u00f3n F\u00edsica<\/strong>: A trav\u00e9s de un programa de ejercicios espec\u00edficos, es posible mejorar la postura, fortalecer la musculatura y ampliar el rango de movimiento, contribuyendo a la recuperaci\u00f3n y prevenci\u00f3n de nuevos episodios.<\/li>\n<li><strong>Intervenci\u00f3n quir\u00fargica<\/strong>: Indicada en casos graves, cuando el dolor es persistente y no responde a otras medidas, o se presentan signos de compromiso neurol\u00f3gico severo. El procedimiento busca aliviar la presi\u00f3n sobre el nervio afectado mediante la remoci\u00f3n de hernias discales.<\/li>\n<\/ul>\n<p style=\"text-align: justify;\">Dado el impacto que esta afecci\u00f3n puede tener en la vida cotidiana, es recomendable consultar con un especialista ante la presencia de s\u00edntomas persistentes. Un diagn\u00f3stico oportuno y un tratamiento adecuado pueden favorecer una recuperaci\u00f3n efectiva y mejorar la calidad de vida de los pacientes<\/p>\n<\/div><\/section><\/div><div  style='height:50px' class='hr hr-invisible   avia-builder-el-6  el_after_av_one_full  el_before_av_social_share '><span class='hr-inner ' ><span class='hr-inner-style'><\/span><\/span><\/div><\/p>\n<div  class='av-social-sharing-box  avia-builder-el-7  el_after_av_hr  el_before_av_hr  '><div class='av-share-box'><h5 class='av-share-link-description av-no-toc '>Compartir esta noticia<\/h5><ul class='av-share-box-list noLightbox'><li class='av-share-link av-social-link-facebook' ><a target=\"_blank\" aria-label=\"Compartir en Facebook\" href='https:\/\/www.facebook.com\/sharer.php?u=https:\/\/radiorevelacionfm.cl\/?p=50620&#038;t=Ci%C3%A1tica%3A%20una%20afecci%C3%B3n%20com%C3%BAn%20con%20diversas%20alternativas%20de%20tratamiento' aria-hidden='false' data-av_icon='\ue8f3' data-av_iconfont='entypo-fontello' title='' data-avia-related-tooltip='Compartir en Facebook' rel=\"noopener\"><span class='avia_hidden_link_text'>Compartir en Facebook<\/span><\/a><\/li><li class='av-share-link av-social-link-twitter' ><a target=\"_blank\" aria-label=\"Compartir en Twitter\" href='https:\/\/twitter.com\/share?text=Ci%C3%A1tica%3A%20una%20afecci%C3%B3n%20com%C3%BAn%20con%20diversas%20alternativas%20de%20tratamiento&#038;url=https:\/\/radiorevelacionfm.cl\/?p=50620' aria-hidden='false' data-av_icon='\ue8f1' data-av_iconfont='entypo-fontello' title='' data-avia-related-tooltip='Compartir en Twitter' rel=\"noopener\"><span class='avia_hidden_link_text'>Compartir en Twitter<\/span><\/a><\/li><li class='av-share-link av-social-link-whatsapp' ><a target=\"_blank\" aria-label=\"Compartir en Whatsapp\" href='https:\/\/api.whatsapp.com\/send?text=https:\/\/radiorevelacionfm.cl\/?p=50620' aria-hidden='false' data-av_icon='\uf232' data-av_iconfont='entypo-fontello' title='' data-avia-related-tooltip='Compartir en Whatsapp' rel=\"noopener\"><span class='avia_hidden_link_text'>Compartir en Whatsapp<\/span><\/a><\/li><li class='av-share-link av-social-link-linkedin' ><a target=\"_blank\" aria-label=\"Compartir en LinkedIn\" href='https:\/\/linkedin.com\/shareArticle?mini=true&#038;title=Ci%C3%A1tica%3A%20una%20afecci%C3%B3n%20com%C3%BAn%20con%20diversas%20alternativas%20de%20tratamiento&#038;url=https:\/\/radiorevelacionfm.cl\/?p=50620' aria-hidden='false' data-av_icon='\ue8fc' data-av_iconfont='entypo-fontello' title='' data-avia-related-tooltip='Compartir en LinkedIn' rel=\"noopener\"><span class='avia_hidden_link_text'>Compartir en LinkedIn<\/span><\/a><\/li><li class='av-share-link av-social-link-mail' ><a  aria-label=\"Compartir por correo\" href='mailto:?subject=Ci%C3%A1tica%3A%20una%20afecci%C3%B3n%20com%C3%BAn%20con%20diversas%20alternativas%20de%20tratamiento&#038;body=https:\/\/radiorevelacionfm.cl\/?p=50620' aria-hidden='false' data-av_icon='\ue805' data-av_iconfont='entypo-fontello' title='' data-avia-related-tooltip='Compartir por correo'><span class='avia_hidden_link_text'>Compartir por correo<\/span><\/a><\/li><\/ul><\/div><\/div>\n<div  style='height:50px' class='hr hr-invisible   avia-builder-el-8  el_after_av_social_share  el_before_av_comments_list '><span class='hr-inner ' ><span class='hr-inner-style'><\/span><\/span><\/div>\n<div  class='av-buildercomment  av-blog-meta-html-info-disabled av-blog-meta-tag-disabled  '><\/div>\n","protected":false},"excerpt":{"rendered":"","protected":false},"author":1,"featured_media":50621,"comment_status":"open","ping_status":"open","sticky":false,"template":"","format":"standard","meta":{"footnotes":""},"categories":[46],"tags":[],"class_list":["post-50620","post","type-post","status-publish","format-standard","has-post-thumbnail","hentry","category-salud"],"jetpack_featured_media_url":"https:\/\/radiorevelacionfm.cl\/wp-content\/uploads\/2025\/02\/CIATICA-CLINICA-MIGUEL-CLARO-1-1.jpg","_links":{"self":[{"href":"https:\/\/radiorevelacionfm.cl\/index.php?rest_route=\/wp\/v2\/posts\/50620","targetHints":{"allow":["GET"]}}],"collection":[{"href":"https:\/\/radiorevelacionfm.cl\/index.php?rest_route=\/wp\/v2\/posts"}],"about":[{"href":"https:\/\/radiorevelacionfm.cl\/index.php?rest_route=\/wp\/v2\/types\/post"}],"author":[{"embeddable":true,"href":"https:\/\/radiorevelacionfm.cl\/index.php?rest_route=\/wp\/v2\/users\/1"}],"replies":[{"embeddable":true,"href":"https:\/\/radiorevelacionfm.cl\/index.php?rest_route=%2Fwp%2Fv2%2Fcomments&post=50620"}],"version-history":[{"count":1,"href":"https:\/\/radiorevelacionfm.cl\/index.php?rest_route=\/wp\/v2\/posts\/50620\/revisions"}],"predecessor-version":[{"id":50622,"href":"https:\/\/radiorevelacionfm.cl\/index.php?rest_route=\/wp\/v2\/posts\/50620\/revisions\/50622"}],"wp:featuredmedia":[{"embeddable":true,"href":"https:\/\/radiorevelacionfm.cl\/index.php?rest_route=\/wp\/v2\/media\/50621"}],"wp:attachment":[{"href":"https:\/\/radiorevelacionfm.cl\/index.php?rest_route=%2Fwp%2Fv2%2Fmedia&parent=50620"}],"wp:term":[{"taxonomy":"category","embeddable":true,"href":"https:\/\/radiorevelacionfm.cl\/index.php?rest_route=%2Fwp%2Fv2%2Fcategories&post=50620"},{"taxonomy":"post_tag","embeddable":true,"href":"https:\/\/radiorevelacionfm.cl\/index.php?rest_route=%2Fwp%2Fv2%2Ftags&post=50620"}],"curies":[{"name":"wp","href":"https:\/\/api.w.org\/{rel}","templated":true}]}}