{"id":50617,"date":"2025-02-15T11:15:45","date_gmt":"2025-02-15T14:15:45","guid":{"rendered":"https:\/\/radiorevelacionfm.cl\/?p=50617"},"modified":"2025-02-15T11:15:45","modified_gmt":"2025-02-15T14:15:45","slug":"conmemoran-el-dia-del-brigadista-forestal-en-la-region-de-aysen","status":"publish","type":"post","link":"https:\/\/radiorevelacionfm.cl\/?p=50617","title":{"rendered":"Conmemoran el D\u00eda del Brigadista Forestal en la regi\u00f3n de Ays\u00e9n"},"content":{"rendered":"<div class=\"flex_column av_one_full  flex_column_div av-zero-column-padding first  avia-builder-el-0  el_before_av_one_full  avia-builder-el-first  \" style='border-radius:0px; '><div  class='avia-image-container  av-styling-    avia-builder-el-1  avia-builder-el-no-sibling  avia-align-center '  itemprop=\"image\" itemscope=\"itemscope\" itemtype=\"https:\/\/schema.org\/ImageObject\"  ><div class='avia-image-container-inner'><div class='avia-image-overlay-wrap'><img decoding=\"async\" class='wp-image-50618 avia-img-lazy-loading-not-50618 avia_image' src=\"https:\/\/radiorevelacionfm.cl\/wp-content\/uploads\/2025\/02\/image00274-1_optimized-1.jpeg\" alt='' title='image00274-(1)_optimized (1)' height=\"600\" width=\"800\"  itemprop=\"thumbnailUrl\" srcset=\"https:\/\/radiorevelacionfm.cl\/wp-content\/uploads\/2025\/02\/image00274-1_optimized-1.jpeg 800w, https:\/\/radiorevelacionfm.cl\/wp-content\/uploads\/2025\/02\/image00274-1_optimized-1-300x225.jpeg 300w, https:\/\/radiorevelacionfm.cl\/wp-content\/uploads\/2025\/02\/image00274-1_optimized-1-768x576.jpeg 768w, https:\/\/radiorevelacionfm.cl\/wp-content\/uploads\/2025\/02\/image00274-1_optimized-1-705x529.jpeg 705w, https:\/\/radiorevelacionfm.cl\/wp-content\/uploads\/2025\/02\/image00274-1_optimized-1-450x338.jpeg 450w, https:\/\/radiorevelacionfm.cl\/wp-content\/uploads\/2025\/02\/image00274-1_optimized-1-600x450.jpeg 600w\" sizes=\"(max-width: 800px) 100vw, 800px\" \/><\/div><\/div><\/div><\/div><div class=\"flex_column av_one_full  flex_column_div av-zero-column-padding first  avia-builder-el-2  el_after_av_one_full  el_before_av_one_full  column-top-margin\" style='border-radius:0px; '><section class=\"av_textblock_section \"  itemscope=\"itemscope\" itemtype=\"https:\/\/schema.org\/BlogPosting\" itemprop=\"blogPost\" ><div class='avia_textblock  '   itemprop=\"text\" ><p style=\"text-align: center;\"><strong><span style=\"font-size: 18pt;\">Conmemoran el D\u00eda del Brigadista Forestal en la regi\u00f3n de Ays\u00e9n<\/span><\/strong><\/p>\n<div id=\"gtx-trans\" style=\"position: absolute; left: -50px; top: 4.31534px;\">\n<div class=\"gtx-trans-icon\"><\/div>\n<\/div>\n<\/div><\/section><\/div><div class=\"flex_column av_one_full  flex_column_div av-zero-column-padding first  avia-builder-el-4  el_after_av_one_full  el_before_av_hr  column-top-margin\" style='border-radius:0px; '><section class=\"av_textblock_section \"  itemscope=\"itemscope\" itemtype=\"https:\/\/schema.org\/BlogPosting\" itemprop=\"blogPost\" ><div class='avia_textblock  '   itemprop=\"text\" ><p style=\"text-align: justify;\"><em>Autoridades relevaron la labor que desempe\u00f1a el cuerpo de brigadistas forestales, Bomberos de Ays\u00e9n y Armada de Chile durante las temporadas de mayor ocurrencia de incendios forestales.<\/em><\/p>\n<p style=\"text-align: justify;\">La delegada presidencial regional (s), \u00darsula Mix, junto al seremi de Agricultura, Eugenio Ruiz, el director regional Conaf, Ronald Valenzuela, representantes de los servicios del Agro, adem\u00e1s de las autoridades regionales de la Tercera Compa\u00f1\u00eda y el Cuerpo de Bomberos de Coyhaique; Polic\u00eda de Investigaciones; Armada de Chile; Carabineros de Chile; Senapred; Aer\u00f3dromo Teniente Vidal y la Ilustre Municipalidad de Coyhaique, conmemoraron esta ma\u00f1ana el D\u00eda Nacional de las y los Brigadistas Forestales.<\/p>\n<p style=\"text-align: justify;\">El encuentro realizado en el Aer\u00f3dromo Teniente Vidal de Coyhaique tuvo especial motivo de tributar la constante labor que realizan brigadistas forestales en el combate de incendios forestales en la regi\u00f3n, a quienes se les suman las y los voluntarios de Bomberos, y Fuerzas Armadas, donde a la fecha ya se han registrado un total de 24 siniestros de este tipo.<\/p>\n<p style=\"text-align: justify;\">El D\u00eda Nacional se oficializ\u00f3 mediante Decreto Supremo N\u00b0 47 del 2 de junio del 2009, del Ministerio de Agricultura, instaur\u00e1ndose el 15 de febrero en recuerdo de 12 brigadistas de Forestal CELCO y el piloto de un helic\u00f3ptero de la empresa\u00a0Flight Service\u00a0que fallecieron ese a\u00f1o en un accidente a\u00e9reo en la comuna de Chanco, regi\u00f3n del Maule.<\/p>\n<p style=\"text-align: justify;\">\u00abHoy conmemoramos a quienes perdieron su vida para protegernos. Los recursos que el Gobierno del presidente Gabriel Boric ha puesto a disposici\u00f3n han permitido fortalecer estas coordinaciones y dar frente a complejas realidades que se dan en el territorio nacional, principalmente durante la temporada estival de mayor ocurrencia\u00bb, puntualiz\u00f3 la delegada presidencial (s), \u00darsula Mix.<\/p>\n<p style=\"text-align: justify;\">Por su parte, el seremi de Agricultura, Eugenio Ruiz, indic\u00f3 que \u00aben el Ministerio de Agricultura reconocemos el rol fundamental que desempe\u00f1an las y los brigadistas forestales, quienes tambi\u00e9n velan por la protecci\u00f3n del ecosistema forestal, nuestros sistemas boscosos y la comunidad en su conjunto. Hoy son m\u00e1s de 30 los brigadistas regionales que se encuentran apoyando la actual contingencia de incendios en la novena regi\u00f3n, por lo que llamamos a la comunidad a prevenir\u00bb.<\/p>\n<p style=\"text-align: justify;\">\u00abEl periodo de mayor ocurrencia a\u00fan no termina. Est\u00e1 en cada una de las personas evitar situaciones de riesgo que puedan generar incendios forestales y esto es posible con acciones bastante concretas, como mantener los alrededores de viviendas despejados de vegetaci\u00f3n y desechos. Prevenir es mejor que lamentar\u00bb, detall\u00f3 Ruiz.<\/p>\n<p style=\"text-align: justify;\">No encender fogatas ni manipular fuentes de calor en zonas cercanas a vegetaci\u00f3n, como tambi\u00e9n evitar dejar al alcance de menores elementos como f\u00f3sforos, encendedores o combustibles, son otras pr\u00e1cticas para evitar una posible cat\u00e1strofe.<\/p>\n<p style=\"text-align: justify;\">Finalmente, el director de Conaf Ays\u00e9n, Ronald Valenzuela, agreg\u00f3 que \u00abson 36 m\u00e1rtires que lamentablemente conmemoramos hoy, desde el a\u00f1o 1970 hasta el 2024, quienes han entregado su vida por este bien com\u00fan. Tenemos una temporada compleja y depende de todas y cada una de las personas evitar incendios forestales y que existan m\u00e1rtires en combate\u00bb.<\/p>\n<p style=\"text-align: justify;\">Pese a que la actividad de contingencia ha disminuido durante las \u00faltimas semanas en la regi\u00f3n de Ays\u00e9n, sigue imperante la necesidad de tener pr\u00e1cticas responsables y preventivas con el uso del fuego en zonas de vegetaci\u00f3n, Reservas y Parques Nacionales, dado que el 99,7% de estos siniestros son generados por causas humanas.<\/p>\n<p style=\"text-align: justify;\">Si ves humo o fuego al aire libre, recuerda siempre llamar al 130 de Conaf; 132 de Bomberos; 133 de Carabineros, y 134 de PDI. Para denuncias, comun\u00edcate al *4242. Los culpables de provocar un incendio forestal arriesgan una pena de hasta 20 a\u00f1os de c\u00e1rcel y multas de hasta 10 millones de pesos.<\/p>\n<\/div><\/section><\/div><div  style='height:50px' class='hr hr-invisible   avia-builder-el-6  el_after_av_one_full  el_before_av_social_share '><span class='hr-inner ' ><span class='hr-inner-style'><\/span><\/span><\/div><\/p>\n<div  class='av-social-sharing-box  avia-builder-el-7  el_after_av_hr  el_before_av_hr  '><div class='av-share-box'><h5 class='av-share-link-description av-no-toc '>Compartir esta noticia<\/h5><ul class='av-share-box-list noLightbox'><li class='av-share-link av-social-link-facebook' ><a target=\"_blank\" aria-label=\"Compartir en Facebook\" href='https:\/\/www.facebook.com\/sharer.php?u=https:\/\/radiorevelacionfm.cl\/?p=50617&#038;t=Conmemoran%20el%20D%C3%ADa%20del%20Brigadista%20Forestal%20en%20la%20regi%C3%B3n%20de%20Ays%C3%A9n' aria-hidden='false' data-av_icon='\ue8f3' data-av_iconfont='entypo-fontello' title='' data-avia-related-tooltip='Compartir en Facebook' rel=\"noopener\"><span class='avia_hidden_link_text'>Compartir en Facebook<\/span><\/a><\/li><li class='av-share-link av-social-link-twitter' ><a target=\"_blank\" aria-label=\"Compartir en Twitter\" href='https:\/\/twitter.com\/share?text=Conmemoran%20el%20D%C3%ADa%20del%20Brigadista%20Forestal%20en%20la%20regi%C3%B3n%20de%20Ays%C3%A9n&#038;url=https:\/\/radiorevelacionfm.cl\/?p=50617' aria-hidden='false' data-av_icon='\ue8f1' data-av_iconfont='entypo-fontello' title='' data-avia-related-tooltip='Compartir en Twitter' rel=\"noopener\"><span class='avia_hidden_link_text'>Compartir en Twitter<\/span><\/a><\/li><li class='av-share-link av-social-link-whatsapp' ><a target=\"_blank\" aria-label=\"Compartir en Whatsapp\" href='https:\/\/api.whatsapp.com\/send?text=https:\/\/radiorevelacionfm.cl\/?p=50617' aria-hidden='false' data-av_icon='\uf232' data-av_iconfont='entypo-fontello' title='' data-avia-related-tooltip='Compartir en Whatsapp' rel=\"noopener\"><span class='avia_hidden_link_text'>Compartir en Whatsapp<\/span><\/a><\/li><li class='av-share-link av-social-link-linkedin' ><a target=\"_blank\" aria-label=\"Compartir en LinkedIn\" href='https:\/\/linkedin.com\/shareArticle?mini=true&#038;title=Conmemoran%20el%20D%C3%ADa%20del%20Brigadista%20Forestal%20en%20la%20regi%C3%B3n%20de%20Ays%C3%A9n&#038;url=https:\/\/radiorevelacionfm.cl\/?p=50617' aria-hidden='false' data-av_icon='\ue8fc' data-av_iconfont='entypo-fontello' title='' data-avia-related-tooltip='Compartir en LinkedIn' rel=\"noopener\"><span class='avia_hidden_link_text'>Compartir en LinkedIn<\/span><\/a><\/li><li class='av-share-link av-social-link-mail' ><a  aria-label=\"Compartir por correo\" href='mailto:?subject=Conmemoran%20el%20D%C3%ADa%20del%20Brigadista%20Forestal%20en%20la%20regi%C3%B3n%20de%20Ays%C3%A9n&#038;body=https:\/\/radiorevelacionfm.cl\/?p=50617' aria-hidden='false' data-av_icon='\ue805' data-av_iconfont='entypo-fontello' title='' data-avia-related-tooltip='Compartir por correo'><span class='avia_hidden_link_text'>Compartir por correo<\/span><\/a><\/li><\/ul><\/div><\/div>\n<div  style='height:50px' class='hr hr-invisible   avia-builder-el-8  el_after_av_social_share  el_before_av_comments_list '><span class='hr-inner ' ><span class='hr-inner-style'><\/span><\/span><\/div>\n<div  class='av-buildercomment  av-blog-meta-html-info-disabled av-blog-meta-tag-disabled  '><\/div>\n","protected":false},"excerpt":{"rendered":"","protected":false},"author":1,"featured_media":50618,"comment_status":"open","ping_status":"open","sticky":false,"template":"","format":"standard","meta":{"footnotes":""},"categories":[38],"tags":[],"class_list":["post-50617","post","type-post","status-publish","format-standard","has-post-thumbnail","hentry","category-regional"],"jetpack_featured_media_url":"https:\/\/radiorevelacionfm.cl\/wp-content\/uploads\/2025\/02\/image00274-1_optimized-1.jpeg","_links":{"self":[{"href":"https:\/\/radiorevelacionfm.cl\/index.php?rest_route=\/wp\/v2\/posts\/50617","targetHints":{"allow":["GET"]}}],"collection":[{"href":"https:\/\/radiorevelacionfm.cl\/index.php?rest_route=\/wp\/v2\/posts"}],"about":[{"href":"https:\/\/radiorevelacionfm.cl\/index.php?rest_route=\/wp\/v2\/types\/post"}],"author":[{"embeddable":true,"href":"https:\/\/radiorevelacionfm.cl\/index.php?rest_route=\/wp\/v2\/users\/1"}],"replies":[{"embeddable":true,"href":"https:\/\/radiorevelacionfm.cl\/index.php?rest_route=%2Fwp%2Fv2%2Fcomments&post=50617"}],"version-history":[{"count":1,"href":"https:\/\/radiorevelacionfm.cl\/index.php?rest_route=\/wp\/v2\/posts\/50617\/revisions"}],"predecessor-version":[{"id":50619,"href":"https:\/\/radiorevelacionfm.cl\/index.php?rest_route=\/wp\/v2\/posts\/50617\/revisions\/50619"}],"wp:featuredmedia":[{"embeddable":true,"href":"https:\/\/radiorevelacionfm.cl\/index.php?rest_route=\/wp\/v2\/media\/50618"}],"wp:attachment":[{"href":"https:\/\/radiorevelacionfm.cl\/index.php?rest_route=%2Fwp%2Fv2%2Fmedia&parent=50617"}],"wp:term":[{"taxonomy":"category","embeddable":true,"href":"https:\/\/radiorevelacionfm.cl\/index.php?rest_route=%2Fwp%2Fv2%2Fcategories&post=50617"},{"taxonomy":"post_tag","embeddable":true,"href":"https:\/\/radiorevelacionfm.cl\/index.php?rest_route=%2Fwp%2Fv2%2Ftags&post=50617"}],"curies":[{"name":"wp","href":"https:\/\/api.w.org\/{rel}","templated":true}]}}