{"id":50614,"date":"2025-02-15T17:15:22","date_gmt":"2025-02-15T20:15:22","guid":{"rendered":"https:\/\/radiorevelacionfm.cl\/?p=50614"},"modified":"2025-02-15T17:15:22","modified_gmt":"2025-02-15T20:15:22","slug":"en-dia-internacional-del-cancer-infantil-red-asistencial-aysen-refuerza-el-trabajo-colaborativo-y-actualiza-medidas-para-mejorar-atencion","status":"publish","type":"post","link":"https:\/\/radiorevelacionfm.cl\/?p=50614","title":{"rendered":"En D\u00eda Internacional del C\u00e1ncer Infantil Red Asistencial Ays\u00e9n refuerza el trabajo colaborativo y actualiza medidas para mejorar atenci\u00f3n"},"content":{"rendered":"<div class=\"flex_column av_one_full  flex_column_div av-zero-column-padding first  avia-builder-el-0  el_before_av_one_full  avia-builder-el-first  \" style='border-radius:0px; '><div  class='avia-image-container  av-styling-    avia-builder-el-1  avia-builder-el-no-sibling  avia-align-center '  itemprop=\"image\" itemscope=\"itemscope\" itemtype=\"https:\/\/schema.org\/ImageObject\"  ><div class='avia-image-container-inner'><div class='avia-image-overlay-wrap'><img decoding=\"async\" class='wp-image-50615 avia-img-lazy-loading-not-50615 avia_image' src=\"https:\/\/radiorevelacionfm.cl\/wp-content\/uploads\/2025\/02\/cancer-infantil-1-1-1.jpeg\" alt='' title='c\u00e1ncer infantil (1) (1) (1)' height=\"600\" width=\"800\"  itemprop=\"thumbnailUrl\" srcset=\"https:\/\/radiorevelacionfm.cl\/wp-content\/uploads\/2025\/02\/cancer-infantil-1-1-1.jpeg 800w, https:\/\/radiorevelacionfm.cl\/wp-content\/uploads\/2025\/02\/cancer-infantil-1-1-1-300x225.jpeg 300w, https:\/\/radiorevelacionfm.cl\/wp-content\/uploads\/2025\/02\/cancer-infantil-1-1-1-768x576.jpeg 768w, https:\/\/radiorevelacionfm.cl\/wp-content\/uploads\/2025\/02\/cancer-infantil-1-1-1-705x529.jpeg 705w, https:\/\/radiorevelacionfm.cl\/wp-content\/uploads\/2025\/02\/cancer-infantil-1-1-1-450x338.jpeg 450w, https:\/\/radiorevelacionfm.cl\/wp-content\/uploads\/2025\/02\/cancer-infantil-1-1-1-600x450.jpeg 600w\" sizes=\"(max-width: 800px) 100vw, 800px\" \/><\/div><\/div><\/div><\/div><div class=\"flex_column av_one_full  flex_column_div av-zero-column-padding first  avia-builder-el-2  el_after_av_one_full  el_before_av_one_full  column-top-margin\" style='border-radius:0px; '><section class=\"av_textblock_section \"  itemscope=\"itemscope\" itemtype=\"https:\/\/schema.org\/BlogPosting\" itemprop=\"blogPost\" ><div class='avia_textblock  '   itemprop=\"text\" ><p style=\"text-align: center;\"><span style=\"font-size: 18pt;\"><b>En D\u00eda Internacional del C\u00e1ncer Infantil Red Asistencial Ays\u00e9n refuerza el trabajo colaborativo y actualiza medidas para mejorar atenci\u00f3n<\/b><\/span><\/p>\n<div id=\"gtx-trans\" style=\"position: absolute; left: -50px; top: 4.31534px;\">\n<div class=\"gtx-trans-icon\"><\/div>\n<\/div>\n<\/div><\/section><\/div><div class=\"flex_column av_one_full  flex_column_div av-zero-column-padding first  avia-builder-el-4  el_after_av_one_full  el_before_av_hr  column-top-margin\" style='border-radius:0px; '><section class=\"av_textblock_section \"  itemscope=\"itemscope\" itemtype=\"https:\/\/schema.org\/BlogPosting\" itemprop=\"blogPost\" ><div class='avia_textblock  '   itemprop=\"text\" ><p style=\"font-weight: 400; text-align: justify;\"><em>Cada 15 de febrero se conmemora el d\u00eda mundial contra el C\u00e1ncer Infantil.<\/em><\/p>\n<p style=\"font-weight: 400; text-align: justify;\">Actualmente, son 30 ni\u00f1os y ni\u00f1as que conviven con alg\u00fan tipo de c\u00e1ncer infantil en Ays\u00e9n. De ellos, 14 son atendidos regularmente en la Red Asistencial.<\/p>\n<p style=\"font-weight: 400; text-align: justify;\">Por eso cobra relevancia la conmemoraci\u00f3n del D\u00eda Internacional del C\u00e1ncer Infantil, una fecha que recuerda la importancia del diagn\u00f3stico temprano, la detecci\u00f3n precoz y las medidas de prevenci\u00f3n y promoci\u00f3n de estilos de vida saludables, que permitan disminuir la prevalencia de esta enfermedad.<\/p>\n<p style=\"font-weight: 400; text-align: justify;\">De este modo, en el Servicio de Salud Ays\u00e9n (SSA) se realiz\u00f3 un punto de prensa que cont\u00f3 con la participaci\u00f3n de la Corporaci\u00f3n Onco Ays\u00e9n, organizaci\u00f3n que ha liderado la lucha contra el c\u00e1ncer y que ha mantenido un trabajo colaborativo con las instituciones p\u00fablicas.<\/p>\n<p style=\"font-weight: 400; text-align: justify;\">En ese sentido, Valeria Galaz, vicepresidenta de esta entidad, manifest\u00f3 su preocupaci\u00f3n por la falta de especialistas y tratamientos oncol\u00f3gicos, aunque reconoci\u00f3 el trabajo mancomunado con el SSA. Sin embargo, esta situaci\u00f3n obliga a trasladar a los ni\u00f1os y ni\u00f1as a otros puntos del pa\u00eds que son centros de referencia para la enfermedad.<\/p>\n<p style=\"font-weight: 400; text-align: justify;\">\u201cNuestra corporaci\u00f3n Onco Ays\u00e9n se encuentra trabajando con la Corporaci\u00f3n Onco Sur de Valdivia. Ellos nos apoyan permanentemente a nosotros, a nuestros ni\u00f1os y a nuestras familias. Junto al Servicio de Salud hemos realizado un trabajo colaborativo para llegar con la informaci\u00f3n a la comunidad, sobre la sintomatolog\u00eda del c\u00e1ncer infantil. Necesitamos llegar a tiempo, para identificar la cruel enfermedad que afecta a ni\u00f1os y sus familias\u201d, enfatiz\u00f3 Galaz.<\/p>\n<p style=\"font-weight: 400; text-align: justify;\">Este trabajo con la Corporaci\u00f3n ha permitido un flujo e informaci\u00f3n constante, que facilite mejorar la pesquisa y tratamientos oportunos, a la par de medidas tales como el desarrollo de una soluci\u00f3n para contar con una Central de Mezclas, que permita eliminar el riesgo de las personas que se someten a tratamiento de quimioterapia, de que sus preparados no lleguen a la regi\u00f3n por dificultades clim\u00e1ticas y de conectividad.<\/p>\n<p style=\"font-weight: 400; text-align: justify;\">\u201cComo servicio estamos apostando a que el nuevo hospital regional cuente con todos los tipos de prestaciones para que se puedan atender este tipo de patolog\u00edas, con medicina nuclear y todos los tipos de atenciones que requerir\u00edan para que los ni\u00f1os puedan ser atendidos en nuestra regi\u00f3n\u201d, manifest\u00f3 Mauricio Cort\u00e9s Molina, director (S) del Servicio de Salud Ays\u00e9n.<\/p>\n<p style=\"font-weight: 400; text-align: justify;\">En paralelo, el SSA se encuentra trabajando con la Corporaci\u00f3n Onco Ays\u00e9n, para mejorar las prestaciones que se hacen en el ex Hotel Los \u00d1ires. \u201cLas dependencias y box quedaron peque\u00f1as, pero ya tenemos un proyecto para en el corto plazo, de aqu\u00ed al primer semestre de 2026, podamos contar con una soluci\u00f3n modular de oncolog\u00eda para tener mayores adecuaciones en las instalaciones, tenemos proyectado el doble de lo que hay actualmente, unos 540 metros cuadrados y obviamente crecer en especialistas para atender de mejor manera\u201d, explic\u00f3 el director subrogante del SSA.<\/p>\n<p style=\"font-weight: 400; text-align: justify;\"><strong>Proceso de atenci\u00f3n asistencial ante sospecha de c\u00e1ncer infantil<\/strong><\/p>\n<p style=\"font-weight: 400; text-align: justify;\">Ante la sospecha de que un ni\u00f1o, ni\u00f1a o adolescente (14 a\u00f1os, 11 meses y 29 d\u00edas) pudiera tener alguna enfermedad oncol\u00f3gica, la profesional Pamela Aguirre Sep\u00falveda, Coordinadora de la Red Oncol\u00f3gica del SSA, detall\u00f3 las etapas o los pasos para un seguimiento.<\/p>\n<p style=\"font-weight: 400; text-align: justify;\">En caso de sospecha se debe consultar en el establecimiento m\u00e1s cercano al domicilio, CESFAM, CESCOF o Postas de Salud Rural y de ser necesario en el Servicio de Urgencia del Hospital Coyhaique.<\/p>\n<p style=\"font-weight: 400; text-align: justify;\">\u201cEn caso de sospecha el m\u00e9dico que atiende al usuario realizar\u00e1 una interconsulta al policl\u00ednico de especialidades del hospital regional Coyhaique, en donde se le realizar\u00e1 un llamado, una contactabilidad de forma inmediata o con prioridad. Luego de ello se atender\u00e1 en el servicio de policl\u00ednico de especialidades de hemato-oncolog\u00eda del hospital Coyhaique, donde el pediatra les solicitar\u00e1 ex\u00e1menes complementarios y si sospecha de un c\u00e1ncer real este pediatra realizar\u00e1 el resumen de traslado para un centro de referencia, que son Puerto Montt, Santiago o Valdivia\u201d, dijo Aguirre.<\/p>\n<p style=\"font-weight: 400; text-align: justify;\">Es importante destacar que, el pasado 4 de febrero, en el marco del D\u00eda Mundial Contra el C\u00e1ncer, la Red Asistencial de la regi\u00f3n inform\u00f3 a la comunidad, a trav\u00e9s de sus plataformas digitales, sobre el paso a paso a seguir en caso de sospecha de C\u00e1ncer de Mama y C\u00e1ncer Cervicouterino.<\/p>\n<p style=\"font-weight: 400; text-align: justify;\">El Servicio de Salud desde la Atenci\u00f3n Primaria, ha fortalecido los ex\u00e1menes de medicina preventiva y el acceso a otros como la mamograf\u00eda, la endoscop\u00eda digestiva y el PAP para pesquisas tempranas de la enfermedad, lo que se relaciona con el paso a paso ante la duda de tener una enfermedad oncol\u00f3gica.<\/p>\n<p style=\"font-weight: 400; text-align: justify;\">Respecto al flujo de atenci\u00f3n Jacqueline Hern\u00e1ndez, madre de una ni\u00f1a que se encuentra en pleno seguimiento tras el diagn\u00f3stico de c\u00e1ncer recomienda mantener una dieta saludable y estar atentos a los cambios que se originan en ni\u00f1os y ni\u00f1as. A su vez alent\u00f3 a que los paso a paso en la pesquisa de un c\u00e1ncer se realicen de manera r\u00e1pida. \u201cQue no se pierda mucho tiempo entre los pasos, que pueden ser meses, porque entre pedir la atenci\u00f3n, los ex\u00e1menes y la demora en los resultados, es tiempo. Entonces los paso a paso son importantes, pero tambi\u00e9n es el tiempo que va a durar\u201d, expres\u00f3.<\/p>\n<\/div><\/section><\/div><div  style='height:50px' class='hr hr-invisible   avia-builder-el-6  el_after_av_one_full  el_before_av_social_share '><span class='hr-inner ' ><span class='hr-inner-style'><\/span><\/span><\/div><\/p>\n<div  class='av-social-sharing-box  avia-builder-el-7  el_after_av_hr  el_before_av_hr  '><div class='av-share-box'><h5 class='av-share-link-description av-no-toc '>Compartir esta noticia<\/h5><ul class='av-share-box-list noLightbox'><li class='av-share-link av-social-link-facebook' ><a target=\"_blank\" aria-label=\"Compartir en Facebook\" href='https:\/\/www.facebook.com\/sharer.php?u=https:\/\/radiorevelacionfm.cl\/?p=50614&#038;t=En%20D%C3%ADa%20Internacional%20del%20C%C3%A1ncer%20Infantil%20Red%20Asistencial%20Ays%C3%A9n%20refuerza%20el%20trabajo%20colaborativo%20y%20actualiza%20medidas%20para%20mejorar%20atenci%C3%B3n' aria-hidden='false' data-av_icon='\ue8f3' data-av_iconfont='entypo-fontello' title='' data-avia-related-tooltip='Compartir en Facebook' rel=\"noopener\"><span class='avia_hidden_link_text'>Compartir en Facebook<\/span><\/a><\/li><li class='av-share-link av-social-link-twitter' ><a target=\"_blank\" aria-label=\"Compartir en Twitter\" href='https:\/\/twitter.com\/share?text=En%20D%C3%ADa%20Internacional%20del%20C%C3%A1ncer%20Infantil%20Red%20Asistencial%20Ays%C3%A9n%20refuerza%20el%20trabajo%20colaborativo%20y%20actualiza%20medidas%20para%20mejorar%20atenci%C3%B3n&#038;url=https:\/\/radiorevelacionfm.cl\/?p=50614' aria-hidden='false' data-av_icon='\ue8f1' data-av_iconfont='entypo-fontello' title='' data-avia-related-tooltip='Compartir en Twitter' rel=\"noopener\"><span class='avia_hidden_link_text'>Compartir en Twitter<\/span><\/a><\/li><li class='av-share-link av-social-link-whatsapp' ><a target=\"_blank\" aria-label=\"Compartir en Whatsapp\" href='https:\/\/api.whatsapp.com\/send?text=https:\/\/radiorevelacionfm.cl\/?p=50614' aria-hidden='false' data-av_icon='\uf232' data-av_iconfont='entypo-fontello' title='' data-avia-related-tooltip='Compartir en Whatsapp' rel=\"noopener\"><span class='avia_hidden_link_text'>Compartir en Whatsapp<\/span><\/a><\/li><li class='av-share-link av-social-link-linkedin' ><a target=\"_blank\" aria-label=\"Compartir en LinkedIn\" href='https:\/\/linkedin.com\/shareArticle?mini=true&#038;title=En%20D%C3%ADa%20Internacional%20del%20C%C3%A1ncer%20Infantil%20Red%20Asistencial%20Ays%C3%A9n%20refuerza%20el%20trabajo%20colaborativo%20y%20actualiza%20medidas%20para%20mejorar%20atenci%C3%B3n&#038;url=https:\/\/radiorevelacionfm.cl\/?p=50614' aria-hidden='false' data-av_icon='\ue8fc' data-av_iconfont='entypo-fontello' title='' data-avia-related-tooltip='Compartir en LinkedIn' rel=\"noopener\"><span class='avia_hidden_link_text'>Compartir en LinkedIn<\/span><\/a><\/li><li class='av-share-link av-social-link-mail' ><a  aria-label=\"Compartir por correo\" href='mailto:?subject=En%20D%C3%ADa%20Internacional%20del%20C%C3%A1ncer%20Infantil%20Red%20Asistencial%20Ays%C3%A9n%20refuerza%20el%20trabajo%20colaborativo%20y%20actualiza%20medidas%20para%20mejorar%20atenci%C3%B3n&#038;body=https:\/\/radiorevelacionfm.cl\/?p=50614' aria-hidden='false' data-av_icon='\ue805' data-av_iconfont='entypo-fontello' title='' data-avia-related-tooltip='Compartir por correo'><span class='avia_hidden_link_text'>Compartir por correo<\/span><\/a><\/li><\/ul><\/div><\/div>\n<div  style='height:50px' class='hr hr-invisible   avia-builder-el-8  el_after_av_social_share  el_before_av_comments_list '><span class='hr-inner ' ><span class='hr-inner-style'><\/span><\/span><\/div>\n<div  class='av-buildercomment  av-blog-meta-html-info-disabled av-blog-meta-tag-disabled  '><\/div>\n","protected":false},"excerpt":{"rendered":"","protected":false},"author":1,"featured_media":50615,"comment_status":"open","ping_status":"open","sticky":false,"template":"","format":"standard","meta":{"footnotes":""},"categories":[46],"tags":[],"class_list":["post-50614","post","type-post","status-publish","format-standard","has-post-thumbnail","hentry","category-salud"],"jetpack_featured_media_url":"https:\/\/radiorevelacionfm.cl\/wp-content\/uploads\/2025\/02\/cancer-infantil-1-1-1.jpeg","_links":{"self":[{"href":"https:\/\/radiorevelacionfm.cl\/index.php?rest_route=\/wp\/v2\/posts\/50614","targetHints":{"allow":["GET"]}}],"collection":[{"href":"https:\/\/radiorevelacionfm.cl\/index.php?rest_route=\/wp\/v2\/posts"}],"about":[{"href":"https:\/\/radiorevelacionfm.cl\/index.php?rest_route=\/wp\/v2\/types\/post"}],"author":[{"embeddable":true,"href":"https:\/\/radiorevelacionfm.cl\/index.php?rest_route=\/wp\/v2\/users\/1"}],"replies":[{"embeddable":true,"href":"https:\/\/radiorevelacionfm.cl\/index.php?rest_route=%2Fwp%2Fv2%2Fcomments&post=50614"}],"version-history":[{"count":1,"href":"https:\/\/radiorevelacionfm.cl\/index.php?rest_route=\/wp\/v2\/posts\/50614\/revisions"}],"predecessor-version":[{"id":50616,"href":"https:\/\/radiorevelacionfm.cl\/index.php?rest_route=\/wp\/v2\/posts\/50614\/revisions\/50616"}],"wp:featuredmedia":[{"embeddable":true,"href":"https:\/\/radiorevelacionfm.cl\/index.php?rest_route=\/wp\/v2\/media\/50615"}],"wp:attachment":[{"href":"https:\/\/radiorevelacionfm.cl\/index.php?rest_route=%2Fwp%2Fv2%2Fmedia&parent=50614"}],"wp:term":[{"taxonomy":"category","embeddable":true,"href":"https:\/\/radiorevelacionfm.cl\/index.php?rest_route=%2Fwp%2Fv2%2Fcategories&post=50614"},{"taxonomy":"post_tag","embeddable":true,"href":"https:\/\/radiorevelacionfm.cl\/index.php?rest_route=%2Fwp%2Fv2%2Ftags&post=50614"}],"curies":[{"name":"wp","href":"https:\/\/api.w.org\/{rel}","templated":true}]}}