{"id":50611,"date":"2025-02-14T17:03:19","date_gmt":"2025-02-14T20:03:19","guid":{"rendered":"https:\/\/radiorevelacionfm.cl\/?p=50611"},"modified":"2025-02-14T17:03:19","modified_gmt":"2025-02-14T20:03:19","slug":"edelaysen-apoya-a-la-comunidad-que-lleva-adelante-el-comedor-solidario-de-puerto-aysen","status":"publish","type":"post","link":"https:\/\/radiorevelacionfm.cl\/?p=50611","title":{"rendered":"Edelaysen apoya a la comunidad que lleva adelante el Comedor Solidario de Puerto Ays\u00e9n"},"content":{"rendered":"<div class=\"flex_column av_one_full  flex_column_div av-zero-column-padding first  avia-builder-el-0  el_before_av_one_full  avia-builder-el-first  \" style='border-radius:0px; '><div  class='avia-image-container  av-styling-    avia-builder-el-1  avia-builder-el-no-sibling  avia-align-center '  itemprop=\"image\" itemscope=\"itemscope\" itemtype=\"https:\/\/schema.org\/ImageObject\"  ><div class='avia-image-container-inner'><div class='avia-image-overlay-wrap'><img decoding=\"async\" class='wp-image-50612 avia-img-lazy-loading-not-50612 avia_image' src=\"https:\/\/radiorevelacionfm.cl\/wp-content\/uploads\/2025\/02\/comedor-solidario-1-1_optimized.jpg\" alt='' title='comedor-solidario-1-(1)_optimized' height=\"600\" width=\"1916\"  itemprop=\"thumbnailUrl\" srcset=\"https:\/\/radiorevelacionfm.cl\/wp-content\/uploads\/2025\/02\/comedor-solidario-1-1_optimized.jpg 1916w, https:\/\/radiorevelacionfm.cl\/wp-content\/uploads\/2025\/02\/comedor-solidario-1-1_optimized-300x94.jpg 300w, https:\/\/radiorevelacionfm.cl\/wp-content\/uploads\/2025\/02\/comedor-solidario-1-1_optimized-1030x323.jpg 1030w, https:\/\/radiorevelacionfm.cl\/wp-content\/uploads\/2025\/02\/comedor-solidario-1-1_optimized-768x241.jpg 768w, https:\/\/radiorevelacionfm.cl\/wp-content\/uploads\/2025\/02\/comedor-solidario-1-1_optimized-1536x481.jpg 1536w, https:\/\/radiorevelacionfm.cl\/wp-content\/uploads\/2025\/02\/comedor-solidario-1-1_optimized-1500x470.jpg 1500w, https:\/\/radiorevelacionfm.cl\/wp-content\/uploads\/2025\/02\/comedor-solidario-1-1_optimized-705x221.jpg 705w, https:\/\/radiorevelacionfm.cl\/wp-content\/uploads\/2025\/02\/comedor-solidario-1-1_optimized-450x141.jpg 450w, https:\/\/radiorevelacionfm.cl\/wp-content\/uploads\/2025\/02\/comedor-solidario-1-1_optimized-600x188.jpg 600w\" sizes=\"(max-width: 1916px) 100vw, 1916px\" \/><\/div><\/div><\/div><\/div><div class=\"flex_column av_one_full  flex_column_div av-zero-column-padding first  avia-builder-el-2  el_after_av_one_full  el_before_av_one_full  column-top-margin\" style='border-radius:0px; '><section class=\"av_textblock_section \"  itemscope=\"itemscope\" itemtype=\"https:\/\/schema.org\/BlogPosting\" itemprop=\"blogPost\" ><div class='avia_textblock  '   itemprop=\"text\" ><p style=\"text-align: center;\"><strong><span style=\"font-size: 18pt;\">Edelaysen apoya a la comunidad que lleva adelante el Comedor Solidario de Puerto Ays\u00e9n<\/span><\/strong><\/p>\n<div id=\"gtx-trans\" style=\"position: absolute; left: -50px; top: 4.31534px;\">\n<div class=\"gtx-trans-icon\"><\/div>\n<\/div>\n<\/div><\/section><\/div><div class=\"flex_column av_one_full  flex_column_div av-zero-column-padding first  avia-builder-el-4  el_after_av_one_full  el_before_av_hr  column-top-margin\" style='border-radius:0px; '><section class=\"av_textblock_section \"  itemscope=\"itemscope\" itemtype=\"https:\/\/schema.org\/BlogPosting\" itemprop=\"blogPost\" ><div class='avia_textblock  '   itemprop=\"text\" ><p style=\"text-align: justify;\">Como parte de su compromiso con la comunidad, Edelaysen contin\u00faa trabajando junto al Comedor Solidario de Puerto Ays\u00e9n, apoyando su labor y fortaleciendo la relaci\u00f3n con sus dirigentes y voluntarios.<\/p>\n<p style=\"text-align: justify;\">Desde hace alg\u00fan tiempo que Edelaysen ha colaborado con el comedor, que cumple un rol fundamental en la entrega de alimentaci\u00f3n a vecinos que m\u00e1s lo necesitan. En esta oportunidad, la el\u00e9ctrica reafirm\u00f3 su compromiso con la iniciativa, adelantando que una vez que la agrupaci\u00f3n junto a la Municipalidad de Ays\u00e9n concrete la construcci\u00f3n de su sede, la empresa gestionar\u00e1 la conexi\u00f3n el\u00e9ctrica a trav\u00e9s del programa \u201cConecta tu sede\u201d.<\/p>\n<p style=\"text-align: justify;\">Desde la el\u00e9ctrica destacaron la importancia de seguir apoyando a las organizaciones sociales y mantener una comunicaci\u00f3n cercana con la comunidad. \u201cHemos trabajado junto al Comedor Solidario de Puerto Ays\u00e9n desde hace alg\u00fan tiempo, conociendo de cerca su esfuerzo y el impacto que genera en la comunidad, sobre todo de quienes m\u00e1s lo necesitan. Es por ello, que estamos comprometidos a seguir colaborando y, una vez logren concretar el anhelo de contar con un espacio propio, gestionaremos la conexi\u00f3n del lugar\u201d, se\u00f1al\u00f3 Francisco Pavez, ejecutivo de Edelaysen.<\/p>\n<p style=\"text-align: justify;\">Por su parte, \u00c1ngela Ruiz, presidenta de la Agrupaci\u00f3n Social, Cultural y Solidaria Ays\u00e9n, valor\u00f3 el apoyo agregando qu\u00e9: \u201cPara nosotros es muy importante contar con apoyo para seguir funcionando y llegar a m\u00e1s personas que lo necesitan. Llevamos trabajando ya varios a\u00f1os con Edelaysen, y el compromiso adquirido con la empresa hace que trabajemos de manera permanente entregando ayudas alimentarias a las familias vulnerables. Otro de los compromisos que logramos establecer es que una vez que se construya una sede social para este comedor, poder electrificarlo con el apoyo de la empresa, as\u00ed que eso nos tiene m\u00e1s contentos todav\u00eda. Lograr el compromiso constante con las empresas para ir en apoyo social hacia la comunidad es lo que engrandece a las personas en nuestra ciudad. As\u00ed que estamos contentos con el apoyo brindado y esperamos seguir trabajando junto a Edelaysen\u201d.<\/p>\n<p style=\"text-align: justify;\">Con el objetivo de continuar con esta iniciativa y fortalecer la red de apoyo del comedor, la organizaci\u00f3n convoc\u00f3 a una reuni\u00f3n con empresas, instituciones p\u00fablicas y autoridades parlamentarias, donde expuso sus necesidades y solicit\u00f3 respaldo para la concreci\u00f3n de su futura sede.<\/p>\n<p style=\"text-align: justify;\">Desde Edelaysen reiteraron su disposici\u00f3n a seguir colaborando con la comunidad, valorando la instancia ofrecida por el Comedor Solidario como una oportunidad destacable para coordinar esfuerzos en beneficio de quienes m\u00e1s lo necesitan dentro de la comuna de Ays\u00e9n.<\/p>\n<\/div><\/section><\/div><div  style='height:50px' class='hr hr-invisible   avia-builder-el-6  el_after_av_one_full  el_before_av_social_share '><span class='hr-inner ' ><span class='hr-inner-style'><\/span><\/span><\/div><\/p>\n<div  class='av-social-sharing-box  avia-builder-el-7  el_after_av_hr  el_before_av_hr  '><div class='av-share-box'><h5 class='av-share-link-description av-no-toc '>Compartir esta noticia<\/h5><ul class='av-share-box-list noLightbox'><li class='av-share-link av-social-link-facebook' ><a target=\"_blank\" aria-label=\"Compartir en Facebook\" href='https:\/\/www.facebook.com\/sharer.php?u=https:\/\/radiorevelacionfm.cl\/?p=50611&#038;t=Edelaysen%20apoya%20a%20la%20comunidad%20que%20lleva%20adelante%20el%20Comedor%20Solidario%20de%20Puerto%20Ays%C3%A9n' aria-hidden='false' data-av_icon='\ue8f3' data-av_iconfont='entypo-fontello' title='' data-avia-related-tooltip='Compartir en Facebook' rel=\"noopener\"><span class='avia_hidden_link_text'>Compartir en Facebook<\/span><\/a><\/li><li class='av-share-link av-social-link-twitter' ><a target=\"_blank\" aria-label=\"Compartir en Twitter\" href='https:\/\/twitter.com\/share?text=Edelaysen%20apoya%20a%20la%20comunidad%20que%20lleva%20adelante%20el%20Comedor%20Solidario%20de%20Puerto%20Ays%C3%A9n&#038;url=https:\/\/radiorevelacionfm.cl\/?p=50611' aria-hidden='false' data-av_icon='\ue8f1' data-av_iconfont='entypo-fontello' title='' data-avia-related-tooltip='Compartir en Twitter' rel=\"noopener\"><span class='avia_hidden_link_text'>Compartir en Twitter<\/span><\/a><\/li><li class='av-share-link av-social-link-whatsapp' ><a target=\"_blank\" aria-label=\"Compartir en Whatsapp\" href='https:\/\/api.whatsapp.com\/send?text=https:\/\/radiorevelacionfm.cl\/?p=50611' aria-hidden='false' data-av_icon='\uf232' data-av_iconfont='entypo-fontello' title='' data-avia-related-tooltip='Compartir en Whatsapp' rel=\"noopener\"><span class='avia_hidden_link_text'>Compartir en Whatsapp<\/span><\/a><\/li><li class='av-share-link av-social-link-linkedin' ><a target=\"_blank\" aria-label=\"Compartir en LinkedIn\" href='https:\/\/linkedin.com\/shareArticle?mini=true&#038;title=Edelaysen%20apoya%20a%20la%20comunidad%20que%20lleva%20adelante%20el%20Comedor%20Solidario%20de%20Puerto%20Ays%C3%A9n&#038;url=https:\/\/radiorevelacionfm.cl\/?p=50611' aria-hidden='false' data-av_icon='\ue8fc' data-av_iconfont='entypo-fontello' title='' data-avia-related-tooltip='Compartir en LinkedIn' rel=\"noopener\"><span class='avia_hidden_link_text'>Compartir en LinkedIn<\/span><\/a><\/li><li class='av-share-link av-social-link-mail' ><a  aria-label=\"Compartir por correo\" href='mailto:?subject=Edelaysen%20apoya%20a%20la%20comunidad%20que%20lleva%20adelante%20el%20Comedor%20Solidario%20de%20Puerto%20Ays%C3%A9n&#038;body=https:\/\/radiorevelacionfm.cl\/?p=50611' aria-hidden='false' data-av_icon='\ue805' data-av_iconfont='entypo-fontello' title='' data-avia-related-tooltip='Compartir por correo'><span class='avia_hidden_link_text'>Compartir por correo<\/span><\/a><\/li><\/ul><\/div><\/div>\n<div  style='height:50px' class='hr hr-invisible   avia-builder-el-8  el_after_av_social_share  el_before_av_comments_list '><span class='hr-inner ' ><span class='hr-inner-style'><\/span><\/span><\/div>\n<div  class='av-buildercomment  av-blog-meta-html-info-disabled av-blog-meta-tag-disabled  '><\/div>\n","protected":false},"excerpt":{"rendered":"","protected":false},"author":1,"featured_media":50612,"comment_status":"open","ping_status":"open","sticky":false,"template":"","format":"standard","meta":{"footnotes":""},"categories":[38],"tags":[],"class_list":["post-50611","post","type-post","status-publish","format-standard","has-post-thumbnail","hentry","category-regional"],"jetpack_featured_media_url":"https:\/\/radiorevelacionfm.cl\/wp-content\/uploads\/2025\/02\/comedor-solidario-1-1_optimized.jpg","_links":{"self":[{"href":"https:\/\/radiorevelacionfm.cl\/index.php?rest_route=\/wp\/v2\/posts\/50611","targetHints":{"allow":["GET"]}}],"collection":[{"href":"https:\/\/radiorevelacionfm.cl\/index.php?rest_route=\/wp\/v2\/posts"}],"about":[{"href":"https:\/\/radiorevelacionfm.cl\/index.php?rest_route=\/wp\/v2\/types\/post"}],"author":[{"embeddable":true,"href":"https:\/\/radiorevelacionfm.cl\/index.php?rest_route=\/wp\/v2\/users\/1"}],"replies":[{"embeddable":true,"href":"https:\/\/radiorevelacionfm.cl\/index.php?rest_route=%2Fwp%2Fv2%2Fcomments&post=50611"}],"version-history":[{"count":1,"href":"https:\/\/radiorevelacionfm.cl\/index.php?rest_route=\/wp\/v2\/posts\/50611\/revisions"}],"predecessor-version":[{"id":50613,"href":"https:\/\/radiorevelacionfm.cl\/index.php?rest_route=\/wp\/v2\/posts\/50611\/revisions\/50613"}],"wp:featuredmedia":[{"embeddable":true,"href":"https:\/\/radiorevelacionfm.cl\/index.php?rest_route=\/wp\/v2\/media\/50612"}],"wp:attachment":[{"href":"https:\/\/radiorevelacionfm.cl\/index.php?rest_route=%2Fwp%2Fv2%2Fmedia&parent=50611"}],"wp:term":[{"taxonomy":"category","embeddable":true,"href":"https:\/\/radiorevelacionfm.cl\/index.php?rest_route=%2Fwp%2Fv2%2Fcategories&post=50611"},{"taxonomy":"post_tag","embeddable":true,"href":"https:\/\/radiorevelacionfm.cl\/index.php?rest_route=%2Fwp%2Fv2%2Ftags&post=50611"}],"curies":[{"name":"wp","href":"https:\/\/api.w.org\/{rel}","templated":true}]}}