{"id":50607,"date":"2025-02-14T14:45:58","date_gmt":"2025-02-14T17:45:58","guid":{"rendered":"https:\/\/radiorevelacionfm.cl\/?p=50607"},"modified":"2025-02-14T14:45:58","modified_gmt":"2025-02-14T17:45:58","slug":"en-puerto-aysen-se-constituyo-apaca-agrupacion-de-pacientes-cardiacos-aysen","status":"publish","type":"post","link":"https:\/\/radiorevelacionfm.cl\/?p=50607","title":{"rendered":"En Puerto Ays\u00e9n se constituy\u00f3 \u201cAPACA\u201d, Agrupaci\u00f3n de Pacientes Cardiacos Ays\u00e9n"},"content":{"rendered":"<div class=\"flex_column av_one_full  flex_column_div av-zero-column-padding first  avia-builder-el-0  el_before_av_one_full  avia-builder-el-first  \" style='border-radius:0px; '><div  class='avia-image-container  av-styling-    avia-builder-el-1  avia-builder-el-no-sibling  avia-align-center '  itemprop=\"image\" itemscope=\"itemscope\" itemtype=\"https:\/\/schema.org\/ImageObject\"  ><div class='avia-image-container-inner'><div class='avia-image-overlay-wrap'><img decoding=\"async\" class='wp-image-50609 avia-img-lazy-loading-not-50609 avia_image' src=\"https:\/\/radiorevelacionfm.cl\/wp-content\/uploads\/2025\/02\/apaca-1-1-1_optimized-1-1.jpg\" alt='' title='apaca-1-(1)-(1)_optimized (1) (1)' height=\"600\" width=\"1067\"  itemprop=\"thumbnailUrl\" srcset=\"https:\/\/radiorevelacionfm.cl\/wp-content\/uploads\/2025\/02\/apaca-1-1-1_optimized-1-1.jpg 1067w, https:\/\/radiorevelacionfm.cl\/wp-content\/uploads\/2025\/02\/apaca-1-1-1_optimized-1-1-300x169.jpg 300w, https:\/\/radiorevelacionfm.cl\/wp-content\/uploads\/2025\/02\/apaca-1-1-1_optimized-1-1-1030x579.jpg 1030w, https:\/\/radiorevelacionfm.cl\/wp-content\/uploads\/2025\/02\/apaca-1-1-1_optimized-1-1-768x432.jpg 768w, https:\/\/radiorevelacionfm.cl\/wp-content\/uploads\/2025\/02\/apaca-1-1-1_optimized-1-1-705x396.jpg 705w, https:\/\/radiorevelacionfm.cl\/wp-content\/uploads\/2025\/02\/apaca-1-1-1_optimized-1-1-450x253.jpg 450w, https:\/\/radiorevelacionfm.cl\/wp-content\/uploads\/2025\/02\/apaca-1-1-1_optimized-1-1-600x337.jpg 600w\" sizes=\"(max-width: 1067px) 100vw, 1067px\" \/><\/div><\/div><\/div><\/div><div class=\"flex_column av_one_full  flex_column_div av-zero-column-padding first  avia-builder-el-2  el_after_av_one_full  el_before_av_one_full  column-top-margin\" style='border-radius:0px; '><section class=\"av_textblock_section \"  itemscope=\"itemscope\" itemtype=\"https:\/\/schema.org\/BlogPosting\" itemprop=\"blogPost\" ><div class='avia_textblock  '   itemprop=\"text\" ><p style=\"text-align: center;\"><strong><span style=\"font-size: 18pt;\">En Puerto Ays\u00e9n se constituy\u00f3 \u201cAPACA\u201d, Agrupaci\u00f3n de Pacientes Cardiacos Ays\u00e9n<\/span><\/strong><\/p>\n<div id=\"gtx-trans\" style=\"position: absolute; left: -50px; top: 4.31534px;\">\n<div class=\"gtx-trans-icon\"><\/div>\n<\/div>\n<\/div><\/section><\/div><div class=\"flex_column av_one_full  flex_column_div av-zero-column-padding first  avia-builder-el-4  el_after_av_one_full  el_before_av_hr  column-top-margin\" style='border-radius:0px; '><section class=\"av_textblock_section \"  itemscope=\"itemscope\" itemtype=\"https:\/\/schema.org\/BlogPosting\" itemprop=\"blogPost\" ><div class='avia_textblock  '   itemprop=\"text\" ><p style=\"text-align: justify;\">M\u00e1s de 30 son los socios que fueron parte en la constituci\u00f3n de una nueva organizaci\u00f3n en Puerto Ays\u00e9n, se trata de APACA, Agrupaci\u00f3n de Pacientes Cardiacos Ays\u00e9n, entidad que ya ven\u00eda trabajando hace algunos meses en la preparaci\u00f3n de este importante paso, que cont\u00f3 con dos funcionarias del municipio, quienes actuaron como ministras fe y entregaron algunas recomendaciones a los dirigentes y sus socios, para el buen funcionamiento de la organizaci\u00f3n.<\/p>\n<p style=\"text-align: justify;\">Cecilia Chand\u00eda Silva, es la presidenta quien no pudo ocultar su alegr\u00eda y emoci\u00f3n al lograr avanzar en la formalizaci\u00f3n de APACA, \u201cs\u00ed, muy emocionada, muy feliz porque nos cost\u00f3 mucho que la comunidad, la gente creyera en nosotros, que viera de que esto no es solo para un grupo, sino que para todos, para toda la comunidad porque eso es lo que esperamos, que hayan cambios dentro del hospital que podamos nosotros ser la voz y la cara visible para las autoridades y pedirles que nosotros como como ciudad queremos cambios, queremos cambios, cambios buenos, cambios positivos y es ese es nuestro objetivo\u201d.<\/p>\n<p style=\"text-align: justify;\">Uno de los principales objetivos de esta nueva organizaci\u00f3n, es que, en Puerto Ays\u00e9n exista un cardi\u00f3logo, pero no solo el especialista, sino que tambi\u00e9n, su equipo de trabajo y los elementos que requiere para una atenci\u00f3n como corresponde, a\u00f1adi\u00f3 Chand\u00eda.<\/p>\n<p style=\"text-align: justify;\">\u201cEstamos peleando por tener un cardi\u00f3logo y por tener los implementos, los equipos que se necesita. En Coyhaique ya est\u00e1n m\u00e1s adelantados que nosotros, porque el cardi\u00f3logo que les llega a ellos es especialista en hemodinamia, ya est\u00e1n construyendo una sala para hemodinamia, lo que nos gustar\u00eda mucho que ac\u00e1 tambi\u00e9n lo tuvi\u00e9ramos. Ac\u00e1 nosotros tenemos el electrocardiograma, tenemos el ec\u00f3grafo, necesitamos el test de esfuerzo, para que el cardi\u00f3logo tenga sus implementos, para que para que pueda trabajar, como as\u00ed tambi\u00e9n, se requiere el famoso y tan anhelado esc\u00e1ner que todos est\u00e1n peleando\u201d.<\/p>\n<p style=\"text-align: justify;\">La presidenta de la nueva Agrupaci\u00f3n de Pacientes Cardiacos Ays\u00e9n, Cecilia Chand\u00eda, dijo tambi\u00e9n que, ya han sostenido reuniones con algunas autoridades de salud, de quienes esperar cumplan los compromisos asumidos y con otras autoridades que debieran respaldar los principales objetivos de APACA.<\/p>\n<p style=\"text-align: justify;\">Por \u00faltimo, la dirigenta hizo un llamado a todas las personas que quieran sumarse a la organizaci\u00f3n, \u201cllamamos a la gente, nosotros sabemos que hay mucho m\u00e1s, que se acerquen a nosotros porque estamos peleando, estamos luchando y s\u00e9 que vamos a ir adelante y ya hemos logrado cositas, que son chiquititas pero muy importantes\u201d.<\/p>\n<\/div><\/section><\/div><div  style='height:50px' class='hr hr-invisible   avia-builder-el-6  el_after_av_one_full  el_before_av_social_share '><span class='hr-inner ' ><span class='hr-inner-style'><\/span><\/span><\/div><\/p>\n<div  class='av-social-sharing-box  avia-builder-el-7  el_after_av_hr  el_before_av_hr  '><div class='av-share-box'><h5 class='av-share-link-description av-no-toc '>Compartir esta noticia<\/h5><ul class='av-share-box-list noLightbox'><li class='av-share-link av-social-link-facebook' ><a target=\"_blank\" aria-label=\"Compartir en Facebook\" href='https:\/\/www.facebook.com\/sharer.php?u=https:\/\/radiorevelacionfm.cl\/?p=50607&#038;t=En%20Puerto%20Ays%C3%A9n%20se%20constituy%C3%B3%20%E2%80%9CAPACA%E2%80%9D%2C%20Agrupaci%C3%B3n%20de%20Pacientes%20Cardiacos%20Ays%C3%A9n' aria-hidden='false' data-av_icon='\ue8f3' data-av_iconfont='entypo-fontello' title='' data-avia-related-tooltip='Compartir en Facebook' rel=\"noopener\"><span class='avia_hidden_link_text'>Compartir en Facebook<\/span><\/a><\/li><li class='av-share-link av-social-link-twitter' ><a target=\"_blank\" aria-label=\"Compartir en Twitter\" href='https:\/\/twitter.com\/share?text=En%20Puerto%20Ays%C3%A9n%20se%20constituy%C3%B3%20%E2%80%9CAPACA%E2%80%9D%2C%20Agrupaci%C3%B3n%20de%20Pacientes%20Cardiacos%20Ays%C3%A9n&#038;url=https:\/\/radiorevelacionfm.cl\/?p=50607' aria-hidden='false' data-av_icon='\ue8f1' data-av_iconfont='entypo-fontello' title='' data-avia-related-tooltip='Compartir en Twitter' rel=\"noopener\"><span class='avia_hidden_link_text'>Compartir en Twitter<\/span><\/a><\/li><li class='av-share-link av-social-link-whatsapp' ><a target=\"_blank\" aria-label=\"Compartir en Whatsapp\" href='https:\/\/api.whatsapp.com\/send?text=https:\/\/radiorevelacionfm.cl\/?p=50607' aria-hidden='false' data-av_icon='\uf232' data-av_iconfont='entypo-fontello' title='' data-avia-related-tooltip='Compartir en Whatsapp' rel=\"noopener\"><span class='avia_hidden_link_text'>Compartir en Whatsapp<\/span><\/a><\/li><li class='av-share-link av-social-link-linkedin' ><a target=\"_blank\" aria-label=\"Compartir en LinkedIn\" href='https:\/\/linkedin.com\/shareArticle?mini=true&#038;title=En%20Puerto%20Ays%C3%A9n%20se%20constituy%C3%B3%20%E2%80%9CAPACA%E2%80%9D%2C%20Agrupaci%C3%B3n%20de%20Pacientes%20Cardiacos%20Ays%C3%A9n&#038;url=https:\/\/radiorevelacionfm.cl\/?p=50607' aria-hidden='false' data-av_icon='\ue8fc' data-av_iconfont='entypo-fontello' title='' data-avia-related-tooltip='Compartir en LinkedIn' rel=\"noopener\"><span class='avia_hidden_link_text'>Compartir en LinkedIn<\/span><\/a><\/li><li class='av-share-link av-social-link-mail' ><a  aria-label=\"Compartir por correo\" href='mailto:?subject=En%20Puerto%20Ays%C3%A9n%20se%20constituy%C3%B3%20%E2%80%9CAPACA%E2%80%9D%2C%20Agrupaci%C3%B3n%20de%20Pacientes%20Cardiacos%20Ays%C3%A9n&#038;body=https:\/\/radiorevelacionfm.cl\/?p=50607' aria-hidden='false' data-av_icon='\ue805' data-av_iconfont='entypo-fontello' title='' data-avia-related-tooltip='Compartir por correo'><span class='avia_hidden_link_text'>Compartir por correo<\/span><\/a><\/li><\/ul><\/div><\/div>\n<div  style='height:50px' class='hr hr-invisible   avia-builder-el-8  el_after_av_social_share  el_before_av_comments_list '><span class='hr-inner ' ><span class='hr-inner-style'><\/span><\/span><\/div>\n<div  class='av-buildercomment  av-blog-meta-html-info-disabled av-blog-meta-tag-disabled  '><\/div>\n","protected":false},"excerpt":{"rendered":"","protected":false},"author":1,"featured_media":50609,"comment_status":"open","ping_status":"open","sticky":false,"template":"","format":"standard","meta":{"footnotes":""},"categories":[38],"tags":[],"class_list":["post-50607","post","type-post","status-publish","format-standard","has-post-thumbnail","hentry","category-regional"],"jetpack_featured_media_url":"https:\/\/radiorevelacionfm.cl\/wp-content\/uploads\/2025\/02\/apaca-1-1-1_optimized-1-1.jpg","_links":{"self":[{"href":"https:\/\/radiorevelacionfm.cl\/index.php?rest_route=\/wp\/v2\/posts\/50607","targetHints":{"allow":["GET"]}}],"collection":[{"href":"https:\/\/radiorevelacionfm.cl\/index.php?rest_route=\/wp\/v2\/posts"}],"about":[{"href":"https:\/\/radiorevelacionfm.cl\/index.php?rest_route=\/wp\/v2\/types\/post"}],"author":[{"embeddable":true,"href":"https:\/\/radiorevelacionfm.cl\/index.php?rest_route=\/wp\/v2\/users\/1"}],"replies":[{"embeddable":true,"href":"https:\/\/radiorevelacionfm.cl\/index.php?rest_route=%2Fwp%2Fv2%2Fcomments&post=50607"}],"version-history":[{"count":1,"href":"https:\/\/radiorevelacionfm.cl\/index.php?rest_route=\/wp\/v2\/posts\/50607\/revisions"}],"predecessor-version":[{"id":50610,"href":"https:\/\/radiorevelacionfm.cl\/index.php?rest_route=\/wp\/v2\/posts\/50607\/revisions\/50610"}],"wp:featuredmedia":[{"embeddable":true,"href":"https:\/\/radiorevelacionfm.cl\/index.php?rest_route=\/wp\/v2\/media\/50609"}],"wp:attachment":[{"href":"https:\/\/radiorevelacionfm.cl\/index.php?rest_route=%2Fwp%2Fv2%2Fmedia&parent=50607"}],"wp:term":[{"taxonomy":"category","embeddable":true,"href":"https:\/\/radiorevelacionfm.cl\/index.php?rest_route=%2Fwp%2Fv2%2Fcategories&post=50607"},{"taxonomy":"post_tag","embeddable":true,"href":"https:\/\/radiorevelacionfm.cl\/index.php?rest_route=%2Fwp%2Fv2%2Ftags&post=50607"}],"curies":[{"name":"wp","href":"https:\/\/api.w.org\/{rel}","templated":true}]}}