{"id":50600,"date":"2025-02-14T10:25:03","date_gmt":"2025-02-14T13:25:03","guid":{"rendered":"https:\/\/radiorevelacionfm.cl\/?p=50600"},"modified":"2025-02-14T10:25:03","modified_gmt":"2025-02-14T13:25:03","slug":"gobernador-santana-el-desarrollo-turistico-de-aysen-pasa-tambien-por-mantener-nuestros-caminos-en-mejor-estado","status":"publish","type":"post","link":"https:\/\/radiorevelacionfm.cl\/?p=50600","title":{"rendered":"Gobernador Santana: \u201cEl desarrollo tur\u00edstico de Ays\u00e9n pasa tambi\u00e9n por mantener nuestros caminos en mejor estado\u201d"},"content":{"rendered":"<div class=\"flex_column av_one_full  flex_column_div av-zero-column-padding first  avia-builder-el-0  el_before_av_one_full  avia-builder-el-first  \" style='border-radius:0px; '><div  class='avia-image-container  av-styling-    avia-builder-el-1  avia-builder-el-no-sibling  avia-align-center '  itemprop=\"image\" itemscope=\"itemscope\" itemtype=\"https:\/\/schema.org\/ImageObject\"  ><div class='avia-image-container-inner'><div class='avia-image-overlay-wrap'><img decoding=\"async\" class='wp-image-50601 avia-img-lazy-loading-not-50601 avia_image' src=\"https:\/\/radiorevelacionfm.cl\/wp-content\/uploads\/2025\/02\/imagen-contexto-3-1_optimized.jpeg\" alt='' title='imagen-contexto-(3)-(1)_optimized' height=\"600\" width=\"1065\"  itemprop=\"thumbnailUrl\" srcset=\"https:\/\/radiorevelacionfm.cl\/wp-content\/uploads\/2025\/02\/imagen-contexto-3-1_optimized.jpeg 1065w, https:\/\/radiorevelacionfm.cl\/wp-content\/uploads\/2025\/02\/imagen-contexto-3-1_optimized-300x169.jpeg 300w, https:\/\/radiorevelacionfm.cl\/wp-content\/uploads\/2025\/02\/imagen-contexto-3-1_optimized-1030x580.jpeg 1030w, https:\/\/radiorevelacionfm.cl\/wp-content\/uploads\/2025\/02\/imagen-contexto-3-1_optimized-768x433.jpeg 768w, https:\/\/radiorevelacionfm.cl\/wp-content\/uploads\/2025\/02\/imagen-contexto-3-1_optimized-705x397.jpeg 705w, https:\/\/radiorevelacionfm.cl\/wp-content\/uploads\/2025\/02\/imagen-contexto-3-1_optimized-450x254.jpeg 450w, https:\/\/radiorevelacionfm.cl\/wp-content\/uploads\/2025\/02\/imagen-contexto-3-1_optimized-600x338.jpeg 600w\" sizes=\"(max-width: 1065px) 100vw, 1065px\" \/><\/div><\/div><\/div><\/div><div class=\"flex_column av_one_full  flex_column_div av-zero-column-padding first  avia-builder-el-2  el_after_av_one_full  el_before_av_one_full  column-top-margin\" style='border-radius:0px; '><section class=\"av_textblock_section \"  itemscope=\"itemscope\" itemtype=\"https:\/\/schema.org\/BlogPosting\" itemprop=\"blogPost\" ><div class='avia_textblock  '   itemprop=\"text\" ><p style=\"text-align: center;\"><strong><span style=\"font-size: 18pt;\">Gobernador Santana: \u201cEl desarrollo tur\u00edstico de Ays\u00e9n pasa tambi\u00e9n por mantener nuestros caminos en mejor estado\u201d<\/span><\/strong><\/p>\n<div id=\"gtx-trans\" style=\"position: absolute; left: -50px; top: 4.31534px;\">\n<div class=\"gtx-trans-icon\"><\/div>\n<\/div>\n<\/div><\/section><\/div><div class=\"flex_column av_one_full  flex_column_div av-zero-column-padding first  avia-builder-el-4  el_after_av_one_full  el_before_av_hr  column-top-margin\" style='border-radius:0px; '><section class=\"av_textblock_section \"  itemscope=\"itemscope\" itemtype=\"https:\/\/schema.org\/BlogPosting\" itemprop=\"blogPost\" ><div class='avia_textblock  '   itemprop=\"text\" ><p style=\"text-align: justify;\">El Gobernador Regional de Ays\u00e9n, Marcelo Santana, ha manifestado su opini\u00f3n ante el p\u00e9simo estado de los caminos de la Carretera Austral Sur, donde residentes, turistas y transportistas han sentido el deterioro de sus veh\u00edculos debido a la gran cantidad de hoyos. M\u00e1s all\u00e1 de la incomodidad, el mal estado de la ruta representa un grave riesgo de accidentes, especialmente en temporada estival, cuando el flujo de veh\u00edculos aumenta considerablemente.<\/p>\n<p style=\"text-align: justify;\">El Gobernador Santana se\u00f1ala \u201c<em>Obviamente que como comunidad regional estamos muy preocupados del estado de los caminos, durante este verano hemos sido receptores de reclamos de gremios que est\u00e1n muy preocupados. El gremio de turismo, es un gremio que vive en funci\u00f3n de c\u00f3mo est\u00e1 el estado de la conectividad, de la infraestructura p\u00fablica y obviamente creemos que el estado de los caminos en la regi\u00f3n de Ays\u00e9n afecta tremendamente al turismo, al desarrollo del turismo de la regi\u00f3n de Ays\u00e9n. Hemos estado en permanente coordinaci\u00f3n, s\u00e9 que Vialidad est\u00e1 haciendo un tremendo esfuerzo, pero la soluci\u00f3n no es pasar motoniveladora, la soluci\u00f3n es pavimentar la Carretera Austral. Nosotros le hemos dado prioridad, el proyecto n\u00famero uno en nuestro Plan de Gobierno y el Plan de Zonas Extremas, es justamente la Carretera Austral\u201d<\/em>, sentenci\u00f3.<\/p>\n<p style=\"text-align: justify;\"><strong>Preocupaci\u00f3n de autoridades y prestadores tur\u00edsticos<\/strong><\/p>\n<p style=\"text-align: justify;\">El Consejero Regional Arcadio Soto respald\u00f3 las palabras de Santana y recalc\u00f3 que el Gobierno Regional est\u00e1 disponible para aportar recursos si es necesario, pero que es responsabilidad del Ministerio de Obras P\u00fablicas garantizar la operatividad de la carretera. \u00ab<em>Nuestra Ruta 7 est\u00e1 intransitable y esto est\u00e1 afectando el desarrollo del turismo en plena temporada alta. Est\u00e1 afectando tambi\u00e9n el desplazamiento de los transportistas, de los buses y tambi\u00e9n de todos los vecinos que se est\u00e1n desplazando a los distintos puntos de la regi\u00f3n. hacemos un llamado urgente para que el MOP y Vialidad puedan entregar y puedan solucionar este problema en nuestra ruta que est\u00e1 en muy mal estado\u00bb<\/em>, afirm\u00f3.<\/p>\n<p style=\"text-align: justify;\">Desde el sector tur\u00edstico, Karla Morales, Presidenta del Gremio Todos Por Turismo AG, y prestadora de servicios en la zona, mencion\u00f3 <em>\u201cQuiero manifestar mi profunda preocupaci\u00f3n y malestar por el estado de la ruta esc\u00e9nica carretera austral sur, es impresentable el estado en que se encuentra, muchos hoyos, mucha calamina, ripio suelto, lo cual hace muy dificultoso el tr\u00e1nsito de nuestras m\u00e1quinas, tenemos fallas graves en ellas precisamente por el estado de la carretera. No puede ser que estamos tratando de levantar el destino Ays\u00e9n Patagonia como un destino de \u00e9lite, en lo posible mundial y tenemos caminos impresentables<strong>\u201d<\/strong><\/em> se\u00f1al\u00f3 la dirigente gremial.<\/p>\n<p style=\"text-align: justify;\">Por su parte, el Consejero Regional Pablo Guglielmi hizo un llamado urgente a solucionar este problema con medidas concretas y no solo diagn\u00f3sticos. <em>\u201cEstamos muy preocupados como Consejeros Regionales y en mi caso tambi\u00e9n recibiendo las sugerencias, denuncias y la preocupaci\u00f3n del mundo del turismo. Hoy d\u00eda el mundo del turismo est\u00e1 muy afectado porque es un nuevo a\u00f1o donde se repite la historia del mal manejo y adem\u00e1s la mala mantenci\u00f3n de los caminos hacia la carretera austral, se ve perjudicado el rubro del turismo porque lamentablemente el desplazarse hacia estos lugares se vuelve dificultoso y lamentablemente una mala experiencia para la gente que viene a nuestra regi\u00f3n de Ays\u00e9n y adem\u00e1s los veh\u00edculos que quedan en muy mal estado \u00ab,<\/em> indic\u00f3.<\/p>\n<p style=\"text-align: justify;\">Finalmente, el Gobernador Regional menciona que <em>\u201cel gran esfuerzo en la carretera austral se ha hecho en el tramo norte donde se lleva casi un 80% de avance, obviamente falta justamente en el sector del Queulat, pero nuestro gran d\u00e9ficit esta de Coyhaique al sur. Solamente hay un avance de 33% porque el pavimento llega hasta Cerro Castillo y del 0% de Cochrane al sur. Son estos tramos los prioritarios y los cuales nosotros estamos dando \u00e9nfasis en el Plan de Zonas Extremas, y, adem\u00e1s, la gesti\u00f3n Ministerial con los otros Gobiernos Regionales, tanto de Magallanes como de Puerto Montt, es la conexi\u00f3n con la d\u00e9cima regi\u00f3n y con la v\u00eda mar\u00edtima con la regi\u00f3n de Magallanes\u201d.<\/em><\/p>\n<p style=\"text-align: justify;\"><strong>Un problema de seguridad vial y conectividad<\/strong><\/p>\n<p style=\"text-align: justify;\">Son numerosos los accidentes de tr\u00e1nsito que ocurren diariamente, sumados a veh\u00edculos que pierden el control debido a la rotura de amortiguadores o piezas del tren delantero, triplicando el tiempo normal de recorrido en algunos tramos. Estas \u00faltimas semanas hemos sufrido muchos accidentes.<\/p>\n<p style=\"text-align: justify;\">Desde el Gobierno Regional de Ays\u00e9n insistimos en la necesidad de una estrategia de mantenci\u00f3n efectiva y permanente que responda a la realidad de la regi\u00f3n, asegurando una infraestructura adecuada para el desarrollo econ\u00f3mico, la conectividad y la seguridad de quienes transitan por una de las rutas m\u00e1s emblem\u00e1ticas de Chile.<\/p>\n<\/div><\/section><\/div><div  style='height:50px' class='hr hr-invisible   avia-builder-el-6  el_after_av_one_full  el_before_av_social_share '><span class='hr-inner ' ><span class='hr-inner-style'><\/span><\/span><\/div><\/p>\n<div  class='av-social-sharing-box  avia-builder-el-7  el_after_av_hr  el_before_av_hr  '><div class='av-share-box'><h5 class='av-share-link-description av-no-toc '>Compartir esta noticia<\/h5><ul class='av-share-box-list noLightbox'><li class='av-share-link av-social-link-facebook' ><a target=\"_blank\" aria-label=\"Compartir en Facebook\" href='https:\/\/www.facebook.com\/sharer.php?u=https:\/\/radiorevelacionfm.cl\/?p=50600&#038;t=Gobernador%20Santana%3A%20%E2%80%9CEl%20desarrollo%20tur%C3%ADstico%20de%20Ays%C3%A9n%20pasa%20tambi%C3%A9n%20por%20mantener%20nuestros%20caminos%20en%20mejor%20estado%E2%80%9D' aria-hidden='false' data-av_icon='\ue8f3' data-av_iconfont='entypo-fontello' title='' data-avia-related-tooltip='Compartir en Facebook' rel=\"noopener\"><span class='avia_hidden_link_text'>Compartir en Facebook<\/span><\/a><\/li><li class='av-share-link av-social-link-twitter' ><a target=\"_blank\" aria-label=\"Compartir en Twitter\" href='https:\/\/twitter.com\/share?text=Gobernador%20Santana%3A%20%E2%80%9CEl%20desarrollo%20tur%C3%ADstico%20de%20Ays%C3%A9n%20pasa%20tambi%C3%A9n%20por%20mantener%20nuestros%20caminos%20en%20mejor%20estado%E2%80%9D&#038;url=https:\/\/radiorevelacionfm.cl\/?p=50600' aria-hidden='false' data-av_icon='\ue8f1' data-av_iconfont='entypo-fontello' title='' data-avia-related-tooltip='Compartir en Twitter' rel=\"noopener\"><span class='avia_hidden_link_text'>Compartir en Twitter<\/span><\/a><\/li><li class='av-share-link av-social-link-whatsapp' ><a target=\"_blank\" aria-label=\"Compartir en Whatsapp\" href='https:\/\/api.whatsapp.com\/send?text=https:\/\/radiorevelacionfm.cl\/?p=50600' aria-hidden='false' data-av_icon='\uf232' data-av_iconfont='entypo-fontello' title='' data-avia-related-tooltip='Compartir en Whatsapp' rel=\"noopener\"><span class='avia_hidden_link_text'>Compartir en Whatsapp<\/span><\/a><\/li><li class='av-share-link av-social-link-linkedin' ><a target=\"_blank\" aria-label=\"Compartir en LinkedIn\" href='https:\/\/linkedin.com\/shareArticle?mini=true&#038;title=Gobernador%20Santana%3A%20%E2%80%9CEl%20desarrollo%20tur%C3%ADstico%20de%20Ays%C3%A9n%20pasa%20tambi%C3%A9n%20por%20mantener%20nuestros%20caminos%20en%20mejor%20estado%E2%80%9D&#038;url=https:\/\/radiorevelacionfm.cl\/?p=50600' aria-hidden='false' data-av_icon='\ue8fc' data-av_iconfont='entypo-fontello' title='' data-avia-related-tooltip='Compartir en LinkedIn' rel=\"noopener\"><span class='avia_hidden_link_text'>Compartir en LinkedIn<\/span><\/a><\/li><li class='av-share-link av-social-link-mail' ><a  aria-label=\"Compartir por correo\" href='mailto:?subject=Gobernador%20Santana%3A%20%E2%80%9CEl%20desarrollo%20tur%C3%ADstico%20de%20Ays%C3%A9n%20pasa%20tambi%C3%A9n%20por%20mantener%20nuestros%20caminos%20en%20mejor%20estado%E2%80%9D&#038;body=https:\/\/radiorevelacionfm.cl\/?p=50600' aria-hidden='false' data-av_icon='\ue805' data-av_iconfont='entypo-fontello' title='' data-avia-related-tooltip='Compartir por correo'><span class='avia_hidden_link_text'>Compartir por correo<\/span><\/a><\/li><\/ul><\/div><\/div>\n<div  style='height:50px' class='hr hr-invisible   avia-builder-el-8  el_after_av_social_share  el_before_av_comments_list '><span class='hr-inner ' ><span class='hr-inner-style'><\/span><\/span><\/div>\n<div  class='av-buildercomment  av-blog-meta-html-info-disabled av-blog-meta-tag-disabled  '><\/div>\n","protected":false},"excerpt":{"rendered":"","protected":false},"author":1,"featured_media":50601,"comment_status":"open","ping_status":"open","sticky":false,"template":"","format":"standard","meta":{"footnotes":""},"categories":[38],"tags":[],"class_list":["post-50600","post","type-post","status-publish","format-standard","has-post-thumbnail","hentry","category-regional"],"jetpack_featured_media_url":"https:\/\/radiorevelacionfm.cl\/wp-content\/uploads\/2025\/02\/imagen-contexto-3-1_optimized.jpeg","_links":{"self":[{"href":"https:\/\/radiorevelacionfm.cl\/index.php?rest_route=\/wp\/v2\/posts\/50600","targetHints":{"allow":["GET"]}}],"collection":[{"href":"https:\/\/radiorevelacionfm.cl\/index.php?rest_route=\/wp\/v2\/posts"}],"about":[{"href":"https:\/\/radiorevelacionfm.cl\/index.php?rest_route=\/wp\/v2\/types\/post"}],"author":[{"embeddable":true,"href":"https:\/\/radiorevelacionfm.cl\/index.php?rest_route=\/wp\/v2\/users\/1"}],"replies":[{"embeddable":true,"href":"https:\/\/radiorevelacionfm.cl\/index.php?rest_route=%2Fwp%2Fv2%2Fcomments&post=50600"}],"version-history":[{"count":1,"href":"https:\/\/radiorevelacionfm.cl\/index.php?rest_route=\/wp\/v2\/posts\/50600\/revisions"}],"predecessor-version":[{"id":50602,"href":"https:\/\/radiorevelacionfm.cl\/index.php?rest_route=\/wp\/v2\/posts\/50600\/revisions\/50602"}],"wp:featuredmedia":[{"embeddable":true,"href":"https:\/\/radiorevelacionfm.cl\/index.php?rest_route=\/wp\/v2\/media\/50601"}],"wp:attachment":[{"href":"https:\/\/radiorevelacionfm.cl\/index.php?rest_route=%2Fwp%2Fv2%2Fmedia&parent=50600"}],"wp:term":[{"taxonomy":"category","embeddable":true,"href":"https:\/\/radiorevelacionfm.cl\/index.php?rest_route=%2Fwp%2Fv2%2Fcategories&post=50600"},{"taxonomy":"post_tag","embeddable":true,"href":"https:\/\/radiorevelacionfm.cl\/index.php?rest_route=%2Fwp%2Fv2%2Ftags&post=50600"}],"curies":[{"name":"wp","href":"https:\/\/api.w.org\/{rel}","templated":true}]}}