{"id":50594,"date":"2025-02-14T11:16:33","date_gmt":"2025-02-14T14:16:33","guid":{"rendered":"https:\/\/radiorevelacionfm.cl\/?p=50594"},"modified":"2025-02-14T11:16:33","modified_gmt":"2025-02-14T14:16:33","slug":"en-el-dia-mundial-de-la-energia-destacan-la-importancia-de-su-uso-eficiente","status":"publish","type":"post","link":"https:\/\/radiorevelacionfm.cl\/?p=50594","title":{"rendered":"En el D\u00eda Mundial de la Energ\u00eda destacan la importancia de su uso eficiente"},"content":{"rendered":"<div class=\"flex_column av_one_full  flex_column_div av-zero-column-padding first  avia-builder-el-0  el_before_av_one_full  avia-builder-el-first  \" style='border-radius:0px; '><div  class='avia-image-container  av-styling-    avia-builder-el-1  avia-builder-el-no-sibling  avia-align-center '  itemprop=\"image\" itemscope=\"itemscope\" itemtype=\"https:\/\/schema.org\/ImageObject\"  ><div class='avia-image-container-inner'><div class='avia-image-overlay-wrap'><img decoding=\"async\" class='wp-image-50595 avia-img-lazy-loading-not-50595 avia_image' src=\"https:\/\/radiorevelacionfm.cl\/wp-content\/uploads\/2025\/02\/dia-de-la-energia-1_optimized.jpeg\" alt='' title='dia-de-la-energ\u00eda-(1)_optimized' height=\"600\" width=\"978\"  itemprop=\"thumbnailUrl\" srcset=\"https:\/\/radiorevelacionfm.cl\/wp-content\/uploads\/2025\/02\/dia-de-la-energia-1_optimized.jpeg 978w, https:\/\/radiorevelacionfm.cl\/wp-content\/uploads\/2025\/02\/dia-de-la-energia-1_optimized-300x184.jpeg 300w, https:\/\/radiorevelacionfm.cl\/wp-content\/uploads\/2025\/02\/dia-de-la-energia-1_optimized-768x471.jpeg 768w, https:\/\/radiorevelacionfm.cl\/wp-content\/uploads\/2025\/02\/dia-de-la-energia-1_optimized-705x433.jpeg 705w, https:\/\/radiorevelacionfm.cl\/wp-content\/uploads\/2025\/02\/dia-de-la-energia-1_optimized-450x276.jpeg 450w, https:\/\/radiorevelacionfm.cl\/wp-content\/uploads\/2025\/02\/dia-de-la-energia-1_optimized-600x368.jpeg 600w\" sizes=\"(max-width: 978px) 100vw, 978px\" \/><\/div><\/div><\/div><\/div><div class=\"flex_column av_one_full  flex_column_div av-zero-column-padding first  avia-builder-el-2  el_after_av_one_full  el_before_av_one_full  column-top-margin\" style='border-radius:0px; '><section class=\"av_textblock_section \"  itemscope=\"itemscope\" itemtype=\"https:\/\/schema.org\/BlogPosting\" itemprop=\"blogPost\" ><div class='avia_textblock  '   itemprop=\"text\" ><p style=\"text-align: center;\"><strong><span style=\"font-size: 18pt;\">En el D\u00eda Mundial de la Energ\u00eda destacan la importancia de su uso eficiente<\/span><\/strong><\/p>\n<div id=\"gtx-trans\" style=\"position: absolute; left: -50px; top: 4.31534px;\">\n<div class=\"gtx-trans-icon\"><\/div>\n<\/div>\n<\/div><\/section><\/div><div class=\"flex_column av_one_full  flex_column_div av-zero-column-padding first  avia-builder-el-4  el_after_av_one_full  el_before_av_hr  column-top-margin\" style='border-radius:0px; '><section class=\"av_textblock_section \"  itemscope=\"itemscope\" itemtype=\"https:\/\/schema.org\/BlogPosting\" itemprop=\"blogPost\" ><div class='avia_textblock  '   itemprop=\"text\" ><p style=\"text-align: justify;\">En el marco del D\u00eda Mundial de la Energ\u00eda, que se conmemora cada 14 de febrero y que fue instaurado por la Organizaci\u00f3n de las Naciones Unidas (ONU) en 1949, Edelaysen entrega una serie de recomendaciones para fomentar el uso eficiente de la energ\u00eda, buscando concientizar sobre la importancia de su consumo responsable en la vida diaria.<\/p>\n<p style=\"text-align: justify;\">Desde la distribuidora destacaron que la energ\u00eda es fundamental para el desarrollo de las actividades cotidianas, y que peque\u00f1os detalles en su uso marcan una gran diferencia. Al respecto, Manuel Subiabre, ejecutivo de Edelaysen explic\u00f3 que \u201cla eficiencia energ\u00e9tica no solo contribuye al cuidado del medioambiente, sino que tambi\u00e9n permite reducir el gasto en el hogar y avanzar hacia una mayor sostenibilidad energ\u00e9tica. Es importante conocer el consumo de nuestros artefactos el\u00e9ctricos y optar por aquellos que cuenten con el sello de la SEC y la informaci\u00f3n de eficiencia energ\u00e9tica visible, fomentando as\u00ed un uso responsable y sustentable de la energ\u00eda\u201d.<\/p>\n<p style=\"text-align: justify;\">Algunas de las recomendaciones de Edelaysen para este verano son: abrir las cortinas y aprovechar la luz natural; cuando necesite prender la luz preferir las ampolletas Led lo que generan ahorro de hasta el 80% de energ\u00eda; si tiene aire acondicionado recuerde que mientras m\u00e1s baja sea la temperatura m\u00e1s energ\u00eda se utilizar\u00e1; si tiene secadora darle un descanso y aprovechar el calor del sol para secar la ropa; y desconectar los artefactos electr\u00f3nicos cuando no los est\u00e9 ocupando o salga de vacaciones.<\/p>\n<p style=\"text-align: justify;\">Asimismo, otras acciones para hacer un uso eficiente de la energ\u00eda en el hogar son: desenchufar televisores, radios y cargadores para evitar el llamado \u201cconsumo vampiro\u201d; abrir la puerta del refrigerador solo cuando sea necesario para mantener su eficiencia; usar la lavadora con carga completa; planchar la mayor cantidad de ropa en una sola sesi\u00f3n; y hervir agua en el hervidor el\u00e9ctrico para luego almacenarla en un termo, conservando as\u00ed su temperatura por m\u00e1s tiempo.<\/p>\n<p style=\"text-align: justify;\">Para m\u00e1s detalles de consumo y consejos de eficiencia energ\u00e9tica pueden consultar en el siguiente enlace:\u00a0<a href=\"https:\/\/nam10.safelinks.protection.outlook.com\/?url=https%3A%2F%2Fweb.gruposaesa.cl%2Fweb%2Fsaesa%2Fconsumo-aparatos-electronicos&amp;data=05%7C02%7Cmaria.marchant%40saesa.cl%7C5ce8f0dfe9e341e0c4eb08dd4bab3961%7C136d6ab55b55496f97cb2424247715ed%7C0%7C0%7C638749921006265537%7CUnknown%7CTWFpbGZsb3d8eyJFbXB0eU1hcGkiOnRydWUsIlYiOiIwLjAuMDAwMCIsIlAiOiJXaW4zMiIsIkFOIjoiTWFpbCIsIldUIjoyfQ%3D%3D%7C0%7C%7C%7C&amp;sdata=%2BDEjhZoTBmWSoTVYzxkfpZMiRroGn4IiP1cAZi6iM9o%3D&amp;reserved=0\">https:\/\/web.gruposaesa.cl\/web\/saesa\/consumo-aparatos-electronicos<\/a><\/p>\n<p style=\"text-align: justify;\"><strong>\u00a0<\/strong><\/p>\n<\/div><\/section><\/div><div  style='height:50px' class='hr hr-invisible   avia-builder-el-6  el_after_av_one_full  el_before_av_social_share '><span class='hr-inner ' ><span class='hr-inner-style'><\/span><\/span><\/div><\/p>\n<div  class='av-social-sharing-box  avia-builder-el-7  el_after_av_hr  el_before_av_hr  '><div class='av-share-box'><h5 class='av-share-link-description av-no-toc '>Compartir esta noticia<\/h5><ul class='av-share-box-list noLightbox'><li class='av-share-link av-social-link-facebook' ><a target=\"_blank\" aria-label=\"Compartir en Facebook\" href='https:\/\/www.facebook.com\/sharer.php?u=https:\/\/radiorevelacionfm.cl\/?p=50594&#038;t=En%20el%20D%C3%ADa%20Mundial%20de%20la%20Energ%C3%ADa%20destacan%20la%20importancia%20de%20su%20uso%20eficiente' aria-hidden='false' data-av_icon='\ue8f3' data-av_iconfont='entypo-fontello' title='' data-avia-related-tooltip='Compartir en Facebook' rel=\"noopener\"><span class='avia_hidden_link_text'>Compartir en Facebook<\/span><\/a><\/li><li class='av-share-link av-social-link-twitter' ><a target=\"_blank\" aria-label=\"Compartir en Twitter\" href='https:\/\/twitter.com\/share?text=En%20el%20D%C3%ADa%20Mundial%20de%20la%20Energ%C3%ADa%20destacan%20la%20importancia%20de%20su%20uso%20eficiente&#038;url=https:\/\/radiorevelacionfm.cl\/?p=50594' aria-hidden='false' data-av_icon='\ue8f1' data-av_iconfont='entypo-fontello' title='' data-avia-related-tooltip='Compartir en Twitter' rel=\"noopener\"><span class='avia_hidden_link_text'>Compartir en Twitter<\/span><\/a><\/li><li class='av-share-link av-social-link-whatsapp' ><a target=\"_blank\" aria-label=\"Compartir en Whatsapp\" href='https:\/\/api.whatsapp.com\/send?text=https:\/\/radiorevelacionfm.cl\/?p=50594' aria-hidden='false' data-av_icon='\uf232' data-av_iconfont='entypo-fontello' title='' data-avia-related-tooltip='Compartir en Whatsapp' rel=\"noopener\"><span class='avia_hidden_link_text'>Compartir en Whatsapp<\/span><\/a><\/li><li class='av-share-link av-social-link-linkedin' ><a target=\"_blank\" aria-label=\"Compartir en LinkedIn\" href='https:\/\/linkedin.com\/shareArticle?mini=true&#038;title=En%20el%20D%C3%ADa%20Mundial%20de%20la%20Energ%C3%ADa%20destacan%20la%20importancia%20de%20su%20uso%20eficiente&#038;url=https:\/\/radiorevelacionfm.cl\/?p=50594' aria-hidden='false' data-av_icon='\ue8fc' data-av_iconfont='entypo-fontello' title='' data-avia-related-tooltip='Compartir en LinkedIn' rel=\"noopener\"><span class='avia_hidden_link_text'>Compartir en LinkedIn<\/span><\/a><\/li><li class='av-share-link av-social-link-mail' ><a  aria-label=\"Compartir por correo\" href='mailto:?subject=En%20el%20D%C3%ADa%20Mundial%20de%20la%20Energ%C3%ADa%20destacan%20la%20importancia%20de%20su%20uso%20eficiente&#038;body=https:\/\/radiorevelacionfm.cl\/?p=50594' aria-hidden='false' data-av_icon='\ue805' data-av_iconfont='entypo-fontello' title='' data-avia-related-tooltip='Compartir por correo'><span class='avia_hidden_link_text'>Compartir por correo<\/span><\/a><\/li><\/ul><\/div><\/div>\n<div  style='height:50px' class='hr hr-invisible   avia-builder-el-8  el_after_av_social_share  el_before_av_comments_list '><span class='hr-inner ' ><span class='hr-inner-style'><\/span><\/span><\/div>\n<div  class='av-buildercomment  av-blog-meta-html-info-disabled av-blog-meta-tag-disabled  '><\/div>\n","protected":false},"excerpt":{"rendered":"","protected":false},"author":1,"featured_media":50595,"comment_status":"open","ping_status":"open","sticky":false,"template":"","format":"standard","meta":{"footnotes":""},"categories":[38],"tags":[],"class_list":["post-50594","post","type-post","status-publish","format-standard","has-post-thumbnail","hentry","category-regional"],"jetpack_featured_media_url":"https:\/\/radiorevelacionfm.cl\/wp-content\/uploads\/2025\/02\/dia-de-la-energia-1_optimized.jpeg","_links":{"self":[{"href":"https:\/\/radiorevelacionfm.cl\/index.php?rest_route=\/wp\/v2\/posts\/50594","targetHints":{"allow":["GET"]}}],"collection":[{"href":"https:\/\/radiorevelacionfm.cl\/index.php?rest_route=\/wp\/v2\/posts"}],"about":[{"href":"https:\/\/radiorevelacionfm.cl\/index.php?rest_route=\/wp\/v2\/types\/post"}],"author":[{"embeddable":true,"href":"https:\/\/radiorevelacionfm.cl\/index.php?rest_route=\/wp\/v2\/users\/1"}],"replies":[{"embeddable":true,"href":"https:\/\/radiorevelacionfm.cl\/index.php?rest_route=%2Fwp%2Fv2%2Fcomments&post=50594"}],"version-history":[{"count":1,"href":"https:\/\/radiorevelacionfm.cl\/index.php?rest_route=\/wp\/v2\/posts\/50594\/revisions"}],"predecessor-version":[{"id":50596,"href":"https:\/\/radiorevelacionfm.cl\/index.php?rest_route=\/wp\/v2\/posts\/50594\/revisions\/50596"}],"wp:featuredmedia":[{"embeddable":true,"href":"https:\/\/radiorevelacionfm.cl\/index.php?rest_route=\/wp\/v2\/media\/50595"}],"wp:attachment":[{"href":"https:\/\/radiorevelacionfm.cl\/index.php?rest_route=%2Fwp%2Fv2%2Fmedia&parent=50594"}],"wp:term":[{"taxonomy":"category","embeddable":true,"href":"https:\/\/radiorevelacionfm.cl\/index.php?rest_route=%2Fwp%2Fv2%2Fcategories&post=50594"},{"taxonomy":"post_tag","embeddable":true,"href":"https:\/\/radiorevelacionfm.cl\/index.php?rest_route=%2Fwp%2Fv2%2Ftags&post=50594"}],"curies":[{"name":"wp","href":"https:\/\/api.w.org\/{rel}","templated":true}]}}