{"id":50591,"date":"2025-02-14T15:35:08","date_gmt":"2025-02-14T18:35:08","guid":{"rendered":"https:\/\/radiorevelacionfm.cl\/?p=50591"},"modified":"2025-02-14T15:35:08","modified_gmt":"2025-02-14T18:35:08","slug":"seremi-de-agricultura-lidera-mesa-tecnica-preventiva-para-la-temporada-invernal-en-aysen","status":"publish","type":"post","link":"https:\/\/radiorevelacionfm.cl\/?p=50591","title":{"rendered":"Seremi de Agricultura lidera mesa t\u00e9cnica preventiva para la temporada invernal en Ays\u00e9n"},"content":{"rendered":"<div class=\"flex_column av_one_full  flex_column_div av-zero-column-padding first  avia-builder-el-0  el_before_av_one_full  avia-builder-el-first  \" style='border-radius:0px; '><div  class='avia-image-container  av-styling-    avia-builder-el-1  avia-builder-el-no-sibling  avia-align-center '  itemprop=\"image\" itemscope=\"itemscope\" itemtype=\"https:\/\/schema.org\/ImageObject\"  ><div class='avia-image-container-inner'><div class='avia-image-overlay-wrap'><img decoding=\"async\" class='wp-image-50592 avia-img-lazy-loading-not-50592 avia_image' src=\"https:\/\/radiorevelacionfm.cl\/wp-content\/uploads\/2025\/02\/image00002-3-1-1.jpeg\" alt='' title='image00002 (3) (1) (1)' height=\"600\" width=\"800\"  itemprop=\"thumbnailUrl\" srcset=\"https:\/\/radiorevelacionfm.cl\/wp-content\/uploads\/2025\/02\/image00002-3-1-1.jpeg 800w, https:\/\/radiorevelacionfm.cl\/wp-content\/uploads\/2025\/02\/image00002-3-1-1-300x225.jpeg 300w, https:\/\/radiorevelacionfm.cl\/wp-content\/uploads\/2025\/02\/image00002-3-1-1-768x576.jpeg 768w, https:\/\/radiorevelacionfm.cl\/wp-content\/uploads\/2025\/02\/image00002-3-1-1-705x529.jpeg 705w, https:\/\/radiorevelacionfm.cl\/wp-content\/uploads\/2025\/02\/image00002-3-1-1-450x338.jpeg 450w, https:\/\/radiorevelacionfm.cl\/wp-content\/uploads\/2025\/02\/image00002-3-1-1-600x450.jpeg 600w\" sizes=\"(max-width: 800px) 100vw, 800px\" \/><\/div><\/div><\/div><\/div><div class=\"flex_column av_one_full  flex_column_div av-zero-column-padding first  avia-builder-el-2  el_after_av_one_full  el_before_av_one_full  column-top-margin\" style='border-radius:0px; '><section class=\"av_textblock_section \"  itemscope=\"itemscope\" itemtype=\"https:\/\/schema.org\/BlogPosting\" itemprop=\"blogPost\" ><div class='avia_textblock  '   itemprop=\"text\" ><p style=\"text-align: center;\"><span style=\"font-size: 18pt;\"><b>Seremi de Agricultura lidera mesa t\u00e9cnica preventiva para la temporada invernal en Ays\u00e9n<\/b><\/span><\/p>\n<div id=\"gtx-trans\" style=\"position: absolute; left: -50px; top: 4.31534px;\">\n<div class=\"gtx-trans-icon\"><\/div>\n<\/div>\n<\/div><\/section><\/div><div class=\"flex_column av_one_full  flex_column_div av-zero-column-padding first  avia-builder-el-4  el_after_av_one_full  el_before_av_hr  column-top-margin\" style='border-radius:0px; '><section class=\"av_textblock_section \"  itemscope=\"itemscope\" itemtype=\"https:\/\/schema.org\/BlogPosting\" itemprop=\"blogPost\" ><div class='avia_textblock  '   itemprop=\"text\" ><p style=\"text-align: justify;\">El seremi de Agricultura de Ays\u00e9n, Eugenio Ruiz Espinoza, encabez\u00f3 este mi\u00e9rcoles 12 de febrero una nueva sesi\u00f3n de la Comisi\u00f3n Asesora de Gesti\u00f3n Integral de Riesgos (CARGIR), con el objetivo de establecer y anticipar coordinaciones para enfrentar la temporada de invierno 2025.<\/p>\n<p style=\"text-align: justify;\">Durante el encuentro particip\u00f3 el director regional de Senapred, Sidi Bravo; las directoras de Inia Tamel Aike e Indap Ays\u00e9n, Camila Reyes y Yessica Lagos, y los directores de SAG Ays\u00e9n y Conaf Ays\u00e9n, Julio Cerda y Ronald Valenzuela, quienes intervinieron respecto al an\u00e1lisis t\u00e9cnico para diagnosticar la situaci\u00f3n h\u00eddrica en materia agr\u00edcola que tiene actualmente la regi\u00f3n.<\/p>\n<p style=\"text-align: justify;\">En palabras del seremi, \u00abdurante todo el a\u00f1o el Agro se mantiene ocupado de monitorear las condiciones meteorol\u00f3gicas que puedan presentar alertas y mantenemos un constante di\u00e1logo en terreno con las y los productores para indicar las medidas de prevenci\u00f3n que les permita prepararse para recibir la temporada de invierno de la mejor manera posible. Este objetivo siempre debe considerar el cuidado de cada campesina y campesino. Desde nuestra Secretar\u00eda Regional estamos apoyando a las y los productores con instrumentos de fomento como el programa Suelos Ays\u00e9n, el cual tiene concurso p\u00fablico abierto hasta el 17 de febrero\u00bb.<\/p>\n<p style=\"text-align: justify;\">\u00abEs muy favorable considerar que respecto a la temporada en curso, noviembre y febrero fueron buenos meses con lluvias que permitieron generar un positivo crecimiento vegetativo en las praderas, por lo que actualmente los datos agroclim\u00e1ticos indican que no se debiese prolongar una situaci\u00f3n de emergencia por d\u00e9ficit h\u00eddrico, dado que la actual declaraci\u00f3n del Ministerio de Agricultura posee una vigencia hasta el 31 de marzo del presente a\u00f1o\u00bb, finaliz\u00f3 Ruiz.<\/p>\n<p style=\"text-align: justify;\">La instancia permiti\u00f3 dar cuenta de un an\u00e1lisis respecto al d\u00e9ficit h\u00eddrico, cosecha de forraje durante la temporada estival e \u00edndices de vegetaci\u00f3n, identificando las comunas que poseen \u00edndices positivos, como tambi\u00e9n aquellas que requieren seguimiento.<\/p>\n<p style=\"text-align: justify;\">Por su parte, la directora de INIA Tamel Aike, Camila Reyes, agreg\u00f3 que \u00abla reuni\u00f3n nos ha permitido ir analizando el informe agroclim\u00e1tico que entrega INIA de manera mensual, el cual ha sido solicitado por la Comisi\u00f3n, y nos permite ir viendo c\u00f3mo viene la temporada agropecuaria para nuestro territorio. Pudimos analizar datos de precipitaci\u00f3n, de \u00edndices de condici\u00f3n de vegetaci\u00f3n y tambi\u00e9n de temperaturas que nos permiten ir viendo c\u00f3mo es la temporada actual y esta pudiese impactar en las y los productores\u00bb.<\/p>\n<p style=\"text-align: justify;\">Adicionalmente, durante el encuentro se logr\u00f3 dar cuenta del balance de incendios forestales registrados a la fecha en la regi\u00f3n que han afectado bosques y pastizales, adem\u00e1s de operativos en relaci\u00f3n con personas extraviadas en Parques Nacionales, entre otras materias de coordinaci\u00f3n.<\/p>\n<p style=\"text-align: justify;\">Es preciso mencionar que dichos informes agroclim\u00e1ticos que se realizan mensualmente y a nivel nacional, est\u00e1n trasparentados p\u00fablicamente en\u00a0<a href=\"http:\/\/riesgoclimatico.inia.cl\/\">riesgoclimatico.inia.cl<\/a><\/p>\n<\/div><\/section><\/div><div  style='height:50px' class='hr hr-invisible   avia-builder-el-6  el_after_av_one_full  el_before_av_social_share '><span class='hr-inner ' ><span class='hr-inner-style'><\/span><\/span><\/div><\/p>\n<div  class='av-social-sharing-box  avia-builder-el-7  el_after_av_hr  el_before_av_hr  '><div class='av-share-box'><h5 class='av-share-link-description av-no-toc '>Compartir esta noticia<\/h5><ul class='av-share-box-list noLightbox'><li class='av-share-link av-social-link-facebook' ><a target=\"_blank\" aria-label=\"Compartir en Facebook\" href='https:\/\/www.facebook.com\/sharer.php?u=https:\/\/radiorevelacionfm.cl\/?p=50591&#038;t=Seremi%20de%20Agricultura%20lidera%20mesa%20t%C3%A9cnica%20preventiva%20para%20la%20temporada%20invernal%20en%20Ays%C3%A9n' aria-hidden='false' data-av_icon='\ue8f3' data-av_iconfont='entypo-fontello' title='' data-avia-related-tooltip='Compartir en Facebook' rel=\"noopener\"><span class='avia_hidden_link_text'>Compartir en Facebook<\/span><\/a><\/li><li class='av-share-link av-social-link-twitter' ><a target=\"_blank\" aria-label=\"Compartir en Twitter\" href='https:\/\/twitter.com\/share?text=Seremi%20de%20Agricultura%20lidera%20mesa%20t%C3%A9cnica%20preventiva%20para%20la%20temporada%20invernal%20en%20Ays%C3%A9n&#038;url=https:\/\/radiorevelacionfm.cl\/?p=50591' aria-hidden='false' data-av_icon='\ue8f1' data-av_iconfont='entypo-fontello' title='' data-avia-related-tooltip='Compartir en Twitter' rel=\"noopener\"><span class='avia_hidden_link_text'>Compartir en Twitter<\/span><\/a><\/li><li class='av-share-link av-social-link-whatsapp' ><a target=\"_blank\" aria-label=\"Compartir en Whatsapp\" href='https:\/\/api.whatsapp.com\/send?text=https:\/\/radiorevelacionfm.cl\/?p=50591' aria-hidden='false' data-av_icon='\uf232' data-av_iconfont='entypo-fontello' title='' data-avia-related-tooltip='Compartir en Whatsapp' rel=\"noopener\"><span class='avia_hidden_link_text'>Compartir en Whatsapp<\/span><\/a><\/li><li class='av-share-link av-social-link-linkedin' ><a target=\"_blank\" aria-label=\"Compartir en LinkedIn\" href='https:\/\/linkedin.com\/shareArticle?mini=true&#038;title=Seremi%20de%20Agricultura%20lidera%20mesa%20t%C3%A9cnica%20preventiva%20para%20la%20temporada%20invernal%20en%20Ays%C3%A9n&#038;url=https:\/\/radiorevelacionfm.cl\/?p=50591' aria-hidden='false' data-av_icon='\ue8fc' data-av_iconfont='entypo-fontello' title='' data-avia-related-tooltip='Compartir en LinkedIn' rel=\"noopener\"><span class='avia_hidden_link_text'>Compartir en LinkedIn<\/span><\/a><\/li><li class='av-share-link av-social-link-mail' ><a  aria-label=\"Compartir por correo\" href='mailto:?subject=Seremi%20de%20Agricultura%20lidera%20mesa%20t%C3%A9cnica%20preventiva%20para%20la%20temporada%20invernal%20en%20Ays%C3%A9n&#038;body=https:\/\/radiorevelacionfm.cl\/?p=50591' aria-hidden='false' data-av_icon='\ue805' data-av_iconfont='entypo-fontello' title='' data-avia-related-tooltip='Compartir por correo'><span class='avia_hidden_link_text'>Compartir por correo<\/span><\/a><\/li><\/ul><\/div><\/div>\n<div  style='height:50px' class='hr hr-invisible   avia-builder-el-8  el_after_av_social_share  el_before_av_comments_list '><span class='hr-inner ' ><span class='hr-inner-style'><\/span><\/span><\/div>\n<div  class='av-buildercomment  av-blog-meta-html-info-disabled av-blog-meta-tag-disabled  '><\/div>\n","protected":false},"excerpt":{"rendered":"","protected":false},"author":1,"featured_media":50592,"comment_status":"open","ping_status":"open","sticky":false,"template":"","format":"standard","meta":{"footnotes":""},"categories":[58],"tags":[],"class_list":["post-50591","post","type-post","status-publish","format-standard","has-post-thumbnail","hentry","category-agricultura"],"jetpack_featured_media_url":"https:\/\/radiorevelacionfm.cl\/wp-content\/uploads\/2025\/02\/image00002-3-1-1.jpeg","_links":{"self":[{"href":"https:\/\/radiorevelacionfm.cl\/index.php?rest_route=\/wp\/v2\/posts\/50591","targetHints":{"allow":["GET"]}}],"collection":[{"href":"https:\/\/radiorevelacionfm.cl\/index.php?rest_route=\/wp\/v2\/posts"}],"about":[{"href":"https:\/\/radiorevelacionfm.cl\/index.php?rest_route=\/wp\/v2\/types\/post"}],"author":[{"embeddable":true,"href":"https:\/\/radiorevelacionfm.cl\/index.php?rest_route=\/wp\/v2\/users\/1"}],"replies":[{"embeddable":true,"href":"https:\/\/radiorevelacionfm.cl\/index.php?rest_route=%2Fwp%2Fv2%2Fcomments&post=50591"}],"version-history":[{"count":1,"href":"https:\/\/radiorevelacionfm.cl\/index.php?rest_route=\/wp\/v2\/posts\/50591\/revisions"}],"predecessor-version":[{"id":50593,"href":"https:\/\/radiorevelacionfm.cl\/index.php?rest_route=\/wp\/v2\/posts\/50591\/revisions\/50593"}],"wp:featuredmedia":[{"embeddable":true,"href":"https:\/\/radiorevelacionfm.cl\/index.php?rest_route=\/wp\/v2\/media\/50592"}],"wp:attachment":[{"href":"https:\/\/radiorevelacionfm.cl\/index.php?rest_route=%2Fwp%2Fv2%2Fmedia&parent=50591"}],"wp:term":[{"taxonomy":"category","embeddable":true,"href":"https:\/\/radiorevelacionfm.cl\/index.php?rest_route=%2Fwp%2Fv2%2Fcategories&post=50591"},{"taxonomy":"post_tag","embeddable":true,"href":"https:\/\/radiorevelacionfm.cl\/index.php?rest_route=%2Fwp%2Fv2%2Ftags&post=50591"}],"curies":[{"name":"wp","href":"https:\/\/api.w.org\/{rel}","templated":true}]}}