{"id":50588,"date":"2025-02-14T12:39:32","date_gmt":"2025-02-14T15:39:32","guid":{"rendered":"https:\/\/radiorevelacionfm.cl\/?p=50588"},"modified":"2025-02-14T12:39:32","modified_gmt":"2025-02-14T15:39:32","slug":"aysen-revelado-regresa-a-argentina-con-taller-de-fotografia-analoga-patrimonial","status":"publish","type":"post","link":"https:\/\/radiorevelacionfm.cl\/?p=50588","title":{"rendered":"Ays\u00e9n Revelado regresa a Argentina con Taller de Fotograf\u00eda An\u00e1loga Patrimonial"},"content":{"rendered":"<div class=\"flex_column av_one_full  flex_column_div av-zero-column-padding first  avia-builder-el-0  el_before_av_one_full  avia-builder-el-first  \" style='border-radius:0px; '><div  class='avia-image-container  av-styling-    avia-builder-el-1  avia-builder-el-no-sibling  avia-align-center '  itemprop=\"image\" itemscope=\"itemscope\" itemtype=\"https:\/\/schema.org\/ImageObject\"  ><div class='avia-image-container-inner'><div class='avia-image-overlay-wrap'><img decoding=\"async\" class='wp-image-50589 avia-img-lazy-loading-not-50589 avia_image' src=\"https:\/\/radiorevelacionfm.cl\/wp-content\/uploads\/2025\/02\/afiche-revela-patrimonio-1_optimized-1.jpeg\" alt='' title='afiche-revela-patrimonio-(1)_optimized (1)' height=\"1000\" width=\"804\"  itemprop=\"thumbnailUrl\" srcset=\"https:\/\/radiorevelacionfm.cl\/wp-content\/uploads\/2025\/02\/afiche-revela-patrimonio-1_optimized-1.jpeg 804w, https:\/\/radiorevelacionfm.cl\/wp-content\/uploads\/2025\/02\/afiche-revela-patrimonio-1_optimized-1-241x300.jpeg 241w, https:\/\/radiorevelacionfm.cl\/wp-content\/uploads\/2025\/02\/afiche-revela-patrimonio-1_optimized-1-768x955.jpeg 768w, https:\/\/radiorevelacionfm.cl\/wp-content\/uploads\/2025\/02\/afiche-revela-patrimonio-1_optimized-1-567x705.jpeg 567w, https:\/\/radiorevelacionfm.cl\/wp-content\/uploads\/2025\/02\/afiche-revela-patrimonio-1_optimized-1-450x560.jpeg 450w, https:\/\/radiorevelacionfm.cl\/wp-content\/uploads\/2025\/02\/afiche-revela-patrimonio-1_optimized-1-600x746.jpeg 600w\" sizes=\"(max-width: 804px) 100vw, 804px\" \/><\/div><\/div><\/div><\/div><div class=\"flex_column av_one_full  flex_column_div av-zero-column-padding first  avia-builder-el-2  el_after_av_one_full  el_before_av_one_full  column-top-margin\" style='border-radius:0px; '><section class=\"av_textblock_section \"  itemscope=\"itemscope\" itemtype=\"https:\/\/schema.org\/BlogPosting\" itemprop=\"blogPost\" ><div class='avia_textblock  '   itemprop=\"text\" ><p style=\"text-align: center;\"><span style=\"font-size: 18pt;\"><b>Ays\u00e9n Revelado regresa a Argentina con Taller de Fotograf\u00eda An\u00e1loga Patrimonial<\/b><\/span><\/p>\n<div id=\"gtx-trans\" style=\"position: absolute; left: -50px; top: 4.31534px;\">\n<div class=\"gtx-trans-icon\"><\/div>\n<\/div>\n<\/div><\/section><\/div><div class=\"flex_column av_one_full  flex_column_div av-zero-column-padding first  avia-builder-el-4  el_after_av_one_full  el_before_av_hr  column-top-margin\" style='border-radius:0px; '><section class=\"av_textblock_section \"  itemscope=\"itemscope\" itemtype=\"https:\/\/schema.org\/BlogPosting\" itemprop=\"blogPost\" ><div class='avia_textblock  '   itemprop=\"text\" ><p style=\"text-align: justify;\"><em>Por segunda vez en 6 meses, el Colectivo Austral de Fotograf\u00eda An\u00e1loga Ays\u00e9n Revelado trasladar\u00e1 su laboratorio desde el pasaje 8 de Ogana a la costa atl\u00e1ntica para dictar un taller in\u00e9dito en la Patagonia.<\/em><\/p>\n<p style=\"text-align: justify;\">El taller \u201cRevela tu patrimonio en Comodoro Rivadavia\u00bb invita a ni\u00f1os, ni\u00f1as, adolescentes y personas mayores a sumergirse durante 3 d\u00edas, primero en el patrimonio de la ciudad chubutense que cumple 124 a\u00f1os, y despu\u00e9s en el laboratorio de Ays\u00e9n Revelado que por segunda vez visita Argentina.<\/p>\n<p style=\"text-align: justify;\">El periodista Rodrigo Campusano, Fot\u00f3grafo an\u00e1logo y fundador de Ays\u00e9n revelado, cuenta que \u201cfuimos invitado por la Secretar\u00eda de cultura de la ciudad. Titular, Liliana Peralta, conoce nuestro trabajo porque dictamos un laboratorio durante el festival de cortometrajes corto rodado, fines de octubre pasado. Estamos felices de volver, con un taller distinto, intergeneracional, que invita a conversar, sobre todo a apasionarse con la FOTOGRAF\u00cdA an\u00e1loga a trav\u00e9s de la historia de la ciudad y sus monumentos\u201d.<\/p>\n<p style=\"text-align: justify;\">Revela tu patrimonio en Comodoro Rivadavia consta de tres jornadas: una pincelada de teor\u00eda fotogr\u00e1fica, pensada para no aburrir a los m\u00e1s peque\u00f1os; una jornada de revelado de pel\u00edcula en que hacen los participantes podr\u00e1n, adem\u00e1s de ver el m\u00e1gico resultado, comenzar a imaginar la muestra con la que Ays\u00e9n Revelado, como ya es costumbre, cerrar\u00e1 esta experiencia fotogr\u00e1fica. El tercer d\u00eda, todos y todas los participantes ingresan al laboratorio de Ays\u00e9n revelado en el cual copiar\u00e1n artesanalmente las fotograf\u00edas que ser\u00e1n expuestas en el centro cultural de Comodoro Rivadavia, como parte de la agenda del aniversario del puerto argentino, distante a unos 437 kil\u00f3metros de Coyhaique.<\/p>\n<p style=\"text-align: justify;\">\u201cVolver a cruzar la pampa no es gratis, es parte de un esfuerzo que hacemos como equipo con el productor Arturo Sol\u00eds, en cuya casa, la de pasaje medios, ha cobijado a nuestro colectivo con compromiso y dedicaci\u00f3n durante ya dos a\u00f1os. Y ahora nos acompa\u00f1a en la producci\u00f3n y cobertura. Y quiero mencionar a Humberto Riveros, de Pira\u00f1a Cor quien nos auspici\u00f3, de verdad, desinteresadamente\u201d.<\/p>\n<p style=\"text-align: justify;\">Durante 2025, Ays\u00e9n Revelado est\u00e1 buscando nuevos estudiantes que quieran participar en las experiencias colectivas que viene desarrollando desde 2020, Para m\u00e1s informaci\u00f3n, escribe a\u00a0<a href=\"mailto:aysenrevelado@gmail.com\" target=\"_blank\" rel=\"noopener\">aysenrevelado@gmail.com<\/a>\u00a0o en las redes sociales del colectivo.<\/p>\n<\/div><\/section><\/div><div  style='height:50px' class='hr hr-invisible   avia-builder-el-6  el_after_av_one_full  el_before_av_social_share '><span class='hr-inner ' ><span class='hr-inner-style'><\/span><\/span><\/div><\/p>\n<div  class='av-social-sharing-box  avia-builder-el-7  el_after_av_hr  el_before_av_hr  '><div class='av-share-box'><h5 class='av-share-link-description av-no-toc '>Compartir esta noticia<\/h5><ul class='av-share-box-list noLightbox'><li class='av-share-link av-social-link-facebook' ><a target=\"_blank\" aria-label=\"Compartir en Facebook\" href='https:\/\/www.facebook.com\/sharer.php?u=https:\/\/radiorevelacionfm.cl\/?p=50588&#038;t=Ays%C3%A9n%20Revelado%20regresa%20a%20Argentina%20con%20Taller%20de%20Fotograf%C3%ADa%20An%C3%A1loga%20Patrimonial' aria-hidden='false' data-av_icon='\ue8f3' data-av_iconfont='entypo-fontello' title='' data-avia-related-tooltip='Compartir en Facebook' rel=\"noopener\"><span class='avia_hidden_link_text'>Compartir en Facebook<\/span><\/a><\/li><li class='av-share-link av-social-link-twitter' ><a target=\"_blank\" aria-label=\"Compartir en Twitter\" href='https:\/\/twitter.com\/share?text=Ays%C3%A9n%20Revelado%20regresa%20a%20Argentina%20con%20Taller%20de%20Fotograf%C3%ADa%20An%C3%A1loga%20Patrimonial&#038;url=https:\/\/radiorevelacionfm.cl\/?p=50588' aria-hidden='false' data-av_icon='\ue8f1' data-av_iconfont='entypo-fontello' title='' data-avia-related-tooltip='Compartir en Twitter' rel=\"noopener\"><span class='avia_hidden_link_text'>Compartir en Twitter<\/span><\/a><\/li><li class='av-share-link av-social-link-whatsapp' ><a target=\"_blank\" aria-label=\"Compartir en Whatsapp\" href='https:\/\/api.whatsapp.com\/send?text=https:\/\/radiorevelacionfm.cl\/?p=50588' aria-hidden='false' data-av_icon='\uf232' data-av_iconfont='entypo-fontello' title='' data-avia-related-tooltip='Compartir en Whatsapp' rel=\"noopener\"><span class='avia_hidden_link_text'>Compartir en Whatsapp<\/span><\/a><\/li><li class='av-share-link av-social-link-linkedin' ><a target=\"_blank\" aria-label=\"Compartir en LinkedIn\" href='https:\/\/linkedin.com\/shareArticle?mini=true&#038;title=Ays%C3%A9n%20Revelado%20regresa%20a%20Argentina%20con%20Taller%20de%20Fotograf%C3%ADa%20An%C3%A1loga%20Patrimonial&#038;url=https:\/\/radiorevelacionfm.cl\/?p=50588' aria-hidden='false' data-av_icon='\ue8fc' data-av_iconfont='entypo-fontello' title='' data-avia-related-tooltip='Compartir en LinkedIn' rel=\"noopener\"><span class='avia_hidden_link_text'>Compartir en LinkedIn<\/span><\/a><\/li><li class='av-share-link av-social-link-mail' ><a  aria-label=\"Compartir por correo\" href='mailto:?subject=Ays%C3%A9n%20Revelado%20regresa%20a%20Argentina%20con%20Taller%20de%20Fotograf%C3%ADa%20An%C3%A1loga%20Patrimonial&#038;body=https:\/\/radiorevelacionfm.cl\/?p=50588' aria-hidden='false' data-av_icon='\ue805' data-av_iconfont='entypo-fontello' title='' data-avia-related-tooltip='Compartir por correo'><span class='avia_hidden_link_text'>Compartir por correo<\/span><\/a><\/li><\/ul><\/div><\/div>\n<div  style='height:50px' class='hr hr-invisible   avia-builder-el-8  el_after_av_social_share  el_before_av_comments_list '><span class='hr-inner ' ><span class='hr-inner-style'><\/span><\/span><\/div>\n<div  class='av-buildercomment  av-blog-meta-html-info-disabled av-blog-meta-tag-disabled  '><\/div>\n","protected":false},"excerpt":{"rendered":"","protected":false},"author":1,"featured_media":50589,"comment_status":"open","ping_status":"open","sticky":false,"template":"","format":"standard","meta":{"footnotes":""},"categories":[38],"tags":[],"class_list":["post-50588","post","type-post","status-publish","format-standard","has-post-thumbnail","hentry","category-regional"],"jetpack_featured_media_url":"https:\/\/radiorevelacionfm.cl\/wp-content\/uploads\/2025\/02\/afiche-revela-patrimonio-1_optimized-1.jpeg","_links":{"self":[{"href":"https:\/\/radiorevelacionfm.cl\/index.php?rest_route=\/wp\/v2\/posts\/50588","targetHints":{"allow":["GET"]}}],"collection":[{"href":"https:\/\/radiorevelacionfm.cl\/index.php?rest_route=\/wp\/v2\/posts"}],"about":[{"href":"https:\/\/radiorevelacionfm.cl\/index.php?rest_route=\/wp\/v2\/types\/post"}],"author":[{"embeddable":true,"href":"https:\/\/radiorevelacionfm.cl\/index.php?rest_route=\/wp\/v2\/users\/1"}],"replies":[{"embeddable":true,"href":"https:\/\/radiorevelacionfm.cl\/index.php?rest_route=%2Fwp%2Fv2%2Fcomments&post=50588"}],"version-history":[{"count":1,"href":"https:\/\/radiorevelacionfm.cl\/index.php?rest_route=\/wp\/v2\/posts\/50588\/revisions"}],"predecessor-version":[{"id":50590,"href":"https:\/\/radiorevelacionfm.cl\/index.php?rest_route=\/wp\/v2\/posts\/50588\/revisions\/50590"}],"wp:featuredmedia":[{"embeddable":true,"href":"https:\/\/radiorevelacionfm.cl\/index.php?rest_route=\/wp\/v2\/media\/50589"}],"wp:attachment":[{"href":"https:\/\/radiorevelacionfm.cl\/index.php?rest_route=%2Fwp%2Fv2%2Fmedia&parent=50588"}],"wp:term":[{"taxonomy":"category","embeddable":true,"href":"https:\/\/radiorevelacionfm.cl\/index.php?rest_route=%2Fwp%2Fv2%2Fcategories&post=50588"},{"taxonomy":"post_tag","embeddable":true,"href":"https:\/\/radiorevelacionfm.cl\/index.php?rest_route=%2Fwp%2Fv2%2Ftags&post=50588"}],"curies":[{"name":"wp","href":"https:\/\/api.w.org\/{rel}","templated":true}]}}